{"id":11783,"date":"2023-02-27T16:47:11","date_gmt":"2023-02-27T14:47:11","guid":{"rendered":"https:\/\/fkzalgiris.lt\/?p=11783"},"modified":"2023-02-27T19:47:50","modified_gmt":"2023-02-27T17:47:50","slug":"o-verbickas-gerai-pasiruoseme-ir-trecias-kartas-nemelavo","status":"publish","type":"post","link":"https:\/\/fkzalgiris.lt\/o-verbickas-gerai-pasiruoseme-ir-trecias-kartas-nemelavo\/","title":{"rendered":"O. Verbickas: \u201eGerai pasiruo\u0161\u0117me ir tre\u010dias kartas nemelavo\u201d"},"content":{"rendered":"<p>Lemiam\u0105 baudin\u012f realizav\u0119s ir geriausiu \u201eOptibet LFF Supertaur\u0117s\u201c rungtyni\u0173 \u017eaid\u0117ju i\u0161rinktas Ovidijus Verbickas teig\u0117, jog nors netr\u016bko jaudulio ir klaid\u0173, svarbiausia i\u0161kovotas trof\u0117jus.<\/p>\n<p>\u201ePirmos rungtyn\u0117se buvo nema\u017eai jaudulio ir broko, daug kas nepavyko, to k\u0105 nor\u0117jome. Bet svarbiausia i\u0161kovojome pergal\u0119, pirm\u0105 trof\u0117j\u0173. Jis bus svarbus tolimesn\u0117ms kovoms, kad \u012fgautume didesn\u012f pasitik\u0117jim\u0105 savimi ir t\u0119sti keli\u0105 pergal\u0117mis, &#8211; sak\u0117 O. Verbickas &#8211; Svarbiausia pergal\u0117, nieks neprisimins \u017eaidimo, ateityje tik prisimins, kad laim\u0117jome Supertaur\u0119. Su treneriu esu \u0161e\u0161tus metus, pas j\u012f niekada prad\u017eia neb\u016bna lengva. Svarbiausia kaip bus vasar\u0105 ir ruden\u012f, nes ruden\u012f bus svarbiausios kovos tiek Europoje, tiek d\u0117l \u010cempion\u0173 titulo. Kaip ir kiekvienais metais komandos arba i\u0161laiko t\u0105 pat\u012f \u017eaidim\u0105 ar krenta \u017eemyn, o mes kylame tik auk\u0161tyn. Svarbiausia kaip bus ruden\u012f.\u201c<\/p>\n<p>Vilnie\u010diai rungtyni\u0173 pabaigoje buvo i\u0161siver\u017e\u0119 \u012f priek\u012f, bet leido var\u017eovams greitai rezultat\u0105 i\u0161lyginti.<\/p>\n<p>\u201ePabaigoje padar\u0117me klaid\u0105, nes jie met\u0117 visas j\u0117gas \u012f baudos aik\u0161tel\u0119, padar\u0117 \u017eaid\u0117j\u0173 persvar\u0105, m\u016bs\u0173 \u017eaid\u0117j\u0173 daugiau tur\u0117jo nusileisti \u012f baudos aik\u0161tel\u0119. Tai m\u016bs\u0173 klaida, treneris j\u0105 parodys, i\u0161analizuosime. Kitose rungtyn\u0117se tikiuosi tai nepasikartos\u201c, &#8211; sak\u0117 O. Verbickas.<\/p>\n<p>Pagrindiniam dvikovos laikui pasibaigus lygiosiomis 1:1 pergal\u0119 \u201e\u017dalgiris\u201c i\u0161kovojo po baudini\u0173 serijos. Paskutinius pora met\u0173 \u0161ioje stadijoje vilnie\u010diams nepasisek\u0117. \u201eTre\u010dias kartas nemelavo. Baudiniams daug treniravom\u0117s, ruo\u0161\u0117m\u0117s. Pavyko laim\u0117ti, rei\u0161kia gerai pasiruo\u0161\u0117me\u201c, &#8211; konstatavo saugas.<\/p>\n<p>Lemiam\u0105 baudin\u012f \u012fmu\u0161\u0117 kapitono pareigas \u0161iose rungtyn\u0117se atlik\u0119s O. Verbickas: \u201eBuvo labai smagu, u\u017evaldo adrenalinas. Labai geros emocijos. Nelabai galvoji k\u0105 darai, kas \u0161auna \u012f galv\u0105. D\u017eiaug\u0117si u\u017e komand\u0105 d\u0117l i\u0161kovotos taur\u0117s.\u201c<\/p>\n<p>Pasak \u017eaid\u0117jo, komandos sportin\u0117 forma dar tikrai n\u0117ra optimali: \u201eNesame \u0161imtu procent\u0173 pasiruo\u0161\u0119, ma\u017edaug 85-90 procent\u0173. Ta fizin\u0117 b\u016bkl\u0117 tokia irgi&#8230; Tur\u0117jome per \u0161e\u0161ias savaites daug treniruo\u010di\u0173, tik tris laisvas dienas. Pad\u0117jome pagrindus sezonui. Sezono eigoje \u012fsiva\u017eiuosime. Prad\u017eioje laim\u0117s tas, kas tur\u0117s geresn\u0119 komandin\u0119 dvasi\u0105. Fizin\u0117 b\u016bkl\u0117 ateis eigoje.\u201c<\/p>\n<p>Jis d\u017eiaug\u0117si, jog po pra\u0117jusio sezono pavyko i\u0161saugoti komandos branduol\u012f. \u201eNaujiems lengviau \u012fsilieti, kai daug t\u0173 pa\u010di\u0173 \u017eaid\u0117j\u0173. Turime kelis vicekapitonus, Sauli\u0173 Mikoli\u016bn\u0105, kuris r\u016bbin\u0117je yra labai stiprus. Manau, kad atvyk\u0119 \u017eaid\u0117jai nejau\u010dia sunkum\u0173 \u012fsilieti \u012f r\u016bbin\u0119. Tur\u0117sime ir \u0161iemet ger\u0105 atmosfer\u0105 komandoje. Klubas renkantis \u017eaid\u0117jus taip pat \u012f tai atsi\u017evelgia. Atvyksta \u017eaid\u0117jai, greitai \u012fsilieja. Manau, kad daug laiko neprireiks.\u201c<\/p>\n<p>Kitas rungtynes \u201e\u017dalgiris\u201c \u017eais sekmadien\u012f \u2013 laukia pirmoji sezono \u201eOptibet A lygos\u201c dvikova prie\u0161 Tel\u0161i\u0173 \u201eD\u017eiug\u0105\u201c.<\/p>\n","protected":false},"excerpt":{"rendered":"<p>Lemiam\u0105 baudin\u012f realizav\u0119s ir geriausiu \u201eOptibet LFF Supertaur\u0117s\u201c rungtyni\u0173 \u017eaid\u0117ju i\u0161rinktas Ovidijus Verbickas teig\u0117, jog nors netr\u016bko jaudulio ir klaid\u0173, svarbiausia i\u0161kovotas trof\u0117jus. \u201ePirmos rungtyn\u0117se\u2026<\/p>\n","protected":false},"author":4,"featured_media":0,"comment_status":"closed","ping_status":"closed","sticky":false,"template":"","format":"standard","meta":{"_acf_changed":false,"footnotes":""},"categories":[87],"class_list":["post-11783","post","type-post","status-publish","format-standard","hentry","category-zalgiris"],"acf":[],"yoast_head":"<!-- This site is optimized with the Yoast SEO plugin v26.8 - https:\/\/yoast.com\/product\/yoast-seo-wordpress\/ -->\n<title>O. Verbickas: \u201eGerai pasiruo\u0161\u0117me ir tre\u010dias kartas nemelavo\u201d - FK \u017dalgiris<\/title>\n<meta name=\"robots\" content=\"index, follow, max-snippet:-1, max-image-preview:large, max-video-preview:-1\" \/>\n<link rel=\"canonical\" href=\"https:\/\/fkzalgiris.lt\/o-verbickas-gerai-pasiruoseme-ir-trecias-kartas-nemelavo\/\" \/>\n<meta property=\"og:locale\" content=\"lt_LT\" \/>\n<meta property=\"og:type\" content=\"article\" \/>\n<meta property=\"og:title\" content=\"O. Verbickas: \u201eGerai pasiruo\u0161\u0117me ir tre\u010dias kartas nemelavo\u201d - FK \u017dalgiris\" \/>\n<meta property=\"og:description\" content=\"Lemiam\u0105 baudin\u012f realizav\u0119s ir geriausiu \u201eOptibet LFF Supertaur\u0117s\u201c rungtyni\u0173 \u017eaid\u0117ju i\u0161rinktas Ovidijus Verbickas teig\u0117, jog nors netr\u016bko jaudulio ir klaid\u0173, svarbiausia i\u0161kovotas trof\u0117jus. \u201ePirmos rungtyn\u0117se\u2026\" \/>\n<meta property=\"og:url\" content=\"https:\/\/fkzalgiris.lt\/o-verbickas-gerai-pasiruoseme-ir-trecias-kartas-nemelavo\/\" \/>\n<meta property=\"og:site_name\" content=\"FK \u017dalgiris\" \/>\n<meta property=\"article:publisher\" content=\"https:\/\/www.facebook.com\/fkzalgiris\/\" \/>\n<meta property=\"article:published_time\" content=\"2023-02-27T14:47:11+00:00\" \/>\n<meta property=\"article:modified_time\" content=\"2023-02-27T17:47:50+00:00\" \/>\n<meta property=\"og:image\" content=\"https:\/\/fkzalgiris.lt\/wp-content\/uploads\/2024\/02\/social-horiz_Zalgiris_logo_2024.png\" \/>\n\t<meta property=\"og:image:width\" content=\"3356\" \/>\n\t<meta property=\"og:image:height\" content=\"2259\" \/>\n\t<meta property=\"og:image:type\" content=\"image\/png\" \/>\n<meta name=\"author\" content=\"J\" \/>\n<meta name=\"twitter:card\" content=\"summary_large_image\" \/>\n<meta name=\"twitter:creator\" content=\"@fkzalgiris\" \/>\n<meta name=\"twitter:site\" content=\"@fkzalgiris\" \/>\n<meta name=\"twitter:label1\" content=\"Written by\" \/>\n\t<meta name=\"twitter:data1\" content=\"J\" \/>\n\t<meta name=\"twitter:label2\" content=\"Est. reading time\" \/>\n\t<meta name=\"twitter:data2\" content=\"2 minut\u0117s\" \/>\n<script type=\"application\/ld+json\" class=\"yoast-schema-graph\">{\"@context\":\"https:\/\/schema.org\",\"@graph\":[{\"@type\":\"Article\",\"@id\":\"https:\/\/fkzalgiris.lt\/o-verbickas-gerai-pasiruoseme-ir-trecias-kartas-nemelavo\/#article\",\"isPartOf\":{\"@id\":\"https:\/\/fkzalgiris.lt\/o-verbickas-gerai-pasiruoseme-ir-trecias-kartas-nemelavo\/\"},\"author\":{\"name\":\"J\",\"@id\":\"https:\/\/fkzalgiris.lt\/#\/schema\/person\/8604babbba794a7d8767be324a3eaac8\"},\"headline\":\"O. Verbickas: \u201eGerai pasiruo\u0161\u0117me ir tre\u010dias kartas nemelavo\u201d\",\"datePublished\":\"2023-02-27T14:47:11+00:00\",\"dateModified\":\"2023-02-27T17:47:50+00:00\",\"mainEntityOfPage\":{\"@id\":\"https:\/\/fkzalgiris.lt\/o-verbickas-gerai-pasiruoseme-ir-trecias-kartas-nemelavo\/\"},\"wordCount\":452,\"publisher\":{\"@id\":\"https:\/\/fkzalgiris.lt\/#organization\"},\"articleSection\":[\"\u017dalgiris\"],\"inLanguage\":\"lt-LT\"},{\"@type\":\"WebPage\",\"@id\":\"https:\/\/fkzalgiris.lt\/o-verbickas-gerai-pasiruoseme-ir-trecias-kartas-nemelavo\/\",\"url\":\"https:\/\/fkzalgiris.lt\/o-verbickas-gerai-pasiruoseme-ir-trecias-kartas-nemelavo\/\",\"name\":\"O. Verbickas: \u201eGerai pasiruo\u0161\u0117me ir tre\u010dias kartas nemelavo\u201d - FK \u017dalgiris\",\"isPartOf\":{\"@id\":\"https:\/\/fkzalgiris.lt\/#website\"},\"datePublished\":\"2023-02-27T14:47:11+00:00\",\"dateModified\":\"2023-02-27T17:47:50+00:00\",\"breadcrumb\":{\"@id\":\"https:\/\/fkzalgiris.lt\/o-verbickas-gerai-pasiruoseme-ir-trecias-kartas-nemelavo\/#breadcrumb\"},\"inLanguage\":\"lt-LT\",\"potentialAction\":[{\"@type\":\"ReadAction\",\"target\":[\"https:\/\/fkzalgiris.lt\/o-verbickas-gerai-pasiruoseme-ir-trecias-kartas-nemelavo\/\"]}]},{\"@type\":\"BreadcrumbList\",\"@id\":\"https:\/\/fkzalgiris.lt\/o-verbickas-gerai-pasiruoseme-ir-trecias-kartas-nemelavo\/#breadcrumb\",\"itemListElement\":[{\"@type\":\"ListItem\",\"position\":1,\"name\":\"Home\",\"item\":\"https:\/\/fkzalgiris.lt\/\"},{\"@type\":\"ListItem\",\"position\":2,\"name\":\"O. Verbickas: \u201eGerai pasiruo\u0161\u0117me ir tre\u010dias kartas nemelavo\u201d\"}]},{\"@type\":\"WebSite\",\"@id\":\"https:\/\/fkzalgiris.lt\/#website\",\"url\":\"https:\/\/fkzalgiris.lt\/\",\"name\":\"FK \u017dalgiris\",\"description\":\"oficiali Vilniaus \u201e\u017dalgirio\u201c futbolo klubo svetain\u0117\",\"publisher\":{\"@id\":\"https:\/\/fkzalgiris.lt\/#organization\"},\"potentialAction\":[{\"@type\":\"SearchAction\",\"target\":{\"@type\":\"EntryPoint\",\"urlTemplate\":\"https:\/\/fkzalgiris.lt\/?s={search_term_string}\"},\"query-input\":{\"@type\":\"PropertyValueSpecification\",\"valueRequired\":true,\"valueName\":\"search_term_string\"}}],\"inLanguage\":\"lt-LT\"},{\"@type\":\"Organization\",\"@id\":\"https:\/\/fkzalgiris.lt\/#organization\",\"name\":\"FK \u017dalgiris\",\"url\":\"https:\/\/fkzalgiris.lt\/\",\"logo\":{\"@type\":\"ImageObject\",\"inLanguage\":\"lt-LT\",\"@id\":\"https:\/\/fkzalgiris.lt\/#\/schema\/logo\/image\/\",\"url\":\"https:\/\/fkzalgiris.lt\/wp-content\/uploads\/2024\/01\/horiz-FK-Zalgiris-logo-2015.png\",\"contentUrl\":\"https:\/\/fkzalgiris.lt\/wp-content\/uploads\/2024\/01\/horiz-FK-Zalgiris-logo-2015.png\",\"width\":3073,\"height\":2048,\"caption\":\"FK \u017dalgiris\"},\"image\":{\"@id\":\"https:\/\/fkzalgiris.lt\/#\/schema\/logo\/image\/\"},\"sameAs\":[\"https:\/\/www.facebook.com\/fkzalgiris\/\",\"https:\/\/x.com\/fkzalgiris\",\"https:\/\/www.instagram.com\/fkzalgiris\/\",\"https:\/\/www.youtube.com\/channel\/UC1ag8JLxGirltMUoLlzfZLA\"]},{\"@type\":\"Person\",\"@id\":\"https:\/\/fkzalgiris.lt\/#\/schema\/person\/8604babbba794a7d8767be324a3eaac8\",\"name\":\"J\"}]}<\/script>\n<!-- \/ Yoast SEO plugin. -->","yoast_head_json":{"title":"O. Verbickas: \u201eGerai pasiruo\u0161\u0117me ir tre\u010dias kartas nemelavo\u201d - FK \u017dalgiris","robots":{"index":"index","follow":"follow","max-snippet":"max-snippet:-1","max-image-preview":"max-image-preview:large","max-video-preview":"max-video-preview:-1"},"canonical":"https:\/\/fkzalgiris.lt\/o-verbickas-gerai-pasiruoseme-ir-trecias-kartas-nemelavo\/","og_locale":"lt_LT","og_type":"article","og_title":"O. Verbickas: \u201eGerai pasiruo\u0161\u0117me ir tre\u010dias kartas nemelavo\u201d - FK \u017dalgiris","og_description":"Lemiam\u0105 baudin\u012f realizav\u0119s ir geriausiu \u201eOptibet LFF Supertaur\u0117s\u201c rungtyni\u0173 \u017eaid\u0117ju i\u0161rinktas Ovidijus Verbickas teig\u0117, jog nors netr\u016bko jaudulio ir klaid\u0173, svarbiausia i\u0161kovotas trof\u0117jus. \u201ePirmos rungtyn\u0117se\u2026","og_url":"https:\/\/fkzalgiris.lt\/o-verbickas-gerai-pasiruoseme-ir-trecias-kartas-nemelavo\/","og_site_name":"FK \u017dalgiris","article_publisher":"https:\/\/www.facebook.com\/fkzalgiris\/","article_published_time":"2023-02-27T14:47:11+00:00","article_modified_time":"2023-02-27T17:47:50+00:00","og_image":[{"width":3356,"height":2259,"url":"https:\/\/fkzalgiris.lt\/wp-content\/uploads\/2024\/02\/social-horiz_Zalgiris_logo_2024.png","type":"image\/png"}],"author":"J","twitter_card":"summary_large_image","twitter_creator":"@fkzalgiris","twitter_site":"@fkzalgiris","twitter_misc":{"Written by":"J","Est. reading time":"2 minut\u0117s"},"schema":{"@context":"https:\/\/schema.org","@graph":[{"@type":"Article","@id":"https:\/\/fkzalgiris.lt\/o-verbickas-gerai-pasiruoseme-ir-trecias-kartas-nemelavo\/#article","isPartOf":{"@id":"https:\/\/fkzalgiris.lt\/o-verbickas-gerai-pasiruoseme-ir-trecias-kartas-nemelavo\/"},"author":{"name":"J","@id":"https:\/\/fkzalgiris.lt\/#\/schema\/person\/8604babbba794a7d8767be324a3eaac8"},"headline":"O. Verbickas: \u201eGerai pasiruo\u0161\u0117me ir tre\u010dias kartas nemelavo\u201d","datePublished":"2023-02-27T14:47:11+00:00","dateModified":"2023-02-27T17:47:50+00:00","mainEntityOfPage":{"@id":"https:\/\/fkzalgiris.lt\/o-verbickas-gerai-pasiruoseme-ir-trecias-kartas-nemelavo\/"},"wordCount":452,"publisher":{"@id":"https:\/\/fkzalgiris.lt\/#organization"},"articleSection":["\u017dalgiris"],"inLanguage":"lt-LT"},{"@type":"WebPage","@id":"https:\/\/fkzalgiris.lt\/o-verbickas-gerai-pasiruoseme-ir-trecias-kartas-nemelavo\/","url":"https:\/\/fkzalgiris.lt\/o-verbickas-gerai-pasiruoseme-ir-trecias-kartas-nemelavo\/","name":"O. Verbickas: \u201eGerai pasiruo\u0161\u0117me ir tre\u010dias kartas nemelavo\u201d - FK \u017dalgiris","isPartOf":{"@id":"https:\/\/fkzalgiris.lt\/#website"},"datePublished":"2023-02-27T14:47:11+00:00","dateModified":"2023-02-27T17:47:50+00:00","breadcrumb":{"@id":"https:\/\/fkzalgiris.lt\/o-verbickas-gerai-pasiruoseme-ir-trecias-kartas-nemelavo\/#breadcrumb"},"inLanguage":"lt-LT","potentialAction":[{"@type":"ReadAction","target":["https:\/\/fkzalgiris.lt\/o-verbickas-gerai-pasiruoseme-ir-trecias-kartas-nemelavo\/"]}]},{"@type":"BreadcrumbList","@id":"https:\/\/fkzalgiris.lt\/o-verbickas-gerai-pasiruoseme-ir-trecias-kartas-nemelavo\/#breadcrumb","itemListElement":[{"@type":"ListItem","position":1,"name":"Home","item":"https:\/\/fkzalgiris.lt\/"},{"@type":"ListItem","position":2,"name":"O. Verbickas: \u201eGerai pasiruo\u0161\u0117me ir tre\u010dias kartas nemelavo\u201d"}]},{"@type":"WebSite","@id":"https:\/\/fkzalgiris.lt\/#website","url":"https:\/\/fkzalgiris.lt\/","name":"FK \u017dalgiris","description":"oficiali Vilniaus \u201e\u017dalgirio\u201c futbolo klubo svetain\u0117","publisher":{"@id":"https:\/\/fkzalgiris.lt\/#organization"},"potentialAction":[{"@type":"SearchAction","target":{"@type":"EntryPoint","urlTemplate":"https:\/\/fkzalgiris.lt\/?s={search_term_string}"},"query-input":{"@type":"PropertyValueSpecification","valueRequired":true,"valueName":"search_term_string"}}],"inLanguage":"lt-LT"},{"@type":"Organization","@id":"https:\/\/fkzalgiris.lt\/#organization","name":"FK \u017dalgiris","url":"https:\/\/fkzalgiris.lt\/","logo":{"@type":"ImageObject","inLanguage":"lt-LT","@id":"https:\/\/fkzalgiris.lt\/#\/schema\/logo\/image\/","url":"https:\/\/fkzalgiris.lt\/wp-content\/uploads\/2024\/01\/horiz-FK-Zalgiris-logo-2015.png","contentUrl":"https:\/\/fkzalgiris.lt\/wp-content\/uploads\/2024\/01\/horiz-FK-Zalgiris-logo-2015.png","width":3073,"height":2048,"caption":"FK \u017dalgiris"},"image":{"@id":"https:\/\/fkzalgiris.lt\/#\/schema\/logo\/image\/"},"sameAs":["https:\/\/www.facebook.com\/fkzalgiris\/","https:\/\/x.com\/fkzalgiris","https:\/\/www.instagram.com\/fkzalgiris\/","https:\/\/www.youtube.com\/channel\/UC1ag8JLxGirltMUoLlzfZLA"]},{"@type":"Person","@id":"https:\/\/fkzalgiris.lt\/#\/schema\/person\/8604babbba794a7d8767be324a3eaac8","name":"J"}]}},"_links":{"self":[{"href":"https:\/\/fkzalgiris.lt\/api\/wp\/v2\/posts\/11783","targetHints":{"allow":["GET"]}}],"collection":[{"href":"https:\/\/fkzalgiris.lt\/api\/wp\/v2\/posts"}],"about":[{"href":"https:\/\/fkzalgiris.lt\/api\/wp\/v2\/types\/post"}],"author":[{"embeddable":true,"href":"https:\/\/fkzalgiris.lt\/api\/wp\/v2\/users\/4"}],"replies":[{"embeddable":true,"href":"https:\/\/fkzalgiris.lt\/api\/wp\/v2\/comments?post=11783"}],"version-history":[{"count":2,"href":"https:\/\/fkzalgiris.lt\/api\/wp\/v2\/posts\/11783\/revisions"}],"predecessor-version":[{"id":11786,"href":"https:\/\/fkzalgiris.lt\/api\/wp\/v2\/posts\/11783\/revisions\/11786"}],"wp:attachment":[{"href":"https:\/\/fkzalgiris.lt\/api\/wp\/v2\/media?parent=11783"}],"wp:term":[{"taxonomy":"category","embeddable":true,"href":"https:\/\/fkzalgiris.lt\/api\/wp\/v2\/categories?post=11783"}],"curies":[{"name":"wp","href":"https:\/\/api.w.org\/{rel}","templated":true}]}}