{"id":11758,"date":"2023-02-24T17:31:19","date_gmt":"2023-02-24T15:31:19","guid":{"rendered":"https:\/\/fkzalgiris.lt\/?p=11758"},"modified":"2023-02-25T12:07:32","modified_gmt":"2023-02-25T10:07:32","slug":"s-mikoliunas-pries-supertaure-puiku-sezona-pradeti-rungtynemis-del-trofejaus","status":"publish","type":"post","link":"https:\/\/fkzalgiris.lt\/s-mikoliunas-pries-supertaure-puiku-sezona-pradeti-rungtynemis-del-trofejaus\/","title":{"rendered":"S. Mikoli\u016bnas prie\u0161 Supertaur\u0119: \u201ePuiku sezon\u0105 prad\u0117ti rungtyn\u0117mis d\u0117l trof\u0117jaus\u201c"},"content":{"rendered":"<p>Prie\u0161 art\u0117jan\u010dias pirm\u0105sias sezono rungtynes \u201e\u017dalgirio\u201c treneris Vladimiras \u010ceburinas kalb\u0117jo apie palaikymo svarb\u0105, o kapitonas Saulius Mikoli\u016bnas, kad smagu sezon\u0105 prad\u0117ti kova d\u0117l trof\u0117jaus.<\/p>\n<p>\u201eOptibet LFF Supertaur\u0117s\u201c dvikovoje sekmadienio vakare \u201e\u017dalgiris\u201c Vilniuje susitiks su \u201eKauno \u017dalgirio\u201c ekipa.<\/p>\n<p>Art\u0117jant \u0161iai akistatai mintimis su \u017einiasklaidos atstovais pasidalino V. \u010ceburinas ir S. Mikoli\u016bnas.<\/p>\n<p>\u201eSupertaur\u0117 yra trof\u0117jus kur\u012f turime laim\u0117ti. Mums jis gal\u0117t\u0173 priklausyti kaip \u010dempionams ir taur\u0117s laim\u0117tojams, bet pagal taisykles turime var\u017eytis su antr\u0105 viet\u0105 u\u017e\u0117musia lygos komanda. \u0160ioms rungtyn\u0117ms rimtai ruo\u0161\u0117m\u0117s, negalime tur\u0117ti kito tikslo, kaip tik laim\u0117ti. \u017daisime sau pa\u017e\u012fstamoje arenoje, prie savo aistruoli\u0173. J\u0173 palaikymas mums labai reikalingas, jis pad\u0117jo mums pernai\u201c, \u2013 kalb\u0117jo V. \u010ceburinas.<\/p>\n<p>\u201eVisi gerb\u0117jai laukia sezono, taip pat ir \u017eaid\u0117jai. Tas pasiruo\u0161imo laikotarpis man asmeni\u0161kai n\u0117ra pats maloniausias, su nekantrumu laukiu sezono starto. Kas gali b\u016bti geriau nei prad\u0117ti nuo rungtyni\u0173 d\u0117l trof\u0117jaus. Rimtai ruo\u0161iam\u0117s. Bus \u012fdomu pasi\u017ei\u016br\u0117ti kaip atrodysime, kaip atrodys atsinaujinusi Kauno komanda. Bus \u012fdomi dvikova\u201c, \u2013 teig\u0117 S. Mikoli\u016bnas.<\/p>\n<p>Pastaruosius du sezonus \u201e\u017dalgiris\u201c buvo arti tikslo, ta\u010diau kluptel\u0117jo baudini\u0173 serijoje.<\/p>\n<p>\u201eTikim\u0117s, kad baudini\u0173 serijos \u0161\u012f kart\u0105 nebus, ta\u010diau tai futbolas, rungtyn\u0117s truks tik 90 minu\u010di\u0173. Reikia b\u016bti pasiruo\u0161us viskam\u201c, \u2013 sak\u0117 V. \u010ceburinas.<\/p>\n<p>\u201eTikiuosi, kad jei reik\u0117t\u0173 mu\u0161ti baudinius tre\u010dias kartas nemeluot\u0173\u201c, \u2013 S. Mikoli\u016bnas.<\/p>\n<p>Pasiruo\u0161imo sezonui stovykloje Turkijoje \u201e\u017dalgiris\u201c pergali\u0173 nei\u0161kovojo, ta\u010diau V. \u010ceburinas \u012f\u017evelg\u0117 nema\u017eai pozityvo: \u201eBuvo gera stovykla, daug dirbome, buvo geros aik\u0161t\u0117s ir s\u0105lygos. Su\u017eaid\u0117me su skirtingo stiliaus, gero lygio komandomis, per\u017ei\u016br\u0117jome naujokus. \u017dinoma, pergal\u0117 visada yra pliusas, ta\u010diau svarbiau buvo pa\u017ei\u016br\u0117ti \u017eaid\u0117jus, silpnas vietas. Svarbiausia susi\u017eaidimas aik\u0161t\u0117je.\u201c<\/p>\n<p>Paklaustas, ar po puikaus pra\u0117jusio sezono nepristigs motyvacijos, S. Mikoli\u016bnas atsak\u0117: \u201ePrie\u0161ingai. Kai jau buvai arti Europos lygos barjero, tas parodo kad komanda yra verta, duoda stimulo dar labiau stengtis ir siekti auk\u0161tesni\u0173 tiksl\u0173. Gyvenimas toks, kad nori siekti auk\u0161tesni\u0173 tiksl\u0173. Manau, kad \u017eiem\u0105 komandos vadovai d\u0117jo daug pastang\u0173, pasipild\u0117 kvalifikuotais \u017eaid\u0117jais. Turime ilg\u0105 suolel\u012f, tai parodo m\u016bs\u0173 ambicijas siekiant tiksl\u0173.\u201c<\/p>\n<p>\u201e\u017dalgirio\u201c ir \u201eKauno \u017dalgirio\u201c dvikova vyks sekmadien\u012f nuo 17 val. 55 min. \u201eSportima\u201c arenoje.<\/p>\n<p>Prie\u0161 rungtynes \u201e\u017dalgirio\u201c aistruoliai kvie\u010diami ap\u0161ilimui sporto bare \u201e<a href=\"https:\/\/lt.olearys.club\/akropolis\/\">O&#8217;Learys<\/a>\u201c, kur laukia \u017ealiai balt\u0173 viktorina, muzika ir skanduot\u0117s kartu.<\/p>\n<p>Abonementai \u012f \u0161ias rungtynes negalios. Bilietus \u012f rungtynes platina \u201e<a href=\"https:\/\/kakava.lt\/renginys\/optibet-lff-supertaure-2023\/4613\/9072\">Kakava.lt<\/a>\u201c.<\/p>\n<p>Rungtynes tiesiogiai transliuos TV6 televizija ir TV3.lt<\/p>\n","protected":false},"excerpt":{"rendered":"<p>Prie\u0161 art\u0117jan\u010dias pirm\u0105sias sezono rungtynes \u201e\u017dalgirio\u201c treneris Vladimiras \u010ceburinas kalb\u0117jo apie palaikymo svarb\u0105, o kapitonas Saulius Mikoli\u016bnas, kad smagu sezon\u0105 prad\u0117ti kova d\u0117l trof\u0117jaus. \u201eOptibet\u2026<\/p>\n","protected":false},"author":4,"featured_media":0,"comment_status":"closed","ping_status":"closed","sticky":false,"template":"","format":"standard","meta":{"_acf_changed":false,"footnotes":""},"categories":[87],"class_list":["post-11758","post","type-post","status-publish","format-standard","hentry","category-zalgiris"],"acf":[],"yoast_head":"<!-- This site is optimized with the Yoast SEO plugin v26.8 - https:\/\/yoast.com\/product\/yoast-seo-wordpress\/ -->\n<title>S. Mikoli\u016bnas prie\u0161 Supertaur\u0119: \u201ePuiku sezon\u0105 prad\u0117ti rungtyn\u0117mis d\u0117l trof\u0117jaus\u201c - FK \u017dalgiris<\/title>\n<meta name=\"robots\" content=\"index, follow, max-snippet:-1, max-image-preview:large, max-video-preview:-1\" \/>\n<link rel=\"canonical\" href=\"https:\/\/fkzalgiris.lt\/s-mikoliunas-pries-supertaure-puiku-sezona-pradeti-rungtynemis-del-trofejaus\/\" \/>\n<meta property=\"og:locale\" content=\"lt_LT\" \/>\n<meta property=\"og:type\" content=\"article\" \/>\n<meta property=\"og:title\" content=\"S. Mikoli\u016bnas prie\u0161 Supertaur\u0119: \u201ePuiku sezon\u0105 prad\u0117ti rungtyn\u0117mis d\u0117l trof\u0117jaus\u201c - FK \u017dalgiris\" \/>\n<meta property=\"og:description\" content=\"Prie\u0161 art\u0117jan\u010dias pirm\u0105sias sezono rungtynes \u201e\u017dalgirio\u201c treneris Vladimiras \u010ceburinas kalb\u0117jo apie palaikymo svarb\u0105, o kapitonas Saulius Mikoli\u016bnas, kad smagu sezon\u0105 prad\u0117ti kova d\u0117l trof\u0117jaus. \u201eOptibet\u2026\" \/>\n<meta property=\"og:url\" content=\"https:\/\/fkzalgiris.lt\/s-mikoliunas-pries-supertaure-puiku-sezona-pradeti-rungtynemis-del-trofejaus\/\" \/>\n<meta property=\"og:site_name\" content=\"FK \u017dalgiris\" \/>\n<meta property=\"article:publisher\" content=\"https:\/\/www.facebook.com\/fkzalgiris\/\" \/>\n<meta property=\"article:published_time\" content=\"2023-02-24T15:31:19+00:00\" \/>\n<meta property=\"article:modified_time\" content=\"2023-02-25T10:07:32+00:00\" \/>\n<meta property=\"og:image\" content=\"https:\/\/fkzalgiris.lt\/wp-content\/uploads\/2024\/02\/social-horiz_Zalgiris_logo_2024.png\" \/>\n\t<meta property=\"og:image:width\" content=\"3356\" \/>\n\t<meta property=\"og:image:height\" content=\"2259\" \/>\n\t<meta property=\"og:image:type\" content=\"image\/png\" \/>\n<meta name=\"author\" content=\"J\" \/>\n<meta name=\"twitter:card\" content=\"summary_large_image\" \/>\n<meta name=\"twitter:creator\" content=\"@fkzalgiris\" \/>\n<meta name=\"twitter:site\" content=\"@fkzalgiris\" \/>\n<meta name=\"twitter:label1\" content=\"Written by\" \/>\n\t<meta name=\"twitter:data1\" content=\"J\" \/>\n\t<meta name=\"twitter:label2\" content=\"Est. reading time\" \/>\n\t<meta name=\"twitter:data2\" content=\"2 minut\u0117s\" \/>\n<script type=\"application\/ld+json\" class=\"yoast-schema-graph\">{\"@context\":\"https:\/\/schema.org\",\"@graph\":[{\"@type\":\"Article\",\"@id\":\"https:\/\/fkzalgiris.lt\/s-mikoliunas-pries-supertaure-puiku-sezona-pradeti-rungtynemis-del-trofejaus\/#article\",\"isPartOf\":{\"@id\":\"https:\/\/fkzalgiris.lt\/s-mikoliunas-pries-supertaure-puiku-sezona-pradeti-rungtynemis-del-trofejaus\/\"},\"author\":{\"name\":\"J\",\"@id\":\"https:\/\/fkzalgiris.lt\/#\/schema\/person\/8604babbba794a7d8767be324a3eaac8\"},\"headline\":\"S. Mikoli\u016bnas prie\u0161 Supertaur\u0119: \u201ePuiku sezon\u0105 prad\u0117ti rungtyn\u0117mis d\u0117l trof\u0117jaus\u201c\",\"datePublished\":\"2023-02-24T15:31:19+00:00\",\"dateModified\":\"2023-02-25T10:07:32+00:00\",\"mainEntityOfPage\":{\"@id\":\"https:\/\/fkzalgiris.lt\/s-mikoliunas-pries-supertaure-puiku-sezona-pradeti-rungtynemis-del-trofejaus\/\"},\"wordCount\":452,\"publisher\":{\"@id\":\"https:\/\/fkzalgiris.lt\/#organization\"},\"articleSection\":[\"\u017dalgiris\"],\"inLanguage\":\"lt-LT\"},{\"@type\":\"WebPage\",\"@id\":\"https:\/\/fkzalgiris.lt\/s-mikoliunas-pries-supertaure-puiku-sezona-pradeti-rungtynemis-del-trofejaus\/\",\"url\":\"https:\/\/fkzalgiris.lt\/s-mikoliunas-pries-supertaure-puiku-sezona-pradeti-rungtynemis-del-trofejaus\/\",\"name\":\"S. Mikoli\u016bnas prie\u0161 Supertaur\u0119: \u201ePuiku sezon\u0105 prad\u0117ti rungtyn\u0117mis d\u0117l trof\u0117jaus\u201c - FK \u017dalgiris\",\"isPartOf\":{\"@id\":\"https:\/\/fkzalgiris.lt\/#website\"},\"datePublished\":\"2023-02-24T15:31:19+00:00\",\"dateModified\":\"2023-02-25T10:07:32+00:00\",\"breadcrumb\":{\"@id\":\"https:\/\/fkzalgiris.lt\/s-mikoliunas-pries-supertaure-puiku-sezona-pradeti-rungtynemis-del-trofejaus\/#breadcrumb\"},\"inLanguage\":\"lt-LT\",\"potentialAction\":[{\"@type\":\"ReadAction\",\"target\":[\"https:\/\/fkzalgiris.lt\/s-mikoliunas-pries-supertaure-puiku-sezona-pradeti-rungtynemis-del-trofejaus\/\"]}]},{\"@type\":\"BreadcrumbList\",\"@id\":\"https:\/\/fkzalgiris.lt\/s-mikoliunas-pries-supertaure-puiku-sezona-pradeti-rungtynemis-del-trofejaus\/#breadcrumb\",\"itemListElement\":[{\"@type\":\"ListItem\",\"position\":1,\"name\":\"Home\",\"item\":\"https:\/\/fkzalgiris.lt\/\"},{\"@type\":\"ListItem\",\"position\":2,\"name\":\"S. Mikoli\u016bnas prie\u0161 Supertaur\u0119: \u201ePuiku sezon\u0105 prad\u0117ti rungtyn\u0117mis d\u0117l trof\u0117jaus\u201c\"}]},{\"@type\":\"WebSite\",\"@id\":\"https:\/\/fkzalgiris.lt\/#website\",\"url\":\"https:\/\/fkzalgiris.lt\/\",\"name\":\"FK \u017dalgiris\",\"description\":\"oficiali Vilniaus \u201e\u017dalgirio\u201c futbolo klubo svetain\u0117\",\"publisher\":{\"@id\":\"https:\/\/fkzalgiris.lt\/#organization\"},\"potentialAction\":[{\"@type\":\"SearchAction\",\"target\":{\"@type\":\"EntryPoint\",\"urlTemplate\":\"https:\/\/fkzalgiris.lt\/?s={search_term_string}\"},\"query-input\":{\"@type\":\"PropertyValueSpecification\",\"valueRequired\":true,\"valueName\":\"search_term_string\"}}],\"inLanguage\":\"lt-LT\"},{\"@type\":\"Organization\",\"@id\":\"https:\/\/fkzalgiris.lt\/#organization\",\"name\":\"FK \u017dalgiris\",\"url\":\"https:\/\/fkzalgiris.lt\/\",\"logo\":{\"@type\":\"ImageObject\",\"inLanguage\":\"lt-LT\",\"@id\":\"https:\/\/fkzalgiris.lt\/#\/schema\/logo\/image\/\",\"url\":\"https:\/\/fkzalgiris.lt\/wp-content\/uploads\/2024\/01\/horiz-FK-Zalgiris-logo-2015.png\",\"contentUrl\":\"https:\/\/fkzalgiris.lt\/wp-content\/uploads\/2024\/01\/horiz-FK-Zalgiris-logo-2015.png\",\"width\":3073,\"height\":2048,\"caption\":\"FK \u017dalgiris\"},\"image\":{\"@id\":\"https:\/\/fkzalgiris.lt\/#\/schema\/logo\/image\/\"},\"sameAs\":[\"https:\/\/www.facebook.com\/fkzalgiris\/\",\"https:\/\/x.com\/fkzalgiris\",\"https:\/\/www.instagram.com\/fkzalgiris\/\",\"https:\/\/www.youtube.com\/channel\/UC1ag8JLxGirltMUoLlzfZLA\"]},{\"@type\":\"Person\",\"@id\":\"https:\/\/fkzalgiris.lt\/#\/schema\/person\/8604babbba794a7d8767be324a3eaac8\",\"name\":\"J\"}]}<\/script>\n<!-- \/ Yoast SEO plugin. -->","yoast_head_json":{"title":"S. Mikoli\u016bnas prie\u0161 Supertaur\u0119: \u201ePuiku sezon\u0105 prad\u0117ti rungtyn\u0117mis d\u0117l trof\u0117jaus\u201c - FK \u017dalgiris","robots":{"index":"index","follow":"follow","max-snippet":"max-snippet:-1","max-image-preview":"max-image-preview:large","max-video-preview":"max-video-preview:-1"},"canonical":"https:\/\/fkzalgiris.lt\/s-mikoliunas-pries-supertaure-puiku-sezona-pradeti-rungtynemis-del-trofejaus\/","og_locale":"lt_LT","og_type":"article","og_title":"S. Mikoli\u016bnas prie\u0161 Supertaur\u0119: \u201ePuiku sezon\u0105 prad\u0117ti rungtyn\u0117mis d\u0117l trof\u0117jaus\u201c - FK \u017dalgiris","og_description":"Prie\u0161 art\u0117jan\u010dias pirm\u0105sias sezono rungtynes \u201e\u017dalgirio\u201c treneris Vladimiras \u010ceburinas kalb\u0117jo apie palaikymo svarb\u0105, o kapitonas Saulius Mikoli\u016bnas, kad smagu sezon\u0105 prad\u0117ti kova d\u0117l trof\u0117jaus. \u201eOptibet\u2026","og_url":"https:\/\/fkzalgiris.lt\/s-mikoliunas-pries-supertaure-puiku-sezona-pradeti-rungtynemis-del-trofejaus\/","og_site_name":"FK \u017dalgiris","article_publisher":"https:\/\/www.facebook.com\/fkzalgiris\/","article_published_time":"2023-02-24T15:31:19+00:00","article_modified_time":"2023-02-25T10:07:32+00:00","og_image":[{"width":3356,"height":2259,"url":"https:\/\/fkzalgiris.lt\/wp-content\/uploads\/2024\/02\/social-horiz_Zalgiris_logo_2024.png","type":"image\/png"}],"author":"J","twitter_card":"summary_large_image","twitter_creator":"@fkzalgiris","twitter_site":"@fkzalgiris","twitter_misc":{"Written by":"J","Est. reading time":"2 minut\u0117s"},"schema":{"@context":"https:\/\/schema.org","@graph":[{"@type":"Article","@id":"https:\/\/fkzalgiris.lt\/s-mikoliunas-pries-supertaure-puiku-sezona-pradeti-rungtynemis-del-trofejaus\/#article","isPartOf":{"@id":"https:\/\/fkzalgiris.lt\/s-mikoliunas-pries-supertaure-puiku-sezona-pradeti-rungtynemis-del-trofejaus\/"},"author":{"name":"J","@id":"https:\/\/fkzalgiris.lt\/#\/schema\/person\/8604babbba794a7d8767be324a3eaac8"},"headline":"S. Mikoli\u016bnas prie\u0161 Supertaur\u0119: \u201ePuiku sezon\u0105 prad\u0117ti rungtyn\u0117mis d\u0117l trof\u0117jaus\u201c","datePublished":"2023-02-24T15:31:19+00:00","dateModified":"2023-02-25T10:07:32+00:00","mainEntityOfPage":{"@id":"https:\/\/fkzalgiris.lt\/s-mikoliunas-pries-supertaure-puiku-sezona-pradeti-rungtynemis-del-trofejaus\/"},"wordCount":452,"publisher":{"@id":"https:\/\/fkzalgiris.lt\/#organization"},"articleSection":["\u017dalgiris"],"inLanguage":"lt-LT"},{"@type":"WebPage","@id":"https:\/\/fkzalgiris.lt\/s-mikoliunas-pries-supertaure-puiku-sezona-pradeti-rungtynemis-del-trofejaus\/","url":"https:\/\/fkzalgiris.lt\/s-mikoliunas-pries-supertaure-puiku-sezona-pradeti-rungtynemis-del-trofejaus\/","name":"S. Mikoli\u016bnas prie\u0161 Supertaur\u0119: \u201ePuiku sezon\u0105 prad\u0117ti rungtyn\u0117mis d\u0117l trof\u0117jaus\u201c - FK \u017dalgiris","isPartOf":{"@id":"https:\/\/fkzalgiris.lt\/#website"},"datePublished":"2023-02-24T15:31:19+00:00","dateModified":"2023-02-25T10:07:32+00:00","breadcrumb":{"@id":"https:\/\/fkzalgiris.lt\/s-mikoliunas-pries-supertaure-puiku-sezona-pradeti-rungtynemis-del-trofejaus\/#breadcrumb"},"inLanguage":"lt-LT","potentialAction":[{"@type":"ReadAction","target":["https:\/\/fkzalgiris.lt\/s-mikoliunas-pries-supertaure-puiku-sezona-pradeti-rungtynemis-del-trofejaus\/"]}]},{"@type":"BreadcrumbList","@id":"https:\/\/fkzalgiris.lt\/s-mikoliunas-pries-supertaure-puiku-sezona-pradeti-rungtynemis-del-trofejaus\/#breadcrumb","itemListElement":[{"@type":"ListItem","position":1,"name":"Home","item":"https:\/\/fkzalgiris.lt\/"},{"@type":"ListItem","position":2,"name":"S. Mikoli\u016bnas prie\u0161 Supertaur\u0119: \u201ePuiku sezon\u0105 prad\u0117ti rungtyn\u0117mis d\u0117l trof\u0117jaus\u201c"}]},{"@type":"WebSite","@id":"https:\/\/fkzalgiris.lt\/#website","url":"https:\/\/fkzalgiris.lt\/","name":"FK \u017dalgiris","description":"oficiali Vilniaus \u201e\u017dalgirio\u201c futbolo klubo svetain\u0117","publisher":{"@id":"https:\/\/fkzalgiris.lt\/#organization"},"potentialAction":[{"@type":"SearchAction","target":{"@type":"EntryPoint","urlTemplate":"https:\/\/fkzalgiris.lt\/?s={search_term_string}"},"query-input":{"@type":"PropertyValueSpecification","valueRequired":true,"valueName":"search_term_string"}}],"inLanguage":"lt-LT"},{"@type":"Organization","@id":"https:\/\/fkzalgiris.lt\/#organization","name":"FK \u017dalgiris","url":"https:\/\/fkzalgiris.lt\/","logo":{"@type":"ImageObject","inLanguage":"lt-LT","@id":"https:\/\/fkzalgiris.lt\/#\/schema\/logo\/image\/","url":"https:\/\/fkzalgiris.lt\/wp-content\/uploads\/2024\/01\/horiz-FK-Zalgiris-logo-2015.png","contentUrl":"https:\/\/fkzalgiris.lt\/wp-content\/uploads\/2024\/01\/horiz-FK-Zalgiris-logo-2015.png","width":3073,"height":2048,"caption":"FK \u017dalgiris"},"image":{"@id":"https:\/\/fkzalgiris.lt\/#\/schema\/logo\/image\/"},"sameAs":["https:\/\/www.facebook.com\/fkzalgiris\/","https:\/\/x.com\/fkzalgiris","https:\/\/www.instagram.com\/fkzalgiris\/","https:\/\/www.youtube.com\/channel\/UC1ag8JLxGirltMUoLlzfZLA"]},{"@type":"Person","@id":"https:\/\/fkzalgiris.lt\/#\/schema\/person\/8604babbba794a7d8767be324a3eaac8","name":"J"}]}},"_links":{"self":[{"href":"https:\/\/fkzalgiris.lt\/api\/wp\/v2\/posts\/11758","targetHints":{"allow":["GET"]}}],"collection":[{"href":"https:\/\/fkzalgiris.lt\/api\/wp\/v2\/posts"}],"about":[{"href":"https:\/\/fkzalgiris.lt\/api\/wp\/v2\/types\/post"}],"author":[{"embeddable":true,"href":"https:\/\/fkzalgiris.lt\/api\/wp\/v2\/users\/4"}],"replies":[{"embeddable":true,"href":"https:\/\/fkzalgiris.lt\/api\/wp\/v2\/comments?post=11758"}],"version-history":[{"count":6,"href":"https:\/\/fkzalgiris.lt\/api\/wp\/v2\/posts\/11758\/revisions"}],"predecessor-version":[{"id":11766,"href":"https:\/\/fkzalgiris.lt\/api\/wp\/v2\/posts\/11758\/revisions\/11766"}],"wp:attachment":[{"href":"https:\/\/fkzalgiris.lt\/api\/wp\/v2\/media?parent=11758"}],"wp:term":[{"taxonomy":"category","embeddable":true,"href":"https:\/\/fkzalgiris.lt\/api\/wp\/v2\/categories?post=11758"}],"curies":[{"name":"wp","href":"https:\/\/api.w.org\/{rel}","templated":true}]}}