{"id":11750,"date":"2023-02-24T17:17:10","date_gmt":"2023-02-24T15:17:10","guid":{"rendered":"https:\/\/fkzalgiris.lt\/?p=11750"},"modified":"2023-02-25T16:45:32","modified_gmt":"2023-02-25T14:45:32","slug":"zalgirieciai-debiutuos-naujoje-esporto-a-lygoje","status":"publish","type":"post","link":"https:\/\/fkzalgiris.lt\/zalgirieciai-debiutuos-naujoje-esporto-a-lygoje\/","title":{"rendered":"\u017dalgirie\u010diai debiutuos naujoje Esporto A lygoje"},"content":{"rendered":"<p>Savaitgalis bus neeilinis ne tik d\u0117l Supertaur\u0117s rungtyni\u0173 ir prasidedan\u010dio sezono \u2013 savo sezon\u0105 prad\u0117s ir e-futbolininkai, kurie var\u017eysis pirm\u0105 kart\u0105 startuosian\u010dioje A lygoje.<\/p>\n<p>Virtualaus futbolo \u017eaidimo FIFA var\u017eybose \u201e\u017dalgiriui\u201c atstovaus du patyr\u0119 \u017eaid\u0117jai &#8211; Marius \u0160al\u010dius, dar \u017einomas kaip \u201eMarinis\u201c, ir Paulius Janu\u0161onis, slapyvard\u017eiu \u201eDabizas\u201c.<\/p>\n<p>Abu e-futbolo entuziastai \u017ealiai baltiems atstovauja jau daugiau nei pora met\u0173, nuo 2021-\u0173j\u0173 pabaigos ir yra pora kart\u0173 dalyvav\u0119 tarptautin\u0117se \u201eFIFAe Club Series\u201c var\u017eybose, taip pat atstovav\u0119 Lietuvos e-fubolo rinktinei.<\/p>\n<p>Kartu su \u017ealgirie\u010diais naujojoje Esporto A lygoje var\u017eysis ir dar devyni\u0173 A lygos klub\u0173 atstovai \u2013 \u201eKauno \u017dalgiris\u201c, FA \u201e\u0160iauliai\u201c, Kauno rajono \u201eHegelmann\u201c, FK \u201ePanev\u0117\u017eys\u201c, Vilniaus \u201eRiteriai\u201c, Marijampol\u0117s \u201eS\u016bduva\u201c, Garg\u017ed\u0173 \u201eBanga\u201c bei Tel\u0161i\u0173 \u201eD\u017eiugas\u201c.<\/p>\n<p><img loading=\"lazy\" decoding=\"async\" class=\"alignnone wp-image-11756\" src=\"https:\/\/fkzalgiris.lt\/wp-content\/uploads\/2023\/02\/Esporto-A-lyga-1024x575.png\" alt=\"\" width=\"500\" height=\"281\" srcset=\"https:\/\/fkzalgiris.lt\/wp-content\/uploads\/2023\/02\/Esporto-A-lyga-1024x575.png 1024w, https:\/\/fkzalgiris.lt\/wp-content\/uploads\/2023\/02\/Esporto-A-lyga-300x169.png 300w, https:\/\/fkzalgiris.lt\/wp-content\/uploads\/2023\/02\/Esporto-A-lyga-768x431.png 768w, https:\/\/fkzalgiris.lt\/wp-content\/uploads\/2023\/02\/Esporto-A-lyga-178x100.png 178w, https:\/\/fkzalgiris.lt\/wp-content\/uploads\/2023\/02\/Esporto-A-lyga.png 1280w\" sizes=\"auto, (max-width: 500px) 100vw, 500px\" \/><\/p>\n<p>Naujai susik\u016brusioje <a href=\"https:\/\/challonge.com\/alyga\">Esporto A lygoje<\/a> rungtyniaus FA \u201e\u0160iauliai\u201c, Vilniaus \u201e\u017dalgiris\u201c, Kauno \u201e\u017dalgiris\u201c, Kauno raj. \u201eHegelmann, Garg\u017ed\u0173 \u201eBanga\u201c, FK \u201ePanev\u0117\u017eys\u201c, Vilniaus \u201eRiteriai\u201c, Marijampol\u0117s \u201eS\u016bduva\u201c, Tel\u0161i\u0173 \u201eD\u017eiugas\u201c bei \u017einomo \u017eaidim\u0173 transliuotojo Karolio Jankausko (\u201eLTU Republic\u201c) komanda.<\/p>\n<p>\u201ePana\u0161iuose turnyruose esame dalyvav\u0119, tik jie buvo kuriami pa\u010di\u0173 m\u016bs\u0173 iniciatyva. Kit\u0173 klub\u0173 \u017eaid\u0117jai mums \u017einomi. Tikrai reik\u0117s kautis rimtai ir nebus galima atsipalaiduoti. Kaip pagrindinius var\u017eovus i\u0161skir\u010diau \u201eRiteri\u0173\u201c ir \u201eHegelmann\u201c komandos narius\u201c, &#8211; sak\u0117 P. Janu\u0161onis.<\/p>\n<p>\u201eKai visi \u017eais su vienodais \u017eaid\u0117jais \u2013 visko gali b\u016bti. Tikrai bus ger\u0173 \u017eaid\u0117j\u0173, kurie kaip ir mes atstovavo klubams tarptautin\u0117se var\u017eybose. M\u016bs\u0173 tikslas \u2013 b\u016bti pirmiems. Tikiuosi taip ir bus\u201c, &#8211; kalb\u0117jo M. \u0160al\u010dius.<\/p>\n<p>Esporto A lyga susid\u0117s i\u0161 dviej\u0173 tur\u0173, kuri\u0173 metu visi klubai tarpusavyje su\u017eais po du kartus (namie ir i\u0161vykoje).<\/p>\n<p>Pirmasis turas vyks \u0161e\u0161tadien\u012f, vasario 25 d. nuo 13 val. Vis\u0173 komand\u0173 \u017eaid\u0117jai po kart\u0105 su\u017eais tarpusavyje.<\/p>\n<p>\u201e\u017dalgirio\u201c dvikovos su \u201eKauno \u017dalgiriu\u201c (14:30) ir \u201eHegelmann\u201c (16:00) bus transliuojamos tiesiogiai. Visos lygos rungtyni\u0173 transliacijos bus prieinamos <a href=\"https:\/\/www.15min.lt\/esports-namai\">15min.lt Esporto namuose<\/a> ir <a href=\"https:\/\/www.twitch.tv\/esportsnamai\">Twitch kanale<\/a>.<\/p>\n<p>Finalinis <a href=\"https:\/\/challonge.com\/alyga\">Esporto A lygos<\/a> etapas vyks gyvo renginio metu, gegu\u017e\u0117s m\u0117nes\u012f, jame var\u017eysis geriausios keturios komandos.<\/p>\n<p>Esporto Nugal\u0117tojai i\u0161kovos teis\u0119 atstovauti Lietuvai EA SPORTS FIFA 23 Global Series atkrintam\u0173j\u0173 \u201ePlay-In\u201c etape, kuriame bus siekiama patekti \u012f \u201eFIFAe World Cup\u201c finalin\u012f etap\u0105.<\/p>\n<p>Virtualaus futbolo \u017eaidimo m\u0117g\u0117jai iki vasario 27 d. gali registruotis \u012f visiems prieinam\u0105 \u201e<a href=\"https:\/\/fkzalgiris.lt\/etaure\/\">\u017dalgirio E-taur\u0117s<\/a>\u201c turnyr\u0105.<\/p>\n","protected":false},"excerpt":{"rendered":"<p>Savaitgalis bus neeilinis ne tik d\u0117l Supertaur\u0117s rungtyni\u0173 ir prasidedan\u010dio sezono \u2013 savo sezon\u0105 prad\u0117s ir e-futbolininkai, kurie var\u017eysis pirm\u0105 kart\u0105 startuosian\u010dioje A lygoje. Virtualaus\u2026<\/p>\n","protected":false},"author":4,"featured_media":0,"comment_status":"closed","ping_status":"closed","sticky":false,"template":"","format":"standard","meta":{"_acf_changed":false,"footnotes":""},"categories":[87],"class_list":["post-11750","post","type-post","status-publish","format-standard","hentry","category-zalgiris"],"acf":[],"yoast_head":"<!-- This site is optimized with the Yoast SEO plugin v26.8 - https:\/\/yoast.com\/product\/yoast-seo-wordpress\/ -->\n<title>\u017dalgirie\u010diai debiutuos naujoje Esporto A lygoje - FK \u017dalgiris<\/title>\n<meta name=\"robots\" content=\"index, follow, max-snippet:-1, max-image-preview:large, max-video-preview:-1\" \/>\n<link rel=\"canonical\" href=\"https:\/\/fkzalgiris.lt\/zalgirieciai-debiutuos-naujoje-esporto-a-lygoje\/\" \/>\n<meta property=\"og:locale\" content=\"lt_LT\" \/>\n<meta property=\"og:type\" content=\"article\" \/>\n<meta property=\"og:title\" content=\"\u017dalgirie\u010diai debiutuos naujoje Esporto A lygoje - FK \u017dalgiris\" \/>\n<meta property=\"og:description\" content=\"Savaitgalis bus neeilinis ne tik d\u0117l Supertaur\u0117s rungtyni\u0173 ir prasidedan\u010dio sezono \u2013 savo sezon\u0105 prad\u0117s ir e-futbolininkai, kurie var\u017eysis pirm\u0105 kart\u0105 startuosian\u010dioje A lygoje. Virtualaus\u2026\" \/>\n<meta property=\"og:url\" content=\"https:\/\/fkzalgiris.lt\/zalgirieciai-debiutuos-naujoje-esporto-a-lygoje\/\" \/>\n<meta property=\"og:site_name\" content=\"FK \u017dalgiris\" \/>\n<meta property=\"article:publisher\" content=\"https:\/\/www.facebook.com\/fkzalgiris\/\" \/>\n<meta property=\"article:published_time\" content=\"2023-02-24T15:17:10+00:00\" \/>\n<meta property=\"article:modified_time\" content=\"2023-02-25T14:45:32+00:00\" \/>\n<meta property=\"og:image\" content=\"https:\/\/fkzalgiris.lt\/wp-content\/uploads\/2023\/02\/Esporto-A-lyga-1024x575.png\" \/>\n<meta name=\"author\" content=\"J\" \/>\n<meta name=\"twitter:card\" content=\"summary_large_image\" \/>\n<meta name=\"twitter:creator\" content=\"@fkzalgiris\" \/>\n<meta name=\"twitter:site\" content=\"@fkzalgiris\" \/>\n<meta name=\"twitter:label1\" content=\"Written by\" \/>\n\t<meta name=\"twitter:data1\" content=\"J\" \/>\n\t<meta name=\"twitter:label2\" content=\"Est. reading time\" \/>\n\t<meta name=\"twitter:data2\" content=\"2 minut\u0117s\" \/>\n<script type=\"application\/ld+json\" class=\"yoast-schema-graph\">{\"@context\":\"https:\/\/schema.org\",\"@graph\":[{\"@type\":\"Article\",\"@id\":\"https:\/\/fkzalgiris.lt\/zalgirieciai-debiutuos-naujoje-esporto-a-lygoje\/#article\",\"isPartOf\":{\"@id\":\"https:\/\/fkzalgiris.lt\/zalgirieciai-debiutuos-naujoje-esporto-a-lygoje\/\"},\"author\":{\"name\":\"J\",\"@id\":\"https:\/\/fkzalgiris.lt\/#\/schema\/person\/8604babbba794a7d8767be324a3eaac8\"},\"headline\":\"\u017dalgirie\u010diai debiutuos naujoje Esporto A lygoje\",\"datePublished\":\"2023-02-24T15:17:10+00:00\",\"dateModified\":\"2023-02-25T14:45:32+00:00\",\"mainEntityOfPage\":{\"@id\":\"https:\/\/fkzalgiris.lt\/zalgirieciai-debiutuos-naujoje-esporto-a-lygoje\/\"},\"wordCount\":391,\"publisher\":{\"@id\":\"https:\/\/fkzalgiris.lt\/#organization\"},\"image\":{\"@id\":\"https:\/\/fkzalgiris.lt\/zalgirieciai-debiutuos-naujoje-esporto-a-lygoje\/#primaryimage\"},\"thumbnailUrl\":\"https:\/\/fkzalgiris.lt\/wp-content\/uploads\/2023\/02\/Esporto-A-lyga-1024x575.png\",\"articleSection\":[\"\u017dalgiris\"],\"inLanguage\":\"lt-LT\"},{\"@type\":\"WebPage\",\"@id\":\"https:\/\/fkzalgiris.lt\/zalgirieciai-debiutuos-naujoje-esporto-a-lygoje\/\",\"url\":\"https:\/\/fkzalgiris.lt\/zalgirieciai-debiutuos-naujoje-esporto-a-lygoje\/\",\"name\":\"\u017dalgirie\u010diai debiutuos naujoje Esporto A lygoje - FK \u017dalgiris\",\"isPartOf\":{\"@id\":\"https:\/\/fkzalgiris.lt\/#website\"},\"primaryImageOfPage\":{\"@id\":\"https:\/\/fkzalgiris.lt\/zalgirieciai-debiutuos-naujoje-esporto-a-lygoje\/#primaryimage\"},\"image\":{\"@id\":\"https:\/\/fkzalgiris.lt\/zalgirieciai-debiutuos-naujoje-esporto-a-lygoje\/#primaryimage\"},\"thumbnailUrl\":\"https:\/\/fkzalgiris.lt\/wp-content\/uploads\/2023\/02\/Esporto-A-lyga-1024x575.png\",\"datePublished\":\"2023-02-24T15:17:10+00:00\",\"dateModified\":\"2023-02-25T14:45:32+00:00\",\"breadcrumb\":{\"@id\":\"https:\/\/fkzalgiris.lt\/zalgirieciai-debiutuos-naujoje-esporto-a-lygoje\/#breadcrumb\"},\"inLanguage\":\"lt-LT\",\"potentialAction\":[{\"@type\":\"ReadAction\",\"target\":[\"https:\/\/fkzalgiris.lt\/zalgirieciai-debiutuos-naujoje-esporto-a-lygoje\/\"]}]},{\"@type\":\"ImageObject\",\"inLanguage\":\"lt-LT\",\"@id\":\"https:\/\/fkzalgiris.lt\/zalgirieciai-debiutuos-naujoje-esporto-a-lygoje\/#primaryimage\",\"url\":\"https:\/\/fkzalgiris.lt\/wp-content\/uploads\/2023\/02\/Esporto-A-lyga.png\",\"contentUrl\":\"https:\/\/fkzalgiris.lt\/wp-content\/uploads\/2023\/02\/Esporto-A-lyga.png\",\"width\":1280,\"height\":719},{\"@type\":\"BreadcrumbList\",\"@id\":\"https:\/\/fkzalgiris.lt\/zalgirieciai-debiutuos-naujoje-esporto-a-lygoje\/#breadcrumb\",\"itemListElement\":[{\"@type\":\"ListItem\",\"position\":1,\"name\":\"Home\",\"item\":\"https:\/\/fkzalgiris.lt\/\"},{\"@type\":\"ListItem\",\"position\":2,\"name\":\"\u017dalgirie\u010diai debiutuos naujoje Esporto A lygoje\"}]},{\"@type\":\"WebSite\",\"@id\":\"https:\/\/fkzalgiris.lt\/#website\",\"url\":\"https:\/\/fkzalgiris.lt\/\",\"name\":\"FK \u017dalgiris\",\"description\":\"oficiali Vilniaus \u201e\u017dalgirio\u201c futbolo klubo svetain\u0117\",\"publisher\":{\"@id\":\"https:\/\/fkzalgiris.lt\/#organization\"},\"potentialAction\":[{\"@type\":\"SearchAction\",\"target\":{\"@type\":\"EntryPoint\",\"urlTemplate\":\"https:\/\/fkzalgiris.lt\/?s={search_term_string}\"},\"query-input\":{\"@type\":\"PropertyValueSpecification\",\"valueRequired\":true,\"valueName\":\"search_term_string\"}}],\"inLanguage\":\"lt-LT\"},{\"@type\":\"Organization\",\"@id\":\"https:\/\/fkzalgiris.lt\/#organization\",\"name\":\"FK \u017dalgiris\",\"url\":\"https:\/\/fkzalgiris.lt\/\",\"logo\":{\"@type\":\"ImageObject\",\"inLanguage\":\"lt-LT\",\"@id\":\"https:\/\/fkzalgiris.lt\/#\/schema\/logo\/image\/\",\"url\":\"https:\/\/fkzalgiris.lt\/wp-content\/uploads\/2024\/01\/horiz-FK-Zalgiris-logo-2015.png\",\"contentUrl\":\"https:\/\/fkzalgiris.lt\/wp-content\/uploads\/2024\/01\/horiz-FK-Zalgiris-logo-2015.png\",\"width\":3073,\"height\":2048,\"caption\":\"FK \u017dalgiris\"},\"image\":{\"@id\":\"https:\/\/fkzalgiris.lt\/#\/schema\/logo\/image\/\"},\"sameAs\":[\"https:\/\/www.facebook.com\/fkzalgiris\/\",\"https:\/\/x.com\/fkzalgiris\",\"https:\/\/www.instagram.com\/fkzalgiris\/\",\"https:\/\/www.youtube.com\/channel\/UC1ag8JLxGirltMUoLlzfZLA\"]},{\"@type\":\"Person\",\"@id\":\"https:\/\/fkzalgiris.lt\/#\/schema\/person\/8604babbba794a7d8767be324a3eaac8\",\"name\":\"J\"}]}<\/script>\n<!-- \/ Yoast SEO plugin. -->","yoast_head_json":{"title":"\u017dalgirie\u010diai debiutuos naujoje Esporto A lygoje - FK \u017dalgiris","robots":{"index":"index","follow":"follow","max-snippet":"max-snippet:-1","max-image-preview":"max-image-preview:large","max-video-preview":"max-video-preview:-1"},"canonical":"https:\/\/fkzalgiris.lt\/zalgirieciai-debiutuos-naujoje-esporto-a-lygoje\/","og_locale":"lt_LT","og_type":"article","og_title":"\u017dalgirie\u010diai debiutuos naujoje Esporto A lygoje - FK \u017dalgiris","og_description":"Savaitgalis bus neeilinis ne tik d\u0117l Supertaur\u0117s rungtyni\u0173 ir prasidedan\u010dio sezono \u2013 savo sezon\u0105 prad\u0117s ir e-futbolininkai, kurie var\u017eysis pirm\u0105 kart\u0105 startuosian\u010dioje A lygoje. Virtualaus\u2026","og_url":"https:\/\/fkzalgiris.lt\/zalgirieciai-debiutuos-naujoje-esporto-a-lygoje\/","og_site_name":"FK \u017dalgiris","article_publisher":"https:\/\/www.facebook.com\/fkzalgiris\/","article_published_time":"2023-02-24T15:17:10+00:00","article_modified_time":"2023-02-25T14:45:32+00:00","og_image":[{"url":"https:\/\/fkzalgiris.lt\/wp-content\/uploads\/2023\/02\/Esporto-A-lyga-1024x575.png","type":"","width":"","height":""}],"author":"J","twitter_card":"summary_large_image","twitter_creator":"@fkzalgiris","twitter_site":"@fkzalgiris","twitter_misc":{"Written by":"J","Est. reading time":"2 minut\u0117s"},"schema":{"@context":"https:\/\/schema.org","@graph":[{"@type":"Article","@id":"https:\/\/fkzalgiris.lt\/zalgirieciai-debiutuos-naujoje-esporto-a-lygoje\/#article","isPartOf":{"@id":"https:\/\/fkzalgiris.lt\/zalgirieciai-debiutuos-naujoje-esporto-a-lygoje\/"},"author":{"name":"J","@id":"https:\/\/fkzalgiris.lt\/#\/schema\/person\/8604babbba794a7d8767be324a3eaac8"},"headline":"\u017dalgirie\u010diai debiutuos naujoje Esporto A lygoje","datePublished":"2023-02-24T15:17:10+00:00","dateModified":"2023-02-25T14:45:32+00:00","mainEntityOfPage":{"@id":"https:\/\/fkzalgiris.lt\/zalgirieciai-debiutuos-naujoje-esporto-a-lygoje\/"},"wordCount":391,"publisher":{"@id":"https:\/\/fkzalgiris.lt\/#organization"},"image":{"@id":"https:\/\/fkzalgiris.lt\/zalgirieciai-debiutuos-naujoje-esporto-a-lygoje\/#primaryimage"},"thumbnailUrl":"https:\/\/fkzalgiris.lt\/wp-content\/uploads\/2023\/02\/Esporto-A-lyga-1024x575.png","articleSection":["\u017dalgiris"],"inLanguage":"lt-LT"},{"@type":"WebPage","@id":"https:\/\/fkzalgiris.lt\/zalgirieciai-debiutuos-naujoje-esporto-a-lygoje\/","url":"https:\/\/fkzalgiris.lt\/zalgirieciai-debiutuos-naujoje-esporto-a-lygoje\/","name":"\u017dalgirie\u010diai debiutuos naujoje Esporto A lygoje - FK \u017dalgiris","isPartOf":{"@id":"https:\/\/fkzalgiris.lt\/#website"},"primaryImageOfPage":{"@id":"https:\/\/fkzalgiris.lt\/zalgirieciai-debiutuos-naujoje-esporto-a-lygoje\/#primaryimage"},"image":{"@id":"https:\/\/fkzalgiris.lt\/zalgirieciai-debiutuos-naujoje-esporto-a-lygoje\/#primaryimage"},"thumbnailUrl":"https:\/\/fkzalgiris.lt\/wp-content\/uploads\/2023\/02\/Esporto-A-lyga-1024x575.png","datePublished":"2023-02-24T15:17:10+00:00","dateModified":"2023-02-25T14:45:32+00:00","breadcrumb":{"@id":"https:\/\/fkzalgiris.lt\/zalgirieciai-debiutuos-naujoje-esporto-a-lygoje\/#breadcrumb"},"inLanguage":"lt-LT","potentialAction":[{"@type":"ReadAction","target":["https:\/\/fkzalgiris.lt\/zalgirieciai-debiutuos-naujoje-esporto-a-lygoje\/"]}]},{"@type":"ImageObject","inLanguage":"lt-LT","@id":"https:\/\/fkzalgiris.lt\/zalgirieciai-debiutuos-naujoje-esporto-a-lygoje\/#primaryimage","url":"https:\/\/fkzalgiris.lt\/wp-content\/uploads\/2023\/02\/Esporto-A-lyga.png","contentUrl":"https:\/\/fkzalgiris.lt\/wp-content\/uploads\/2023\/02\/Esporto-A-lyga.png","width":1280,"height":719},{"@type":"BreadcrumbList","@id":"https:\/\/fkzalgiris.lt\/zalgirieciai-debiutuos-naujoje-esporto-a-lygoje\/#breadcrumb","itemListElement":[{"@type":"ListItem","position":1,"name":"Home","item":"https:\/\/fkzalgiris.lt\/"},{"@type":"ListItem","position":2,"name":"\u017dalgirie\u010diai debiutuos naujoje Esporto A lygoje"}]},{"@type":"WebSite","@id":"https:\/\/fkzalgiris.lt\/#website","url":"https:\/\/fkzalgiris.lt\/","name":"FK \u017dalgiris","description":"oficiali Vilniaus \u201e\u017dalgirio\u201c futbolo klubo svetain\u0117","publisher":{"@id":"https:\/\/fkzalgiris.lt\/#organization"},"potentialAction":[{"@type":"SearchAction","target":{"@type":"EntryPoint","urlTemplate":"https:\/\/fkzalgiris.lt\/?s={search_term_string}"},"query-input":{"@type":"PropertyValueSpecification","valueRequired":true,"valueName":"search_term_string"}}],"inLanguage":"lt-LT"},{"@type":"Organization","@id":"https:\/\/fkzalgiris.lt\/#organization","name":"FK \u017dalgiris","url":"https:\/\/fkzalgiris.lt\/","logo":{"@type":"ImageObject","inLanguage":"lt-LT","@id":"https:\/\/fkzalgiris.lt\/#\/schema\/logo\/image\/","url":"https:\/\/fkzalgiris.lt\/wp-content\/uploads\/2024\/01\/horiz-FK-Zalgiris-logo-2015.png","contentUrl":"https:\/\/fkzalgiris.lt\/wp-content\/uploads\/2024\/01\/horiz-FK-Zalgiris-logo-2015.png","width":3073,"height":2048,"caption":"FK \u017dalgiris"},"image":{"@id":"https:\/\/fkzalgiris.lt\/#\/schema\/logo\/image\/"},"sameAs":["https:\/\/www.facebook.com\/fkzalgiris\/","https:\/\/x.com\/fkzalgiris","https:\/\/www.instagram.com\/fkzalgiris\/","https:\/\/www.youtube.com\/channel\/UC1ag8JLxGirltMUoLlzfZLA"]},{"@type":"Person","@id":"https:\/\/fkzalgiris.lt\/#\/schema\/person\/8604babbba794a7d8767be324a3eaac8","name":"J"}]}},"_links":{"self":[{"href":"https:\/\/fkzalgiris.lt\/api\/wp\/v2\/posts\/11750","targetHints":{"allow":["GET"]}}],"collection":[{"href":"https:\/\/fkzalgiris.lt\/api\/wp\/v2\/posts"}],"about":[{"href":"https:\/\/fkzalgiris.lt\/api\/wp\/v2\/types\/post"}],"author":[{"embeddable":true,"href":"https:\/\/fkzalgiris.lt\/api\/wp\/v2\/users\/4"}],"replies":[{"embeddable":true,"href":"https:\/\/fkzalgiris.lt\/api\/wp\/v2\/comments?post=11750"}],"version-history":[{"count":5,"href":"https:\/\/fkzalgiris.lt\/api\/wp\/v2\/posts\/11750\/revisions"}],"predecessor-version":[{"id":11767,"href":"https:\/\/fkzalgiris.lt\/api\/wp\/v2\/posts\/11750\/revisions\/11767"}],"wp:attachment":[{"href":"https:\/\/fkzalgiris.lt\/api\/wp\/v2\/media?parent=11750"}],"wp:term":[{"taxonomy":"category","embeddable":true,"href":"https:\/\/fkzalgiris.lt\/api\/wp\/v2\/categories?post=11750"}],"curies":[{"name":"wp","href":"https:\/\/api.w.org\/{rel}","templated":true}]}}