{"id":11667,"date":"2023-02-18T14:00:27","date_gmt":"2023-02-18T12:00:27","guid":{"rendered":"https:\/\/fkzalgiris.lt\/?p=11667"},"modified":"2023-02-19T12:55:08","modified_gmt":"2023-02-19T10:55:08","slug":"o-buffas-pamacius-kad-daugelis-pasiliko-buvo-lengviau-nuspresti-ir-man","status":"publish","type":"post","link":"https:\/\/fkzalgiris.lt\/o-buffas-pamacius-kad-daugelis-pasiliko-buvo-lengviau-nuspresti-ir-man\/","title":{"rendered":"O. Buffas: \u201ePama\u010dius kad daugelis pasiliko buvo lengviau nuspr\u0119sti ir man\u201c"},"content":{"rendered":"<p>Antr\u0105 sezon\u0105 \u201e\u017dalgirio\u201c komandoje \u017eaisiantis saugas i\u0161 \u0160veicarijos Oliveris Buffas teigia, jog sprendim\u0105 likti Vilniuje paskatino ir tai, jog nema\u017ea dalis pra\u0117jusio sezono ekipos branduolio prat\u0119s\u0117 sutartis.<\/p>\n<p>O. Buffas \u2013 septintasis \u017ealgirietis, kuris \u0161i\u0105 \u017eiem\u0105 prat\u0119s\u0117 sutart\u012f su Lietuvos \u010dempionais.<\/p>\n<p>\u201ePrireik\u0117 daugiau laiko namuose visk\u0105 apgalvoti, nusiraminti. Pagalvoti apie kit\u0105 mano \u017eingsn\u012f. Gal\u0173 gale pri\u0117miau sprendim\u0105, kad b\u016bt\u0173 gerai pakartoti pra\u0117jus\u012f sezon\u0105. Kasmet su nauja komanda \u017eaisti Europoje labai sunku. Pernai tur\u0117jome labai ger\u0105 komand\u0105. Kai pama\u010diau kad daug vaikin\u0173 pasiliko \u010dia. Buvo lengviau nuspr\u0119sti pasilikti ir man. Daug lengviau jei turi \u017eaid\u0117jus kurie vieni kitus pa\u017e\u012fsta\u201c, &#8211; ai\u0161kino \u0161veicaras.<\/p>\n<p>Saugas prie komandos prisijung\u0117 vasario prad\u017eioje, treniruo\u010di\u0173 stovykloje Turkijoje, ta\u010diau jam pirmosios savait\u0117s nebuvo skland\u017eios. \u201ePrisijungti prie komandos pasiruo\u0161imo metu nelengva. Atvyk\u0119s gavau traum\u0105. Nepasisek\u0117, bet tikiuosi greitai gr\u012f\u017eti. Laukia ilgas sezonas, neabejoju jog dar pad\u0117siu komandai\u201c, &#8211; teig\u0117 \u017eaid\u0117jas, kuris \u0161\u012f sezon\u0105 23-\u0105 mar\u0161kin\u0117li\u0173 numer\u012f i\u0161keit\u0117 \u012f 15-\u0105j\u012f.<\/p>\n<p><img loading=\"lazy\" decoding=\"async\" class=\"alignnone wp-image-11671\" src=\"https:\/\/fkzalgiris.lt\/wp-content\/uploads\/2023\/02\/Buff-1024x683.jpg\" alt=\"\" width=\"600\" height=\"400\" srcset=\"https:\/\/fkzalgiris.lt\/wp-content\/uploads\/2023\/02\/Buff-1024x683.jpg 1024w, https:\/\/fkzalgiris.lt\/wp-content\/uploads\/2023\/02\/Buff-300x200.jpg 300w, https:\/\/fkzalgiris.lt\/wp-content\/uploads\/2023\/02\/Buff-768x512.jpg 768w, https:\/\/fkzalgiris.lt\/wp-content\/uploads\/2023\/02\/Buff-1536x1024.jpg 1536w, https:\/\/fkzalgiris.lt\/wp-content\/uploads\/2023\/02\/Buff-150x100.jpg 150w, https:\/\/fkzalgiris.lt\/wp-content\/uploads\/2023\/02\/Buff-840x560.jpg 840w, https:\/\/fkzalgiris.lt\/wp-content\/uploads\/2023\/02\/Buff-570x380.jpg 570w, https:\/\/fkzalgiris.lt\/wp-content\/uploads\/2023\/02\/Buff-30x20.jpg 30w, https:\/\/fkzalgiris.lt\/wp-content\/uploads\/2023\/02\/Buff.jpg 2048w\" sizes=\"auto, (max-width: 600px) 100vw, 600px\" \/><\/p>\n<p>Pra\u0117jus\u012f sezon\u0105 su komandos draugais jis buvo arti patekimo \u012f UEFA Europos lyg\u0105. Pasak patyrusio futbolininko, nors tikslai dideli, pernai i\u0161kovotas kelialapis \u012f Konferencij\u0173 lyg\u0105 toli gra\u017eu negarantuoja lengvesnio kelio \u0161iemet.<\/p>\n<p>\u201eKai \u017eaidi \u010cempion\u0173 lygoje, \u017einoma, nori eiti iki pat galo. Ta\u010diau tai labai didelis tikslas, svajon\u0117. \u017dinoma, turiu tiksl\u0105 v\u0117l patekti \u012f Europos turnyrus. Svajon\u0117 &#8211; \u010cempion\u0173 lyga. Kiti du turnyrai \u2013 tikslas. Pernai labai nepasisek\u0117, kad nepatekome \u012f Europos lyg\u0105. Ta\u010diau manau kad ir dabar bus labai sunku. Galb\u016bt prad\u017eioje dar gali b\u016bti lengvesnis var\u017eovas. Bet gali ir nepasisekti, sutikti labai stipr\u0173 var\u017eov\u0105. Tikiuosi mums seksis ir pateksime toliau. Su \u0161ia komanda, manau, kad mums reikia \u0161iek tiek laiko, nes yra naujok\u0173. \u017dinoma yra ir tikslas tapti \u010dempionais, laim\u0117ti taur\u0119\u201c, &#8211; kalb\u0117jo O. Buffas.<\/p>\n<p>\u201e\u017dalgiris\u201c \u0161e\u0161tadien\u012f \u017eais paskutines kontrolines rungtynes prie\u0161 Klaip\u0117dos \u201eNept\u016bn\u0105\u201c, o sezon\u0105 prad\u0117s vasario 26 d. Supertaur\u0117s rungtyn\u0117mis. Pirmoji dvikova \u010dempionate numatoma kovo 5 d.<\/p>\n","protected":false},"excerpt":{"rendered":"<p>Antr\u0105 sezon\u0105 \u201e\u017dalgirio\u201c komandoje \u017eaisiantis saugas i\u0161 \u0160veicarijos Oliveris Buffas teigia, jog sprendim\u0105 likti Vilniuje paskatino ir tai, jog nema\u017ea dalis pra\u0117jusio sezono ekipos branduolio\u2026<\/p>\n","protected":false},"author":4,"featured_media":0,"comment_status":"closed","ping_status":"closed","sticky":false,"template":"","format":"standard","meta":{"_acf_changed":false,"footnotes":""},"categories":[1],"class_list":["post-11667","post","type-post","status-publish","format-standard","hentry","category-be-kategorijos"],"acf":[],"yoast_head":"<!-- This site is optimized with the Yoast SEO plugin v26.8 - https:\/\/yoast.com\/product\/yoast-seo-wordpress\/ -->\n<title>O. Buffas: \u201ePama\u010dius kad daugelis pasiliko buvo lengviau nuspr\u0119sti ir man\u201c - FK \u017dalgiris<\/title>\n<meta name=\"robots\" content=\"index, follow, max-snippet:-1, max-image-preview:large, max-video-preview:-1\" \/>\n<link rel=\"canonical\" href=\"https:\/\/fkzalgiris.lt\/o-buffas-pamacius-kad-daugelis-pasiliko-buvo-lengviau-nuspresti-ir-man\/\" \/>\n<meta property=\"og:locale\" content=\"lt_LT\" \/>\n<meta property=\"og:type\" content=\"article\" \/>\n<meta property=\"og:title\" content=\"O. Buffas: \u201ePama\u010dius kad daugelis pasiliko buvo lengviau nuspr\u0119sti ir man\u201c - FK \u017dalgiris\" \/>\n<meta property=\"og:description\" content=\"Antr\u0105 sezon\u0105 \u201e\u017dalgirio\u201c komandoje \u017eaisiantis saugas i\u0161 \u0160veicarijos Oliveris Buffas teigia, jog sprendim\u0105 likti Vilniuje paskatino ir tai, jog nema\u017ea dalis pra\u0117jusio sezono ekipos branduolio\u2026\" \/>\n<meta property=\"og:url\" content=\"https:\/\/fkzalgiris.lt\/o-buffas-pamacius-kad-daugelis-pasiliko-buvo-lengviau-nuspresti-ir-man\/\" \/>\n<meta property=\"og:site_name\" content=\"FK \u017dalgiris\" \/>\n<meta property=\"article:publisher\" content=\"https:\/\/www.facebook.com\/fkzalgiris\/\" \/>\n<meta property=\"article:published_time\" content=\"2023-02-18T12:00:27+00:00\" \/>\n<meta property=\"article:modified_time\" content=\"2023-02-19T10:55:08+00:00\" \/>\n<meta property=\"og:image\" content=\"https:\/\/fkzalgiris.lt\/wp-content\/uploads\/2023\/02\/Buff-1024x683.jpg\" \/>\n<meta name=\"author\" content=\"J\" \/>\n<meta name=\"twitter:card\" content=\"summary_large_image\" \/>\n<meta name=\"twitter:creator\" content=\"@fkzalgiris\" \/>\n<meta name=\"twitter:site\" content=\"@fkzalgiris\" \/>\n<meta name=\"twitter:label1\" content=\"Written by\" \/>\n\t<meta name=\"twitter:data1\" content=\"J\" \/>\n\t<meta name=\"twitter:label2\" content=\"Est. reading time\" \/>\n\t<meta name=\"twitter:data2\" content=\"2 minut\u0117s\" \/>\n<script type=\"application\/ld+json\" class=\"yoast-schema-graph\">{\"@context\":\"https:\/\/schema.org\",\"@graph\":[{\"@type\":\"Article\",\"@id\":\"https:\/\/fkzalgiris.lt\/o-buffas-pamacius-kad-daugelis-pasiliko-buvo-lengviau-nuspresti-ir-man\/#article\",\"isPartOf\":{\"@id\":\"https:\/\/fkzalgiris.lt\/o-buffas-pamacius-kad-daugelis-pasiliko-buvo-lengviau-nuspresti-ir-man\/\"},\"author\":{\"name\":\"J\",\"@id\":\"https:\/\/fkzalgiris.lt\/#\/schema\/person\/8604babbba794a7d8767be324a3eaac8\"},\"headline\":\"O. Buffas: \u201ePama\u010dius kad daugelis pasiliko buvo lengviau nuspr\u0119sti ir man\u201c\",\"datePublished\":\"2023-02-18T12:00:27+00:00\",\"dateModified\":\"2023-02-19T10:55:08+00:00\",\"mainEntityOfPage\":{\"@id\":\"https:\/\/fkzalgiris.lt\/o-buffas-pamacius-kad-daugelis-pasiliko-buvo-lengviau-nuspresti-ir-man\/\"},\"wordCount\":348,\"publisher\":{\"@id\":\"https:\/\/fkzalgiris.lt\/#organization\"},\"image\":{\"@id\":\"https:\/\/fkzalgiris.lt\/o-buffas-pamacius-kad-daugelis-pasiliko-buvo-lengviau-nuspresti-ir-man\/#primaryimage\"},\"thumbnailUrl\":\"https:\/\/fkzalgiris.lt\/wp-content\/uploads\/2023\/02\/Buff-1024x683.jpg\",\"inLanguage\":\"lt-LT\"},{\"@type\":\"WebPage\",\"@id\":\"https:\/\/fkzalgiris.lt\/o-buffas-pamacius-kad-daugelis-pasiliko-buvo-lengviau-nuspresti-ir-man\/\",\"url\":\"https:\/\/fkzalgiris.lt\/o-buffas-pamacius-kad-daugelis-pasiliko-buvo-lengviau-nuspresti-ir-man\/\",\"name\":\"O. Buffas: \u201ePama\u010dius kad daugelis pasiliko buvo lengviau nuspr\u0119sti ir man\u201c - FK \u017dalgiris\",\"isPartOf\":{\"@id\":\"https:\/\/fkzalgiris.lt\/#website\"},\"primaryImageOfPage\":{\"@id\":\"https:\/\/fkzalgiris.lt\/o-buffas-pamacius-kad-daugelis-pasiliko-buvo-lengviau-nuspresti-ir-man\/#primaryimage\"},\"image\":{\"@id\":\"https:\/\/fkzalgiris.lt\/o-buffas-pamacius-kad-daugelis-pasiliko-buvo-lengviau-nuspresti-ir-man\/#primaryimage\"},\"thumbnailUrl\":\"https:\/\/fkzalgiris.lt\/wp-content\/uploads\/2023\/02\/Buff-1024x683.jpg\",\"datePublished\":\"2023-02-18T12:00:27+00:00\",\"dateModified\":\"2023-02-19T10:55:08+00:00\",\"breadcrumb\":{\"@id\":\"https:\/\/fkzalgiris.lt\/o-buffas-pamacius-kad-daugelis-pasiliko-buvo-lengviau-nuspresti-ir-man\/#breadcrumb\"},\"inLanguage\":\"lt-LT\",\"potentialAction\":[{\"@type\":\"ReadAction\",\"target\":[\"https:\/\/fkzalgiris.lt\/o-buffas-pamacius-kad-daugelis-pasiliko-buvo-lengviau-nuspresti-ir-man\/\"]}]},{\"@type\":\"ImageObject\",\"inLanguage\":\"lt-LT\",\"@id\":\"https:\/\/fkzalgiris.lt\/o-buffas-pamacius-kad-daugelis-pasiliko-buvo-lengviau-nuspresti-ir-man\/#primaryimage\",\"url\":\"https:\/\/fkzalgiris.lt\/wp-content\/uploads\/2023\/02\/Buff.jpg\",\"contentUrl\":\"https:\/\/fkzalgiris.lt\/wp-content\/uploads\/2023\/02\/Buff.jpg\",\"width\":2048,\"height\":1365},{\"@type\":\"BreadcrumbList\",\"@id\":\"https:\/\/fkzalgiris.lt\/o-buffas-pamacius-kad-daugelis-pasiliko-buvo-lengviau-nuspresti-ir-man\/#breadcrumb\",\"itemListElement\":[{\"@type\":\"ListItem\",\"position\":1,\"name\":\"Home\",\"item\":\"https:\/\/fkzalgiris.lt\/\"},{\"@type\":\"ListItem\",\"position\":2,\"name\":\"O. Buffas: \u201ePama\u010dius kad daugelis pasiliko buvo lengviau nuspr\u0119sti ir man\u201c\"}]},{\"@type\":\"WebSite\",\"@id\":\"https:\/\/fkzalgiris.lt\/#website\",\"url\":\"https:\/\/fkzalgiris.lt\/\",\"name\":\"FK \u017dalgiris\",\"description\":\"oficiali Vilniaus \u201e\u017dalgirio\u201c futbolo klubo svetain\u0117\",\"publisher\":{\"@id\":\"https:\/\/fkzalgiris.lt\/#organization\"},\"potentialAction\":[{\"@type\":\"SearchAction\",\"target\":{\"@type\":\"EntryPoint\",\"urlTemplate\":\"https:\/\/fkzalgiris.lt\/?s={search_term_string}\"},\"query-input\":{\"@type\":\"PropertyValueSpecification\",\"valueRequired\":true,\"valueName\":\"search_term_string\"}}],\"inLanguage\":\"lt-LT\"},{\"@type\":\"Organization\",\"@id\":\"https:\/\/fkzalgiris.lt\/#organization\",\"name\":\"FK \u017dalgiris\",\"url\":\"https:\/\/fkzalgiris.lt\/\",\"logo\":{\"@type\":\"ImageObject\",\"inLanguage\":\"lt-LT\",\"@id\":\"https:\/\/fkzalgiris.lt\/#\/schema\/logo\/image\/\",\"url\":\"https:\/\/fkzalgiris.lt\/wp-content\/uploads\/2024\/01\/horiz-FK-Zalgiris-logo-2015.png\",\"contentUrl\":\"https:\/\/fkzalgiris.lt\/wp-content\/uploads\/2024\/01\/horiz-FK-Zalgiris-logo-2015.png\",\"width\":3073,\"height\":2048,\"caption\":\"FK \u017dalgiris\"},\"image\":{\"@id\":\"https:\/\/fkzalgiris.lt\/#\/schema\/logo\/image\/\"},\"sameAs\":[\"https:\/\/www.facebook.com\/fkzalgiris\/\",\"https:\/\/x.com\/fkzalgiris\",\"https:\/\/www.instagram.com\/fkzalgiris\/\",\"https:\/\/www.youtube.com\/channel\/UC1ag8JLxGirltMUoLlzfZLA\"]},{\"@type\":\"Person\",\"@id\":\"https:\/\/fkzalgiris.lt\/#\/schema\/person\/8604babbba794a7d8767be324a3eaac8\",\"name\":\"J\"}]}<\/script>\n<!-- \/ Yoast SEO plugin. -->","yoast_head_json":{"title":"O. Buffas: \u201ePama\u010dius kad daugelis pasiliko buvo lengviau nuspr\u0119sti ir man\u201c - FK \u017dalgiris","robots":{"index":"index","follow":"follow","max-snippet":"max-snippet:-1","max-image-preview":"max-image-preview:large","max-video-preview":"max-video-preview:-1"},"canonical":"https:\/\/fkzalgiris.lt\/o-buffas-pamacius-kad-daugelis-pasiliko-buvo-lengviau-nuspresti-ir-man\/","og_locale":"lt_LT","og_type":"article","og_title":"O. Buffas: \u201ePama\u010dius kad daugelis pasiliko buvo lengviau nuspr\u0119sti ir man\u201c - FK \u017dalgiris","og_description":"Antr\u0105 sezon\u0105 \u201e\u017dalgirio\u201c komandoje \u017eaisiantis saugas i\u0161 \u0160veicarijos Oliveris Buffas teigia, jog sprendim\u0105 likti Vilniuje paskatino ir tai, jog nema\u017ea dalis pra\u0117jusio sezono ekipos branduolio\u2026","og_url":"https:\/\/fkzalgiris.lt\/o-buffas-pamacius-kad-daugelis-pasiliko-buvo-lengviau-nuspresti-ir-man\/","og_site_name":"FK \u017dalgiris","article_publisher":"https:\/\/www.facebook.com\/fkzalgiris\/","article_published_time":"2023-02-18T12:00:27+00:00","article_modified_time":"2023-02-19T10:55:08+00:00","og_image":[{"url":"https:\/\/fkzalgiris.lt\/wp-content\/uploads\/2023\/02\/Buff-1024x683.jpg","type":"","width":"","height":""}],"author":"J","twitter_card":"summary_large_image","twitter_creator":"@fkzalgiris","twitter_site":"@fkzalgiris","twitter_misc":{"Written by":"J","Est. reading time":"2 minut\u0117s"},"schema":{"@context":"https:\/\/schema.org","@graph":[{"@type":"Article","@id":"https:\/\/fkzalgiris.lt\/o-buffas-pamacius-kad-daugelis-pasiliko-buvo-lengviau-nuspresti-ir-man\/#article","isPartOf":{"@id":"https:\/\/fkzalgiris.lt\/o-buffas-pamacius-kad-daugelis-pasiliko-buvo-lengviau-nuspresti-ir-man\/"},"author":{"name":"J","@id":"https:\/\/fkzalgiris.lt\/#\/schema\/person\/8604babbba794a7d8767be324a3eaac8"},"headline":"O. Buffas: \u201ePama\u010dius kad daugelis pasiliko buvo lengviau nuspr\u0119sti ir man\u201c","datePublished":"2023-02-18T12:00:27+00:00","dateModified":"2023-02-19T10:55:08+00:00","mainEntityOfPage":{"@id":"https:\/\/fkzalgiris.lt\/o-buffas-pamacius-kad-daugelis-pasiliko-buvo-lengviau-nuspresti-ir-man\/"},"wordCount":348,"publisher":{"@id":"https:\/\/fkzalgiris.lt\/#organization"},"image":{"@id":"https:\/\/fkzalgiris.lt\/o-buffas-pamacius-kad-daugelis-pasiliko-buvo-lengviau-nuspresti-ir-man\/#primaryimage"},"thumbnailUrl":"https:\/\/fkzalgiris.lt\/wp-content\/uploads\/2023\/02\/Buff-1024x683.jpg","inLanguage":"lt-LT"},{"@type":"WebPage","@id":"https:\/\/fkzalgiris.lt\/o-buffas-pamacius-kad-daugelis-pasiliko-buvo-lengviau-nuspresti-ir-man\/","url":"https:\/\/fkzalgiris.lt\/o-buffas-pamacius-kad-daugelis-pasiliko-buvo-lengviau-nuspresti-ir-man\/","name":"O. Buffas: \u201ePama\u010dius kad daugelis pasiliko buvo lengviau nuspr\u0119sti ir man\u201c - FK \u017dalgiris","isPartOf":{"@id":"https:\/\/fkzalgiris.lt\/#website"},"primaryImageOfPage":{"@id":"https:\/\/fkzalgiris.lt\/o-buffas-pamacius-kad-daugelis-pasiliko-buvo-lengviau-nuspresti-ir-man\/#primaryimage"},"image":{"@id":"https:\/\/fkzalgiris.lt\/o-buffas-pamacius-kad-daugelis-pasiliko-buvo-lengviau-nuspresti-ir-man\/#primaryimage"},"thumbnailUrl":"https:\/\/fkzalgiris.lt\/wp-content\/uploads\/2023\/02\/Buff-1024x683.jpg","datePublished":"2023-02-18T12:00:27+00:00","dateModified":"2023-02-19T10:55:08+00:00","breadcrumb":{"@id":"https:\/\/fkzalgiris.lt\/o-buffas-pamacius-kad-daugelis-pasiliko-buvo-lengviau-nuspresti-ir-man\/#breadcrumb"},"inLanguage":"lt-LT","potentialAction":[{"@type":"ReadAction","target":["https:\/\/fkzalgiris.lt\/o-buffas-pamacius-kad-daugelis-pasiliko-buvo-lengviau-nuspresti-ir-man\/"]}]},{"@type":"ImageObject","inLanguage":"lt-LT","@id":"https:\/\/fkzalgiris.lt\/o-buffas-pamacius-kad-daugelis-pasiliko-buvo-lengviau-nuspresti-ir-man\/#primaryimage","url":"https:\/\/fkzalgiris.lt\/wp-content\/uploads\/2023\/02\/Buff.jpg","contentUrl":"https:\/\/fkzalgiris.lt\/wp-content\/uploads\/2023\/02\/Buff.jpg","width":2048,"height":1365},{"@type":"BreadcrumbList","@id":"https:\/\/fkzalgiris.lt\/o-buffas-pamacius-kad-daugelis-pasiliko-buvo-lengviau-nuspresti-ir-man\/#breadcrumb","itemListElement":[{"@type":"ListItem","position":1,"name":"Home","item":"https:\/\/fkzalgiris.lt\/"},{"@type":"ListItem","position":2,"name":"O. Buffas: \u201ePama\u010dius kad daugelis pasiliko buvo lengviau nuspr\u0119sti ir man\u201c"}]},{"@type":"WebSite","@id":"https:\/\/fkzalgiris.lt\/#website","url":"https:\/\/fkzalgiris.lt\/","name":"FK \u017dalgiris","description":"oficiali Vilniaus \u201e\u017dalgirio\u201c futbolo klubo svetain\u0117","publisher":{"@id":"https:\/\/fkzalgiris.lt\/#organization"},"potentialAction":[{"@type":"SearchAction","target":{"@type":"EntryPoint","urlTemplate":"https:\/\/fkzalgiris.lt\/?s={search_term_string}"},"query-input":{"@type":"PropertyValueSpecification","valueRequired":true,"valueName":"search_term_string"}}],"inLanguage":"lt-LT"},{"@type":"Organization","@id":"https:\/\/fkzalgiris.lt\/#organization","name":"FK \u017dalgiris","url":"https:\/\/fkzalgiris.lt\/","logo":{"@type":"ImageObject","inLanguage":"lt-LT","@id":"https:\/\/fkzalgiris.lt\/#\/schema\/logo\/image\/","url":"https:\/\/fkzalgiris.lt\/wp-content\/uploads\/2024\/01\/horiz-FK-Zalgiris-logo-2015.png","contentUrl":"https:\/\/fkzalgiris.lt\/wp-content\/uploads\/2024\/01\/horiz-FK-Zalgiris-logo-2015.png","width":3073,"height":2048,"caption":"FK \u017dalgiris"},"image":{"@id":"https:\/\/fkzalgiris.lt\/#\/schema\/logo\/image\/"},"sameAs":["https:\/\/www.facebook.com\/fkzalgiris\/","https:\/\/x.com\/fkzalgiris","https:\/\/www.instagram.com\/fkzalgiris\/","https:\/\/www.youtube.com\/channel\/UC1ag8JLxGirltMUoLlzfZLA"]},{"@type":"Person","@id":"https:\/\/fkzalgiris.lt\/#\/schema\/person\/8604babbba794a7d8767be324a3eaac8","name":"J"}]}},"_links":{"self":[{"href":"https:\/\/fkzalgiris.lt\/api\/wp\/v2\/posts\/11667","targetHints":{"allow":["GET"]}}],"collection":[{"href":"https:\/\/fkzalgiris.lt\/api\/wp\/v2\/posts"}],"about":[{"href":"https:\/\/fkzalgiris.lt\/api\/wp\/v2\/types\/post"}],"author":[{"embeddable":true,"href":"https:\/\/fkzalgiris.lt\/api\/wp\/v2\/users\/4"}],"replies":[{"embeddable":true,"href":"https:\/\/fkzalgiris.lt\/api\/wp\/v2\/comments?post=11667"}],"version-history":[{"count":3,"href":"https:\/\/fkzalgiris.lt\/api\/wp\/v2\/posts\/11667\/revisions"}],"predecessor-version":[{"id":11685,"href":"https:\/\/fkzalgiris.lt\/api\/wp\/v2\/posts\/11667\/revisions\/11685"}],"wp:attachment":[{"href":"https:\/\/fkzalgiris.lt\/api\/wp\/v2\/media?parent=11667"}],"wp:term":[{"taxonomy":"category","embeddable":true,"href":"https:\/\/fkzalgiris.lt\/api\/wp\/v2\/categories?post=11667"}],"curies":[{"name":"wp","href":"https:\/\/api.w.org\/{rel}","templated":true}]}}