{"id":11614,"date":"2023-02-12T08:57:37","date_gmt":"2023-02-12T06:57:37","guid":{"rendered":"https:\/\/fkzalgiris.lt\/?p=11614"},"modified":"2023-02-12T08:58:24","modified_gmt":"2023-02-12T06:58:24","slug":"f-ourega-persikels-i-kazachstana","status":"publish","type":"post","link":"https:\/\/fkzalgiris.lt\/f-ourega-persikels-i-kazachstana\/","title":{"rendered":"F. Ourega persikels \u012f Kazachstan\u0105"},"content":{"rendered":"<p>\u201e\u017dalgirio\u201c komandoje vien\u0105 sezon\u0105 praleid\u0119s Fabienas Ourega karjer\u0105 t\u0119s Kazachstano \u010dempiono \u201eAstana\u201c gretose.<\/p>\n<p>30 met\u0173 \u017eaid\u0117jas tur\u0117jo galiojan\u010di\u0105 sutart\u012f su Lietuvos \u010dempionais ir ruo\u0161\u0117si naujams sezonui, ta\u010diau neseniai sulauk\u0117 pasi\u016blymo i\u0161 \u201eAstana\u201c klubo ir i\u0161rei\u0161k\u0117 pageidavim\u0105 karjer\u0105 t\u0119sti ten.<\/p>\n<p>Po u\u017etrukusi\u0173 deryb\u0173 d\u0117l \u017eaid\u0117jo per\u0117jimo klubai pasiek\u0117 susitarim\u0105, pagal kur\u012f \u201eAstana\u201c tur\u0117s \u201e\u017dalgiriui\u201c sumok\u0117ti kompensacij\u0105.<\/p>\n<p>\u201eDerybos buvo ilgos ir sud\u0117tingos. Netur\u0117jome i\u0161ankstinio ketinimo \u017eaid\u0117jo perleisti kitai komandai, nes nurime auk\u0161tus sportinius tikslus. Dedame ir d\u0117sime visas pastangas i\u0161saugoti pra\u0117jusio sezono komandos branduol\u012f, j\u012f pastiprinant naujais \u017eaid\u0117jais. Ta\u010diau \u0161\u012f kart\u0105 susiklos\u010diusi situacija privert\u0117 ie\u0161koti sprendimo. Pateik\u0117me savo s\u0105lygas ir gal\u0173 gale pavyko pasiekti tok\u012f susitarim\u0105, kuris pakankamai atliepia ir m\u016bs\u0173 klubo interesus\u201c, &#8211; per\u0117jim\u0105 komentavo \u201e\u017dalgirio\u201c direktor\u0117 Vilma Venslovaitien\u0117.<\/p>\n<p>F. Ourega pra\u0117jus\u012f sezon\u0105 \u201e\u017dalgirio\u201c gretose su\u017eaid\u0117 51 rungtynes \u2013 32 \u010dempionate, 5 taur\u0117s turnyruose ir 14 Europos taur\u0117se.<\/p>\n<p>FK \u201e\u017dalgiris\u201c d\u0117koja \u017eaid\u0117jui u\u017e ind\u0117l\u012f \u012f komandos pasiekimus ir linki s\u0117km\u0117s ateityje.<\/p>\n","protected":false},"excerpt":{"rendered":"<p>\u201e\u017dalgirio\u201c komandoje vien\u0105 sezon\u0105 praleid\u0119s Fabienas Ourega karjer\u0105 t\u0119s Kazachstano \u010dempiono \u201eAstana\u201c gretose. 30 met\u0173 \u017eaid\u0117jas tur\u0117jo galiojan\u010di\u0105 sutart\u012f su Lietuvos \u010dempionais ir ruo\u0161\u0117si naujams\u2026<\/p>\n","protected":false},"author":4,"featured_media":0,"comment_status":"closed","ping_status":"closed","sticky":false,"template":"","format":"standard","meta":{"_acf_changed":false,"footnotes":""},"categories":[87],"class_list":["post-11614","post","type-post","status-publish","format-standard","hentry","category-zalgiris"],"acf":[],"yoast_head":"<!-- This site is optimized with the Yoast SEO plugin v26.8 - https:\/\/yoast.com\/product\/yoast-seo-wordpress\/ -->\n<title>F. Ourega persikels \u012f Kazachstan\u0105 - FK \u017dalgiris<\/title>\n<meta name=\"robots\" content=\"index, follow, max-snippet:-1, max-image-preview:large, max-video-preview:-1\" \/>\n<link rel=\"canonical\" href=\"https:\/\/fkzalgiris.lt\/f-ourega-persikels-i-kazachstana\/\" \/>\n<meta property=\"og:locale\" content=\"lt_LT\" \/>\n<meta property=\"og:type\" content=\"article\" \/>\n<meta property=\"og:title\" content=\"F. Ourega persikels \u012f Kazachstan\u0105 - FK \u017dalgiris\" \/>\n<meta property=\"og:description\" content=\"\u201e\u017dalgirio\u201c komandoje vien\u0105 sezon\u0105 praleid\u0119s Fabienas Ourega karjer\u0105 t\u0119s Kazachstano \u010dempiono \u201eAstana\u201c gretose. 30 met\u0173 \u017eaid\u0117jas tur\u0117jo galiojan\u010di\u0105 sutart\u012f su Lietuvos \u010dempionais ir ruo\u0161\u0117si naujams\u2026\" \/>\n<meta property=\"og:url\" content=\"https:\/\/fkzalgiris.lt\/f-ourega-persikels-i-kazachstana\/\" \/>\n<meta property=\"og:site_name\" content=\"FK \u017dalgiris\" \/>\n<meta property=\"article:publisher\" content=\"https:\/\/www.facebook.com\/fkzalgiris\/\" \/>\n<meta property=\"article:published_time\" content=\"2023-02-12T06:57:37+00:00\" \/>\n<meta property=\"article:modified_time\" content=\"2023-02-12T06:58:24+00:00\" \/>\n<meta property=\"og:image\" content=\"https:\/\/fkzalgiris.lt\/wp-content\/uploads\/2024\/02\/social-horiz_Zalgiris_logo_2024.png\" \/>\n\t<meta property=\"og:image:width\" content=\"3356\" \/>\n\t<meta property=\"og:image:height\" content=\"2259\" \/>\n\t<meta property=\"og:image:type\" content=\"image\/png\" \/>\n<meta name=\"author\" content=\"J\" \/>\n<meta name=\"twitter:card\" content=\"summary_large_image\" \/>\n<meta name=\"twitter:creator\" content=\"@fkzalgiris\" \/>\n<meta name=\"twitter:site\" content=\"@fkzalgiris\" \/>\n<meta name=\"twitter:label1\" content=\"Written by\" \/>\n\t<meta name=\"twitter:data1\" content=\"J\" \/>\n\t<meta name=\"twitter:label2\" content=\"Est. reading time\" \/>\n\t<meta name=\"twitter:data2\" content=\"1 minut\u0117\" \/>\n<script type=\"application\/ld+json\" class=\"yoast-schema-graph\">{\"@context\":\"https:\/\/schema.org\",\"@graph\":[{\"@type\":\"Article\",\"@id\":\"https:\/\/fkzalgiris.lt\/f-ourega-persikels-i-kazachstana\/#article\",\"isPartOf\":{\"@id\":\"https:\/\/fkzalgiris.lt\/f-ourega-persikels-i-kazachstana\/\"},\"author\":{\"name\":\"J\",\"@id\":\"https:\/\/fkzalgiris.lt\/#\/schema\/person\/8604babbba794a7d8767be324a3eaac8\"},\"headline\":\"F. Ourega persikels \u012f Kazachstan\u0105\",\"datePublished\":\"2023-02-12T06:57:37+00:00\",\"dateModified\":\"2023-02-12T06:58:24+00:00\",\"mainEntityOfPage\":{\"@id\":\"https:\/\/fkzalgiris.lt\/f-ourega-persikels-i-kazachstana\/\"},\"wordCount\":188,\"publisher\":{\"@id\":\"https:\/\/fkzalgiris.lt\/#organization\"},\"articleSection\":[\"\u017dalgiris\"],\"inLanguage\":\"lt-LT\"},{\"@type\":\"WebPage\",\"@id\":\"https:\/\/fkzalgiris.lt\/f-ourega-persikels-i-kazachstana\/\",\"url\":\"https:\/\/fkzalgiris.lt\/f-ourega-persikels-i-kazachstana\/\",\"name\":\"F. Ourega persikels \u012f Kazachstan\u0105 - FK \u017dalgiris\",\"isPartOf\":{\"@id\":\"https:\/\/fkzalgiris.lt\/#website\"},\"datePublished\":\"2023-02-12T06:57:37+00:00\",\"dateModified\":\"2023-02-12T06:58:24+00:00\",\"breadcrumb\":{\"@id\":\"https:\/\/fkzalgiris.lt\/f-ourega-persikels-i-kazachstana\/#breadcrumb\"},\"inLanguage\":\"lt-LT\",\"potentialAction\":[{\"@type\":\"ReadAction\",\"target\":[\"https:\/\/fkzalgiris.lt\/f-ourega-persikels-i-kazachstana\/\"]}]},{\"@type\":\"BreadcrumbList\",\"@id\":\"https:\/\/fkzalgiris.lt\/f-ourega-persikels-i-kazachstana\/#breadcrumb\",\"itemListElement\":[{\"@type\":\"ListItem\",\"position\":1,\"name\":\"Home\",\"item\":\"https:\/\/fkzalgiris.lt\/\"},{\"@type\":\"ListItem\",\"position\":2,\"name\":\"F. Ourega persikels \u012f Kazachstan\u0105\"}]},{\"@type\":\"WebSite\",\"@id\":\"https:\/\/fkzalgiris.lt\/#website\",\"url\":\"https:\/\/fkzalgiris.lt\/\",\"name\":\"FK \u017dalgiris\",\"description\":\"oficiali Vilniaus \u201e\u017dalgirio\u201c futbolo klubo svetain\u0117\",\"publisher\":{\"@id\":\"https:\/\/fkzalgiris.lt\/#organization\"},\"potentialAction\":[{\"@type\":\"SearchAction\",\"target\":{\"@type\":\"EntryPoint\",\"urlTemplate\":\"https:\/\/fkzalgiris.lt\/?s={search_term_string}\"},\"query-input\":{\"@type\":\"PropertyValueSpecification\",\"valueRequired\":true,\"valueName\":\"search_term_string\"}}],\"inLanguage\":\"lt-LT\"},{\"@type\":\"Organization\",\"@id\":\"https:\/\/fkzalgiris.lt\/#organization\",\"name\":\"FK \u017dalgiris\",\"url\":\"https:\/\/fkzalgiris.lt\/\",\"logo\":{\"@type\":\"ImageObject\",\"inLanguage\":\"lt-LT\",\"@id\":\"https:\/\/fkzalgiris.lt\/#\/schema\/logo\/image\/\",\"url\":\"https:\/\/fkzalgiris.lt\/wp-content\/uploads\/2024\/01\/horiz-FK-Zalgiris-logo-2015.png\",\"contentUrl\":\"https:\/\/fkzalgiris.lt\/wp-content\/uploads\/2024\/01\/horiz-FK-Zalgiris-logo-2015.png\",\"width\":3073,\"height\":2048,\"caption\":\"FK \u017dalgiris\"},\"image\":{\"@id\":\"https:\/\/fkzalgiris.lt\/#\/schema\/logo\/image\/\"},\"sameAs\":[\"https:\/\/www.facebook.com\/fkzalgiris\/\",\"https:\/\/x.com\/fkzalgiris\",\"https:\/\/www.instagram.com\/fkzalgiris\/\",\"https:\/\/www.youtube.com\/channel\/UC1ag8JLxGirltMUoLlzfZLA\"]},{\"@type\":\"Person\",\"@id\":\"https:\/\/fkzalgiris.lt\/#\/schema\/person\/8604babbba794a7d8767be324a3eaac8\",\"name\":\"J\"}]}<\/script>\n<!-- \/ Yoast SEO plugin. -->","yoast_head_json":{"title":"F. Ourega persikels \u012f Kazachstan\u0105 - FK \u017dalgiris","robots":{"index":"index","follow":"follow","max-snippet":"max-snippet:-1","max-image-preview":"max-image-preview:large","max-video-preview":"max-video-preview:-1"},"canonical":"https:\/\/fkzalgiris.lt\/f-ourega-persikels-i-kazachstana\/","og_locale":"lt_LT","og_type":"article","og_title":"F. Ourega persikels \u012f Kazachstan\u0105 - FK \u017dalgiris","og_description":"\u201e\u017dalgirio\u201c komandoje vien\u0105 sezon\u0105 praleid\u0119s Fabienas Ourega karjer\u0105 t\u0119s Kazachstano \u010dempiono \u201eAstana\u201c gretose. 30 met\u0173 \u017eaid\u0117jas tur\u0117jo galiojan\u010di\u0105 sutart\u012f su Lietuvos \u010dempionais ir ruo\u0161\u0117si naujams\u2026","og_url":"https:\/\/fkzalgiris.lt\/f-ourega-persikels-i-kazachstana\/","og_site_name":"FK \u017dalgiris","article_publisher":"https:\/\/www.facebook.com\/fkzalgiris\/","article_published_time":"2023-02-12T06:57:37+00:00","article_modified_time":"2023-02-12T06:58:24+00:00","og_image":[{"width":3356,"height":2259,"url":"https:\/\/fkzalgiris.lt\/wp-content\/uploads\/2024\/02\/social-horiz_Zalgiris_logo_2024.png","type":"image\/png"}],"author":"J","twitter_card":"summary_large_image","twitter_creator":"@fkzalgiris","twitter_site":"@fkzalgiris","twitter_misc":{"Written by":"J","Est. reading time":"1 minut\u0117"},"schema":{"@context":"https:\/\/schema.org","@graph":[{"@type":"Article","@id":"https:\/\/fkzalgiris.lt\/f-ourega-persikels-i-kazachstana\/#article","isPartOf":{"@id":"https:\/\/fkzalgiris.lt\/f-ourega-persikels-i-kazachstana\/"},"author":{"name":"J","@id":"https:\/\/fkzalgiris.lt\/#\/schema\/person\/8604babbba794a7d8767be324a3eaac8"},"headline":"F. Ourega persikels \u012f Kazachstan\u0105","datePublished":"2023-02-12T06:57:37+00:00","dateModified":"2023-02-12T06:58:24+00:00","mainEntityOfPage":{"@id":"https:\/\/fkzalgiris.lt\/f-ourega-persikels-i-kazachstana\/"},"wordCount":188,"publisher":{"@id":"https:\/\/fkzalgiris.lt\/#organization"},"articleSection":["\u017dalgiris"],"inLanguage":"lt-LT"},{"@type":"WebPage","@id":"https:\/\/fkzalgiris.lt\/f-ourega-persikels-i-kazachstana\/","url":"https:\/\/fkzalgiris.lt\/f-ourega-persikels-i-kazachstana\/","name":"F. Ourega persikels \u012f Kazachstan\u0105 - FK \u017dalgiris","isPartOf":{"@id":"https:\/\/fkzalgiris.lt\/#website"},"datePublished":"2023-02-12T06:57:37+00:00","dateModified":"2023-02-12T06:58:24+00:00","breadcrumb":{"@id":"https:\/\/fkzalgiris.lt\/f-ourega-persikels-i-kazachstana\/#breadcrumb"},"inLanguage":"lt-LT","potentialAction":[{"@type":"ReadAction","target":["https:\/\/fkzalgiris.lt\/f-ourega-persikels-i-kazachstana\/"]}]},{"@type":"BreadcrumbList","@id":"https:\/\/fkzalgiris.lt\/f-ourega-persikels-i-kazachstana\/#breadcrumb","itemListElement":[{"@type":"ListItem","position":1,"name":"Home","item":"https:\/\/fkzalgiris.lt\/"},{"@type":"ListItem","position":2,"name":"F. Ourega persikels \u012f Kazachstan\u0105"}]},{"@type":"WebSite","@id":"https:\/\/fkzalgiris.lt\/#website","url":"https:\/\/fkzalgiris.lt\/","name":"FK \u017dalgiris","description":"oficiali Vilniaus \u201e\u017dalgirio\u201c futbolo klubo svetain\u0117","publisher":{"@id":"https:\/\/fkzalgiris.lt\/#organization"},"potentialAction":[{"@type":"SearchAction","target":{"@type":"EntryPoint","urlTemplate":"https:\/\/fkzalgiris.lt\/?s={search_term_string}"},"query-input":{"@type":"PropertyValueSpecification","valueRequired":true,"valueName":"search_term_string"}}],"inLanguage":"lt-LT"},{"@type":"Organization","@id":"https:\/\/fkzalgiris.lt\/#organization","name":"FK \u017dalgiris","url":"https:\/\/fkzalgiris.lt\/","logo":{"@type":"ImageObject","inLanguage":"lt-LT","@id":"https:\/\/fkzalgiris.lt\/#\/schema\/logo\/image\/","url":"https:\/\/fkzalgiris.lt\/wp-content\/uploads\/2024\/01\/horiz-FK-Zalgiris-logo-2015.png","contentUrl":"https:\/\/fkzalgiris.lt\/wp-content\/uploads\/2024\/01\/horiz-FK-Zalgiris-logo-2015.png","width":3073,"height":2048,"caption":"FK \u017dalgiris"},"image":{"@id":"https:\/\/fkzalgiris.lt\/#\/schema\/logo\/image\/"},"sameAs":["https:\/\/www.facebook.com\/fkzalgiris\/","https:\/\/x.com\/fkzalgiris","https:\/\/www.instagram.com\/fkzalgiris\/","https:\/\/www.youtube.com\/channel\/UC1ag8JLxGirltMUoLlzfZLA"]},{"@type":"Person","@id":"https:\/\/fkzalgiris.lt\/#\/schema\/person\/8604babbba794a7d8767be324a3eaac8","name":"J"}]}},"_links":{"self":[{"href":"https:\/\/fkzalgiris.lt\/api\/wp\/v2\/posts\/11614","targetHints":{"allow":["GET"]}}],"collection":[{"href":"https:\/\/fkzalgiris.lt\/api\/wp\/v2\/posts"}],"about":[{"href":"https:\/\/fkzalgiris.lt\/api\/wp\/v2\/types\/post"}],"author":[{"embeddable":true,"href":"https:\/\/fkzalgiris.lt\/api\/wp\/v2\/users\/4"}],"replies":[{"embeddable":true,"href":"https:\/\/fkzalgiris.lt\/api\/wp\/v2\/comments?post=11614"}],"version-history":[{"count":2,"href":"https:\/\/fkzalgiris.lt\/api\/wp\/v2\/posts\/11614\/revisions"}],"predecessor-version":[{"id":11618,"href":"https:\/\/fkzalgiris.lt\/api\/wp\/v2\/posts\/11614\/revisions\/11618"}],"wp:attachment":[{"href":"https:\/\/fkzalgiris.lt\/api\/wp\/v2\/media?parent=11614"}],"wp:term":[{"taxonomy":"category","embeddable":true,"href":"https:\/\/fkzalgiris.lt\/api\/wp\/v2\/categories?post=11614"}],"curies":[{"name":"wp","href":"https:\/\/api.w.org\/{rel}","templated":true}]}}