{"id":11468,"date":"2023-02-02T19:26:49","date_gmt":"2023-02-02T17:26:49","guid":{"rendered":"https:\/\/fkzalgiris.lt\/?p=11468"},"modified":"2023-02-28T16:44:13","modified_gmt":"2023-02-28T14:44:13","slug":"2023-startas-kovo-5-diena","status":"publish","type":"post","link":"https:\/\/fkzalgiris.lt\/2023-startas-kovo-5-diena\/","title":{"rendered":"\u010cempionato startas &#8211; kovo 5 dien\u0105"},"content":{"rendered":"<p>2023 met\u0173 \u010dempionato sezon\u0105 \u201e\u017dalgiris\u201c prad\u0117s kovo 5 d. nam\u0173 rungtyn\u0117ms prie\u0161 Tel\u0161i\u0173 \u201eD\u017eiug\u0105\u201c. Tai paai\u0161k\u0117jo LFF patvirtinus preliminar\u0173 dviej\u0173 rat\u0173 \u201eOptibet A lygos\u201c tvarkara\u0161t\u012f.<\/p>\n<p>Kovo m\u0117n. \u017ealgirie\u010di\u0173 laukia trejos rungtyn\u0117s namuose \u2013 prie\u0161 \u201eD\u017eiug\u0105\u201c, \u201eBang\u0105\u201c ir \u201eRiterius\u201c, o baland\u012f \u2013 penkios i\u0161vykos.<\/p>\n<p>Pirmasis ratas fini\u0161uos baland\u017eio 19 dien\u0105, antrasis \u2013 bir\u017eelio 11 d.<\/p>\n<p><strong>Tvarkara\u0161tis<\/strong>:<\/p>\n<p>Kovo 5 d. (sekmadienis), 17:55<br \/>\n\u201e\u017dalgiris\u201c \u2013 \u201eD\u017eiugas\u201c<\/p>\n<p>Kovo 11 d. (\u0161e\u0161tadienis), 17:30<br \/>\n\u201e\u017dalgiris\u201c \u2013 \u201eBanga\u201c<\/p>\n<p>Kovo 14 d. (antradienis), 18:00<br \/>\n\u201eKauno \u017dalgiris\u201c \u2013 \u201e\u017dalgiris\u201c<\/p>\n<p>Kovo 19 d. (sekmadienis), 17:55<br \/>\n\u201e\u017dalgiris\u201c \u2013 \u201eRiteriai\u201c<\/p>\n<p>Baland\u017eio 1 d. (\u0161e\u0161tadienis), 17:00<br \/>\n\u201e\u017dalgiris\u201c \u2013 \u201eS\u016bduva\u201c<\/p>\n<p>Baland\u017eio 4 d. (antradienis), 18:00<br \/>\n\u201e\u0160iauliai\u201c \u2013 \u201e\u017dalgiris\u201c<\/p>\n<p>Baland\u017eio 8 d. (\u0161e\u0161tadienis), 15:00<br \/>\n\u201ePanev\u0117\u017eys\u201c \u2013 \u201e\u017dalgiris\u201c<\/p>\n<p>Baland\u017eio 16 d. (sekmadienis), 17:55<br \/>\n\u201e\u017dalgiris\u201c \u2013 \u201eHegelmann\u201c<\/p>\n<p>Baland\u017eio 19 d. (tre\u010diadienis), 19:00<br \/>\n\u201eDainava\u201c \u2013 \u201e\u017dalgiris\u201c<\/p>\n<p>Baland\u017eio 23 d. (sekmadienis), 13:00<br \/>\n\u201eD\u017eiugas\u201c \u2013 \u201e\u017dalgiris\u201c<\/p>\n<p>Baland\u017eio 30 d. (sekmadienis), 17:55<br \/>\n\u201eBanga\u201c \u2013 \u00a0\u201e\u017dalgiris\u201c<\/p>\n<p>Gegu\u017e\u0117s 3 d. (tre\u010diadienis), 20:00<br \/>\n\u201eRiteriai\u201c \u2013 \u201e\u017dalgiris\u201c<\/p>\n<p>Gegu\u017e\u0117s 14 d. (sekmadienis), 17:55<br \/>\n\u201e\u017dalgiris\u201c \u2013 \u201eKauno \u017dalgiris\u201c<\/p>\n<p>Gegu\u017e\u0117s 20 d. (\u0161e\u0161tadienis), 15:00<br \/>\n\u201eS\u016bduva\u201c \u2013 \u201e\u017dalgiris\u201c<\/p>\n<p>Gegu\u017e\u0117s 28 d. (sekmadienis), 17:55<br \/>\n\u201e\u017dalgiris\u201c \u2013 \u201ePanev\u0117\u017eys\u201c<\/p>\n<p>Bir\u017eelio 4 d. (sekmadienis), 17:55<br \/>\n\u201e\u017dalgiris\u201c \u2013 \u201e\u0160iauliai\u201c<\/p>\n<p>Bir\u017eelio 7 d. (tre\u010diadienis), 20:00<br \/>\n\u201eHegelmann\u201c \u2013 \u201e\u017dalgiris\u201c<\/p>\n<p>Bir\u017eelio 11 d. (sekmadienis), 20:00<br \/>\n\u201e\u017dalgiris\u201c \u2013 \u201eDainava\u201c<\/p>\n","protected":false},"excerpt":{"rendered":"<p>2023 met\u0173 \u010dempionato sezon\u0105 \u201e\u017dalgiris\u201c prad\u0117s kovo 5 d. nam\u0173 rungtyn\u0117ms prie\u0161 Tel\u0161i\u0173 \u201eD\u017eiug\u0105\u201c. Tai paai\u0161k\u0117jo LFF patvirtinus preliminar\u0173 dviej\u0173 rat\u0173 \u201eOptibet A lygos\u201c tvarkara\u0161t\u012f.\u2026<\/p>\n","protected":false},"author":4,"featured_media":0,"comment_status":"closed","ping_status":"closed","sticky":false,"template":"","format":"standard","meta":{"_acf_changed":false,"footnotes":""},"categories":[1],"class_list":["post-11468","post","type-post","status-publish","format-standard","hentry","category-be-kategorijos"],"acf":[],"yoast_head":"<!-- This site is optimized with the Yoast SEO plugin v26.8 - https:\/\/yoast.com\/product\/yoast-seo-wordpress\/ -->\n<title>\u010cempionato startas - kovo 5 dien\u0105 - FK \u017dalgiris<\/title>\n<meta name=\"robots\" content=\"index, follow, max-snippet:-1, max-image-preview:large, max-video-preview:-1\" \/>\n<link rel=\"canonical\" href=\"https:\/\/fkzalgiris.lt\/2023-startas-kovo-5-diena\/\" \/>\n<meta property=\"og:locale\" content=\"lt_LT\" \/>\n<meta property=\"og:type\" content=\"article\" \/>\n<meta property=\"og:title\" content=\"Startas - kovo 5 dien\u0105\" \/>\n<meta property=\"og:description\" content=\"\u201e\u017dalgiris\u201c prad\u0117s kovo 5 d. nam\u0173 rungtyn\u0117mis prie\u0161 Tel\u0161i\u0173 \u201eD\u017eiug\u0105\u201c.\" \/>\n<meta property=\"og:url\" content=\"https:\/\/fkzalgiris.lt\/2023-startas-kovo-5-diena\/\" \/>\n<meta property=\"og:site_name\" content=\"FK \u017dalgiris\" \/>\n<meta property=\"article:publisher\" content=\"https:\/\/www.facebook.com\/fkzalgiris\/\" \/>\n<meta property=\"article:published_time\" content=\"2023-02-02T17:26:49+00:00\" \/>\n<meta property=\"article:modified_time\" content=\"2023-02-28T14:44:13+00:00\" \/>\n<meta property=\"og:image\" content=\"https:\/\/fkzalgiris.lt\/wp-content\/uploads\/2023\/02\/zal-dziugas-52061305310_740bfcdfb9_o.jpg\" \/>\n\t<meta property=\"og:image:width\" content=\"2048\" \/>\n\t<meta property=\"og:image:height\" content=\"1366\" \/>\n\t<meta property=\"og:image:type\" content=\"image\/jpeg\" \/>\n<meta name=\"author\" content=\"J\" \/>\n<meta name=\"twitter:card\" content=\"summary_large_image\" \/>\n<meta name=\"twitter:creator\" content=\"@fkzalgiris\" \/>\n<meta name=\"twitter:site\" content=\"@fkzalgiris\" \/>\n<meta name=\"twitter:label1\" content=\"Written by\" \/>\n\t<meta name=\"twitter:data1\" content=\"J\" \/>\n\t<meta name=\"twitter:label2\" content=\"Est. reading time\" \/>\n\t<meta name=\"twitter:data2\" content=\"1 minut\u0117\" \/>\n<script type=\"application\/ld+json\" class=\"yoast-schema-graph\">{\"@context\":\"https:\/\/schema.org\",\"@graph\":[{\"@type\":\"Article\",\"@id\":\"https:\/\/fkzalgiris.lt\/2023-startas-kovo-5-diena\/#article\",\"isPartOf\":{\"@id\":\"https:\/\/fkzalgiris.lt\/2023-startas-kovo-5-diena\/\"},\"author\":{\"name\":\"J\",\"@id\":\"https:\/\/fkzalgiris.lt\/#\/schema\/person\/8604babbba794a7d8767be324a3eaac8\"},\"headline\":\"\u010cempionato startas &#8211; kovo 5 dien\u0105\",\"datePublished\":\"2023-02-02T17:26:49+00:00\",\"dateModified\":\"2023-02-28T14:44:13+00:00\",\"mainEntityOfPage\":{\"@id\":\"https:\/\/fkzalgiris.lt\/2023-startas-kovo-5-diena\/\"},\"wordCount\":188,\"publisher\":{\"@id\":\"https:\/\/fkzalgiris.lt\/#organization\"},\"inLanguage\":\"lt-LT\"},{\"@type\":\"WebPage\",\"@id\":\"https:\/\/fkzalgiris.lt\/2023-startas-kovo-5-diena\/\",\"url\":\"https:\/\/fkzalgiris.lt\/2023-startas-kovo-5-diena\/\",\"name\":\"\u010cempionato startas - kovo 5 dien\u0105 - FK \u017dalgiris\",\"isPartOf\":{\"@id\":\"https:\/\/fkzalgiris.lt\/#website\"},\"datePublished\":\"2023-02-02T17:26:49+00:00\",\"dateModified\":\"2023-02-28T14:44:13+00:00\",\"breadcrumb\":{\"@id\":\"https:\/\/fkzalgiris.lt\/2023-startas-kovo-5-diena\/#breadcrumb\"},\"inLanguage\":\"lt-LT\",\"potentialAction\":[{\"@type\":\"ReadAction\",\"target\":[\"https:\/\/fkzalgiris.lt\/2023-startas-kovo-5-diena\/\"]}]},{\"@type\":\"BreadcrumbList\",\"@id\":\"https:\/\/fkzalgiris.lt\/2023-startas-kovo-5-diena\/#breadcrumb\",\"itemListElement\":[{\"@type\":\"ListItem\",\"position\":1,\"name\":\"Home\",\"item\":\"https:\/\/fkzalgiris.lt\/\"},{\"@type\":\"ListItem\",\"position\":2,\"name\":\"\u010cempionato startas &#8211; kovo 5 dien\u0105\"}]},{\"@type\":\"WebSite\",\"@id\":\"https:\/\/fkzalgiris.lt\/#website\",\"url\":\"https:\/\/fkzalgiris.lt\/\",\"name\":\"FK \u017dalgiris\",\"description\":\"oficiali Vilniaus \u201e\u017dalgirio\u201c futbolo klubo svetain\u0117\",\"publisher\":{\"@id\":\"https:\/\/fkzalgiris.lt\/#organization\"},\"potentialAction\":[{\"@type\":\"SearchAction\",\"target\":{\"@type\":\"EntryPoint\",\"urlTemplate\":\"https:\/\/fkzalgiris.lt\/?s={search_term_string}\"},\"query-input\":{\"@type\":\"PropertyValueSpecification\",\"valueRequired\":true,\"valueName\":\"search_term_string\"}}],\"inLanguage\":\"lt-LT\"},{\"@type\":\"Organization\",\"@id\":\"https:\/\/fkzalgiris.lt\/#organization\",\"name\":\"FK \u017dalgiris\",\"url\":\"https:\/\/fkzalgiris.lt\/\",\"logo\":{\"@type\":\"ImageObject\",\"inLanguage\":\"lt-LT\",\"@id\":\"https:\/\/fkzalgiris.lt\/#\/schema\/logo\/image\/\",\"url\":\"https:\/\/fkzalgiris.lt\/wp-content\/uploads\/2024\/01\/horiz-FK-Zalgiris-logo-2015.png\",\"contentUrl\":\"https:\/\/fkzalgiris.lt\/wp-content\/uploads\/2024\/01\/horiz-FK-Zalgiris-logo-2015.png\",\"width\":3073,\"height\":2048,\"caption\":\"FK \u017dalgiris\"},\"image\":{\"@id\":\"https:\/\/fkzalgiris.lt\/#\/schema\/logo\/image\/\"},\"sameAs\":[\"https:\/\/www.facebook.com\/fkzalgiris\/\",\"https:\/\/x.com\/fkzalgiris\",\"https:\/\/www.instagram.com\/fkzalgiris\/\",\"https:\/\/www.youtube.com\/channel\/UC1ag8JLxGirltMUoLlzfZLA\"]},{\"@type\":\"Person\",\"@id\":\"https:\/\/fkzalgiris.lt\/#\/schema\/person\/8604babbba794a7d8767be324a3eaac8\",\"name\":\"J\"}]}<\/script>\n<!-- \/ Yoast SEO plugin. -->","yoast_head_json":{"title":"\u010cempionato startas - kovo 5 dien\u0105 - FK \u017dalgiris","robots":{"index":"index","follow":"follow","max-snippet":"max-snippet:-1","max-image-preview":"max-image-preview:large","max-video-preview":"max-video-preview:-1"},"canonical":"https:\/\/fkzalgiris.lt\/2023-startas-kovo-5-diena\/","og_locale":"lt_LT","og_type":"article","og_title":"Startas - kovo 5 dien\u0105","og_description":"\u201e\u017dalgiris\u201c prad\u0117s kovo 5 d. nam\u0173 rungtyn\u0117mis prie\u0161 Tel\u0161i\u0173 \u201eD\u017eiug\u0105\u201c.","og_url":"https:\/\/fkzalgiris.lt\/2023-startas-kovo-5-diena\/","og_site_name":"FK \u017dalgiris","article_publisher":"https:\/\/www.facebook.com\/fkzalgiris\/","article_published_time":"2023-02-02T17:26:49+00:00","article_modified_time":"2023-02-28T14:44:13+00:00","og_image":[{"width":2048,"height":1366,"url":"https:\/\/fkzalgiris.lt\/wp-content\/uploads\/2023\/02\/zal-dziugas-52061305310_740bfcdfb9_o.jpg","type":"image\/jpeg"}],"author":"J","twitter_card":"summary_large_image","twitter_creator":"@fkzalgiris","twitter_site":"@fkzalgiris","twitter_misc":{"Written by":"J","Est. reading time":"1 minut\u0117"},"schema":{"@context":"https:\/\/schema.org","@graph":[{"@type":"Article","@id":"https:\/\/fkzalgiris.lt\/2023-startas-kovo-5-diena\/#article","isPartOf":{"@id":"https:\/\/fkzalgiris.lt\/2023-startas-kovo-5-diena\/"},"author":{"name":"J","@id":"https:\/\/fkzalgiris.lt\/#\/schema\/person\/8604babbba794a7d8767be324a3eaac8"},"headline":"\u010cempionato startas &#8211; kovo 5 dien\u0105","datePublished":"2023-02-02T17:26:49+00:00","dateModified":"2023-02-28T14:44:13+00:00","mainEntityOfPage":{"@id":"https:\/\/fkzalgiris.lt\/2023-startas-kovo-5-diena\/"},"wordCount":188,"publisher":{"@id":"https:\/\/fkzalgiris.lt\/#organization"},"inLanguage":"lt-LT"},{"@type":"WebPage","@id":"https:\/\/fkzalgiris.lt\/2023-startas-kovo-5-diena\/","url":"https:\/\/fkzalgiris.lt\/2023-startas-kovo-5-diena\/","name":"\u010cempionato startas - kovo 5 dien\u0105 - FK \u017dalgiris","isPartOf":{"@id":"https:\/\/fkzalgiris.lt\/#website"},"datePublished":"2023-02-02T17:26:49+00:00","dateModified":"2023-02-28T14:44:13+00:00","breadcrumb":{"@id":"https:\/\/fkzalgiris.lt\/2023-startas-kovo-5-diena\/#breadcrumb"},"inLanguage":"lt-LT","potentialAction":[{"@type":"ReadAction","target":["https:\/\/fkzalgiris.lt\/2023-startas-kovo-5-diena\/"]}]},{"@type":"BreadcrumbList","@id":"https:\/\/fkzalgiris.lt\/2023-startas-kovo-5-diena\/#breadcrumb","itemListElement":[{"@type":"ListItem","position":1,"name":"Home","item":"https:\/\/fkzalgiris.lt\/"},{"@type":"ListItem","position":2,"name":"\u010cempionato startas &#8211; kovo 5 dien\u0105"}]},{"@type":"WebSite","@id":"https:\/\/fkzalgiris.lt\/#website","url":"https:\/\/fkzalgiris.lt\/","name":"FK \u017dalgiris","description":"oficiali Vilniaus \u201e\u017dalgirio\u201c futbolo klubo svetain\u0117","publisher":{"@id":"https:\/\/fkzalgiris.lt\/#organization"},"potentialAction":[{"@type":"SearchAction","target":{"@type":"EntryPoint","urlTemplate":"https:\/\/fkzalgiris.lt\/?s={search_term_string}"},"query-input":{"@type":"PropertyValueSpecification","valueRequired":true,"valueName":"search_term_string"}}],"inLanguage":"lt-LT"},{"@type":"Organization","@id":"https:\/\/fkzalgiris.lt\/#organization","name":"FK \u017dalgiris","url":"https:\/\/fkzalgiris.lt\/","logo":{"@type":"ImageObject","inLanguage":"lt-LT","@id":"https:\/\/fkzalgiris.lt\/#\/schema\/logo\/image\/","url":"https:\/\/fkzalgiris.lt\/wp-content\/uploads\/2024\/01\/horiz-FK-Zalgiris-logo-2015.png","contentUrl":"https:\/\/fkzalgiris.lt\/wp-content\/uploads\/2024\/01\/horiz-FK-Zalgiris-logo-2015.png","width":3073,"height":2048,"caption":"FK \u017dalgiris"},"image":{"@id":"https:\/\/fkzalgiris.lt\/#\/schema\/logo\/image\/"},"sameAs":["https:\/\/www.facebook.com\/fkzalgiris\/","https:\/\/x.com\/fkzalgiris","https:\/\/www.instagram.com\/fkzalgiris\/","https:\/\/www.youtube.com\/channel\/UC1ag8JLxGirltMUoLlzfZLA"]},{"@type":"Person","@id":"https:\/\/fkzalgiris.lt\/#\/schema\/person\/8604babbba794a7d8767be324a3eaac8","name":"J"}]}},"_links":{"self":[{"href":"https:\/\/fkzalgiris.lt\/api\/wp\/v2\/posts\/11468","targetHints":{"allow":["GET"]}}],"collection":[{"href":"https:\/\/fkzalgiris.lt\/api\/wp\/v2\/posts"}],"about":[{"href":"https:\/\/fkzalgiris.lt\/api\/wp\/v2\/types\/post"}],"author":[{"embeddable":true,"href":"https:\/\/fkzalgiris.lt\/api\/wp\/v2\/users\/4"}],"replies":[{"embeddable":true,"href":"https:\/\/fkzalgiris.lt\/api\/wp\/v2\/comments?post=11468"}],"version-history":[{"count":5,"href":"https:\/\/fkzalgiris.lt\/api\/wp\/v2\/posts\/11468\/revisions"}],"predecessor-version":[{"id":11802,"href":"https:\/\/fkzalgiris.lt\/api\/wp\/v2\/posts\/11468\/revisions\/11802"}],"wp:attachment":[{"href":"https:\/\/fkzalgiris.lt\/api\/wp\/v2\/media?parent=11468"}],"wp:term":[{"taxonomy":"category","embeddable":true,"href":"https:\/\/fkzalgiris.lt\/api\/wp\/v2\/categories?post=11468"}],"curies":[{"name":"wp","href":"https:\/\/api.w.org\/{rel}","templated":true}]}}