{"id":11165,"date":"2023-01-02T13:11:22","date_gmt":"2023-01-02T11:11:22","guid":{"rendered":"https:\/\/fkzalgiris.lt\/?p=11165"},"modified":"2023-01-02T13:11:22","modified_gmt":"2023-01-02T11:11:22","slug":"komandoje-neliks-jauno-puolejo-a-olubi","status":"publish","type":"post","link":"https:\/\/fkzalgiris.lt\/komandoje-neliks-jauno-puolejo-a-olubi\/","title":{"rendered":"Komandoje neliks jauno puol\u0117jo A. Olubi"},"content":{"rendered":"<p>\u201e\u017dalgiris\u201c neprat\u0119s\u0117 bendradarbiavimo su puol\u0117ju i\u0161 Nigerijos Adamsu Olubi.<\/p>\n<p>Futbolininkas Vilniuje buvo nuo 2021 met\u0173 rudens, ta\u010diau pagrindin\u0117je komandos sud\u0117tyje ne\u012fsitvirtino. 2021 metais jis su\u017eaid\u0117 4 rungtynes \u201eOptibet A lygoje\u201c, o \u0161iemet \u0161anso nesulauk\u0117.<\/p>\n<p>19 met\u0173 puol\u0117jas daugiausiai rungtyniavo dubleri\u0173 ekipoje antrajame \u0161alies divizione, kur pra\u0117jus\u012f sezon\u0105 per 18 rungtyni\u0173 pasi\u017eym\u0117jo 4 \u012fvar\u010diais.<\/p>\n<p>\u201eD\u0117koju klubo vadovybei, treneriams, komandos draugams ir aistruoliams. Man buvo nuostabi patirtis b\u016bti \u0161io puikaus klubo dalimi. D\u017eiaugiuosi d\u0117l to k\u0105 klubas pasiek\u0117 ir linkiu jam s\u0117km\u0117s bei nauj\u0173 trof\u0117j\u0173 ateinan\u010diame sezone\u201c, &#8211; atsisveikindamas ra\u0161\u0117 A. Olubi.<\/p>\n<p>FK \u201e\u017dalgiris\u201c linki s\u0117km\u0117s \u017eaid\u0117jui tolimesn\u0117je karjeroje.<\/p>\n","protected":false},"excerpt":{"rendered":"<p>\u201e\u017dalgiris\u201c neprat\u0119s\u0117 bendradarbiavimo su puol\u0117ju i\u0161 Nigerijos Adamsu Olubi. Futbolininkas Vilniuje buvo nuo 2021 met\u0173 rudens, ta\u010diau pagrindin\u0117je komandos sud\u0117tyje ne\u012fsitvirtino. 2021 metais jis su\u017eaid\u0117\u2026<\/p>\n","protected":false},"author":4,"featured_media":0,"comment_status":"closed","ping_status":"closed","sticky":false,"template":"","format":"standard","meta":{"_acf_changed":false,"footnotes":""},"categories":[87],"class_list":["post-11165","post","type-post","status-publish","format-standard","hentry","category-zalgiris"],"acf":[],"yoast_head":"<!-- This site is optimized with the Yoast SEO plugin v26.8 - https:\/\/yoast.com\/product\/yoast-seo-wordpress\/ -->\n<title>Komandoje neliks jauno puol\u0117jo A. Olubi - FK \u017dalgiris<\/title>\n<meta name=\"robots\" content=\"index, follow, max-snippet:-1, max-image-preview:large, max-video-preview:-1\" \/>\n<link rel=\"canonical\" href=\"https:\/\/fkzalgiris.lt\/komandoje-neliks-jauno-puolejo-a-olubi\/\" \/>\n<meta property=\"og:locale\" content=\"lt_LT\" \/>\n<meta property=\"og:type\" content=\"article\" \/>\n<meta property=\"og:title\" content=\"Komandoje neliks jauno puol\u0117jo A. Olubi - FK \u017dalgiris\" \/>\n<meta property=\"og:description\" content=\"\u201e\u017dalgiris\u201c neprat\u0119s\u0117 bendradarbiavimo su puol\u0117ju i\u0161 Nigerijos Adamsu Olubi. Futbolininkas Vilniuje buvo nuo 2021 met\u0173 rudens, ta\u010diau pagrindin\u0117je komandos sud\u0117tyje ne\u012fsitvirtino. 2021 metais jis su\u017eaid\u0117\u2026\" \/>\n<meta property=\"og:url\" content=\"https:\/\/fkzalgiris.lt\/komandoje-neliks-jauno-puolejo-a-olubi\/\" \/>\n<meta property=\"og:site_name\" content=\"FK \u017dalgiris\" \/>\n<meta property=\"article:publisher\" content=\"https:\/\/www.facebook.com\/fkzalgiris\/\" \/>\n<meta property=\"article:published_time\" content=\"2023-01-02T11:11:22+00:00\" \/>\n<meta property=\"og:image\" content=\"https:\/\/fkzalgiris.lt\/wp-content\/uploads\/2024\/02\/social-horiz_Zalgiris_logo_2024.png\" \/>\n\t<meta property=\"og:image:width\" content=\"3356\" \/>\n\t<meta property=\"og:image:height\" content=\"2259\" \/>\n\t<meta property=\"og:image:type\" content=\"image\/png\" \/>\n<meta name=\"author\" content=\"J\" \/>\n<meta name=\"twitter:card\" content=\"summary_large_image\" \/>\n<meta name=\"twitter:creator\" content=\"@fkzalgiris\" \/>\n<meta name=\"twitter:site\" content=\"@fkzalgiris\" \/>\n<meta name=\"twitter:label1\" content=\"Written by\" \/>\n\t<meta name=\"twitter:data1\" content=\"J\" \/>\n\t<meta name=\"twitter:label2\" content=\"Est. reading time\" \/>\n\t<meta name=\"twitter:data2\" content=\"1 minut\u0117\" \/>\n<script type=\"application\/ld+json\" class=\"yoast-schema-graph\">{\"@context\":\"https:\/\/schema.org\",\"@graph\":[{\"@type\":\"Article\",\"@id\":\"https:\/\/fkzalgiris.lt\/komandoje-neliks-jauno-puolejo-a-olubi\/#article\",\"isPartOf\":{\"@id\":\"https:\/\/fkzalgiris.lt\/komandoje-neliks-jauno-puolejo-a-olubi\/\"},\"author\":{\"name\":\"J\",\"@id\":\"https:\/\/fkzalgiris.lt\/#\/schema\/person\/8604babbba794a7d8767be324a3eaac8\"},\"headline\":\"Komandoje neliks jauno puol\u0117jo A. Olubi\",\"datePublished\":\"2023-01-02T11:11:22+00:00\",\"mainEntityOfPage\":{\"@id\":\"https:\/\/fkzalgiris.lt\/komandoje-neliks-jauno-puolejo-a-olubi\/\"},\"wordCount\":122,\"publisher\":{\"@id\":\"https:\/\/fkzalgiris.lt\/#organization\"},\"articleSection\":[\"\u017dalgiris\"],\"inLanguage\":\"lt-LT\"},{\"@type\":\"WebPage\",\"@id\":\"https:\/\/fkzalgiris.lt\/komandoje-neliks-jauno-puolejo-a-olubi\/\",\"url\":\"https:\/\/fkzalgiris.lt\/komandoje-neliks-jauno-puolejo-a-olubi\/\",\"name\":\"Komandoje neliks jauno puol\u0117jo A. Olubi - FK \u017dalgiris\",\"isPartOf\":{\"@id\":\"https:\/\/fkzalgiris.lt\/#website\"},\"datePublished\":\"2023-01-02T11:11:22+00:00\",\"breadcrumb\":{\"@id\":\"https:\/\/fkzalgiris.lt\/komandoje-neliks-jauno-puolejo-a-olubi\/#breadcrumb\"},\"inLanguage\":\"lt-LT\",\"potentialAction\":[{\"@type\":\"ReadAction\",\"target\":[\"https:\/\/fkzalgiris.lt\/komandoje-neliks-jauno-puolejo-a-olubi\/\"]}]},{\"@type\":\"BreadcrumbList\",\"@id\":\"https:\/\/fkzalgiris.lt\/komandoje-neliks-jauno-puolejo-a-olubi\/#breadcrumb\",\"itemListElement\":[{\"@type\":\"ListItem\",\"position\":1,\"name\":\"Home\",\"item\":\"https:\/\/fkzalgiris.lt\/\"},{\"@type\":\"ListItem\",\"position\":2,\"name\":\"Komandoje neliks jauno puol\u0117jo A. Olubi\"}]},{\"@type\":\"WebSite\",\"@id\":\"https:\/\/fkzalgiris.lt\/#website\",\"url\":\"https:\/\/fkzalgiris.lt\/\",\"name\":\"FK \u017dalgiris\",\"description\":\"oficiali Vilniaus \u201e\u017dalgirio\u201c futbolo klubo svetain\u0117\",\"publisher\":{\"@id\":\"https:\/\/fkzalgiris.lt\/#organization\"},\"potentialAction\":[{\"@type\":\"SearchAction\",\"target\":{\"@type\":\"EntryPoint\",\"urlTemplate\":\"https:\/\/fkzalgiris.lt\/?s={search_term_string}\"},\"query-input\":{\"@type\":\"PropertyValueSpecification\",\"valueRequired\":true,\"valueName\":\"search_term_string\"}}],\"inLanguage\":\"lt-LT\"},{\"@type\":\"Organization\",\"@id\":\"https:\/\/fkzalgiris.lt\/#organization\",\"name\":\"FK \u017dalgiris\",\"url\":\"https:\/\/fkzalgiris.lt\/\",\"logo\":{\"@type\":\"ImageObject\",\"inLanguage\":\"lt-LT\",\"@id\":\"https:\/\/fkzalgiris.lt\/#\/schema\/logo\/image\/\",\"url\":\"https:\/\/fkzalgiris.lt\/wp-content\/uploads\/2024\/01\/horiz-FK-Zalgiris-logo-2015.png\",\"contentUrl\":\"https:\/\/fkzalgiris.lt\/wp-content\/uploads\/2024\/01\/horiz-FK-Zalgiris-logo-2015.png\",\"width\":3073,\"height\":2048,\"caption\":\"FK \u017dalgiris\"},\"image\":{\"@id\":\"https:\/\/fkzalgiris.lt\/#\/schema\/logo\/image\/\"},\"sameAs\":[\"https:\/\/www.facebook.com\/fkzalgiris\/\",\"https:\/\/x.com\/fkzalgiris\",\"https:\/\/www.instagram.com\/fkzalgiris\/\",\"https:\/\/www.youtube.com\/channel\/UC1ag8JLxGirltMUoLlzfZLA\"]},{\"@type\":\"Person\",\"@id\":\"https:\/\/fkzalgiris.lt\/#\/schema\/person\/8604babbba794a7d8767be324a3eaac8\",\"name\":\"J\"}]}<\/script>\n<!-- \/ Yoast SEO plugin. -->","yoast_head_json":{"title":"Komandoje neliks jauno puol\u0117jo A. Olubi - FK \u017dalgiris","robots":{"index":"index","follow":"follow","max-snippet":"max-snippet:-1","max-image-preview":"max-image-preview:large","max-video-preview":"max-video-preview:-1"},"canonical":"https:\/\/fkzalgiris.lt\/komandoje-neliks-jauno-puolejo-a-olubi\/","og_locale":"lt_LT","og_type":"article","og_title":"Komandoje neliks jauno puol\u0117jo A. Olubi - FK \u017dalgiris","og_description":"\u201e\u017dalgiris\u201c neprat\u0119s\u0117 bendradarbiavimo su puol\u0117ju i\u0161 Nigerijos Adamsu Olubi. Futbolininkas Vilniuje buvo nuo 2021 met\u0173 rudens, ta\u010diau pagrindin\u0117je komandos sud\u0117tyje ne\u012fsitvirtino. 2021 metais jis su\u017eaid\u0117\u2026","og_url":"https:\/\/fkzalgiris.lt\/komandoje-neliks-jauno-puolejo-a-olubi\/","og_site_name":"FK \u017dalgiris","article_publisher":"https:\/\/www.facebook.com\/fkzalgiris\/","article_published_time":"2023-01-02T11:11:22+00:00","og_image":[{"width":3356,"height":2259,"url":"https:\/\/fkzalgiris.lt\/wp-content\/uploads\/2024\/02\/social-horiz_Zalgiris_logo_2024.png","type":"image\/png"}],"author":"J","twitter_card":"summary_large_image","twitter_creator":"@fkzalgiris","twitter_site":"@fkzalgiris","twitter_misc":{"Written by":"J","Est. reading time":"1 minut\u0117"},"schema":{"@context":"https:\/\/schema.org","@graph":[{"@type":"Article","@id":"https:\/\/fkzalgiris.lt\/komandoje-neliks-jauno-puolejo-a-olubi\/#article","isPartOf":{"@id":"https:\/\/fkzalgiris.lt\/komandoje-neliks-jauno-puolejo-a-olubi\/"},"author":{"name":"J","@id":"https:\/\/fkzalgiris.lt\/#\/schema\/person\/8604babbba794a7d8767be324a3eaac8"},"headline":"Komandoje neliks jauno puol\u0117jo A. Olubi","datePublished":"2023-01-02T11:11:22+00:00","mainEntityOfPage":{"@id":"https:\/\/fkzalgiris.lt\/komandoje-neliks-jauno-puolejo-a-olubi\/"},"wordCount":122,"publisher":{"@id":"https:\/\/fkzalgiris.lt\/#organization"},"articleSection":["\u017dalgiris"],"inLanguage":"lt-LT"},{"@type":"WebPage","@id":"https:\/\/fkzalgiris.lt\/komandoje-neliks-jauno-puolejo-a-olubi\/","url":"https:\/\/fkzalgiris.lt\/komandoje-neliks-jauno-puolejo-a-olubi\/","name":"Komandoje neliks jauno puol\u0117jo A. Olubi - FK \u017dalgiris","isPartOf":{"@id":"https:\/\/fkzalgiris.lt\/#website"},"datePublished":"2023-01-02T11:11:22+00:00","breadcrumb":{"@id":"https:\/\/fkzalgiris.lt\/komandoje-neliks-jauno-puolejo-a-olubi\/#breadcrumb"},"inLanguage":"lt-LT","potentialAction":[{"@type":"ReadAction","target":["https:\/\/fkzalgiris.lt\/komandoje-neliks-jauno-puolejo-a-olubi\/"]}]},{"@type":"BreadcrumbList","@id":"https:\/\/fkzalgiris.lt\/komandoje-neliks-jauno-puolejo-a-olubi\/#breadcrumb","itemListElement":[{"@type":"ListItem","position":1,"name":"Home","item":"https:\/\/fkzalgiris.lt\/"},{"@type":"ListItem","position":2,"name":"Komandoje neliks jauno puol\u0117jo A. Olubi"}]},{"@type":"WebSite","@id":"https:\/\/fkzalgiris.lt\/#website","url":"https:\/\/fkzalgiris.lt\/","name":"FK \u017dalgiris","description":"oficiali Vilniaus \u201e\u017dalgirio\u201c futbolo klubo svetain\u0117","publisher":{"@id":"https:\/\/fkzalgiris.lt\/#organization"},"potentialAction":[{"@type":"SearchAction","target":{"@type":"EntryPoint","urlTemplate":"https:\/\/fkzalgiris.lt\/?s={search_term_string}"},"query-input":{"@type":"PropertyValueSpecification","valueRequired":true,"valueName":"search_term_string"}}],"inLanguage":"lt-LT"},{"@type":"Organization","@id":"https:\/\/fkzalgiris.lt\/#organization","name":"FK \u017dalgiris","url":"https:\/\/fkzalgiris.lt\/","logo":{"@type":"ImageObject","inLanguage":"lt-LT","@id":"https:\/\/fkzalgiris.lt\/#\/schema\/logo\/image\/","url":"https:\/\/fkzalgiris.lt\/wp-content\/uploads\/2024\/01\/horiz-FK-Zalgiris-logo-2015.png","contentUrl":"https:\/\/fkzalgiris.lt\/wp-content\/uploads\/2024\/01\/horiz-FK-Zalgiris-logo-2015.png","width":3073,"height":2048,"caption":"FK \u017dalgiris"},"image":{"@id":"https:\/\/fkzalgiris.lt\/#\/schema\/logo\/image\/"},"sameAs":["https:\/\/www.facebook.com\/fkzalgiris\/","https:\/\/x.com\/fkzalgiris","https:\/\/www.instagram.com\/fkzalgiris\/","https:\/\/www.youtube.com\/channel\/UC1ag8JLxGirltMUoLlzfZLA"]},{"@type":"Person","@id":"https:\/\/fkzalgiris.lt\/#\/schema\/person\/8604babbba794a7d8767be324a3eaac8","name":"J"}]}},"_links":{"self":[{"href":"https:\/\/fkzalgiris.lt\/api\/wp\/v2\/posts\/11165","targetHints":{"allow":["GET"]}}],"collection":[{"href":"https:\/\/fkzalgiris.lt\/api\/wp\/v2\/posts"}],"about":[{"href":"https:\/\/fkzalgiris.lt\/api\/wp\/v2\/types\/post"}],"author":[{"embeddable":true,"href":"https:\/\/fkzalgiris.lt\/api\/wp\/v2\/users\/4"}],"replies":[{"embeddable":true,"href":"https:\/\/fkzalgiris.lt\/api\/wp\/v2\/comments?post=11165"}],"version-history":[{"count":1,"href":"https:\/\/fkzalgiris.lt\/api\/wp\/v2\/posts\/11165\/revisions"}],"predecessor-version":[{"id":11167,"href":"https:\/\/fkzalgiris.lt\/api\/wp\/v2\/posts\/11165\/revisions\/11167"}],"wp:attachment":[{"href":"https:\/\/fkzalgiris.lt\/api\/wp\/v2\/media?parent=11165"}],"wp:term":[{"taxonomy":"category","embeddable":true,"href":"https:\/\/fkzalgiris.lt\/api\/wp\/v2\/categories?post=11165"}],"curies":[{"name":"wp","href":"https:\/\/api.w.org\/{rel}","templated":true}]}}