{"id":11114,"date":"2022-12-22T11:43:04","date_gmt":"2022-12-22T09:43:04","guid":{"rendered":"https:\/\/fkzalgiris.lt\/?p=11114"},"modified":"2022-12-22T11:43:04","modified_gmt":"2022-12-22T09:43:04","slug":"vartininku-treneris-m-tamulionis-pasirinko-naujus-issukius","status":"publish","type":"post","link":"https:\/\/fkzalgiris.lt\/vartininku-treneris-m-tamulionis-pasirinko-naujus-issukius\/","title":{"rendered":"Vartinink\u0173 treneris M. Tamulionis pasirinko naujus i\u0161\u0161\u016bkius"},"content":{"rendered":"<p>FK \u201e\u017dalgirio\u201c komandoje kitame sezone nebus vartinink\u0173 trenerio Manto Tamulionio.<\/p>\n<p>Nuo 2019 met\u0173 vasaros pagrindin\u0117s komandos vartinink\u0173 treneriu dirb\u0119s specialistas pasibaigus sutar\u010diai su klubu pri\u0117m\u0117 sprendim\u0105 ie\u0161koti nauj\u0173 i\u0161\u0161\u016bki\u0173.<\/p>\n<p>Prie\u0161 tai jis kelerius metus buvo \u201e\u017dalgirio\u201c vartinink\u0173 akademijos koordinatoriumi.<\/p>\n<p>Pagrindin\u0117je komandoje M. Tamulionis dirbo skirtinguose treneri\u0173 \u0161tabuose, kuriems vadovavo Marekas Zubas, Joao Martinsas, Aliaksejus Baga ir Vladimiras \u010ceburinas.<\/p>\n<p>Komandos gretose treneris i\u0161kovojo tris \u010dempion\u0173 titulus, dukart laim\u0117jo taur\u0119, kart\u0105 \u2013 Supertaur\u0119, pateko \u012f UEFA Konferencij\u0173 lygos grupi\u0173 etap\u0105.<\/p>\n<p>\u201eA\u0161tuoneri metai \u2013 ketveri akademijoje ir ketveri pirmoje komandoje. Tikiuosi palieku jas geresnes nei radau at\u0117j\u0119s. A\u010di\u016b \u201e\u017dalgiriui\u201c kad suteik\u0117 galimyb\u0119 jaunam, niekieno ne\u017einomam, treneriui, prisid\u0117ti prie jau istorija tapusios kelion\u0117s. D\u0117koju visiems \u017dalgirio \u017eaid\u0117jams, su kuriais teko garb\u0117 eiti \u0161iuo ne visada lengvu keliu, kolegoms, geriausiems i\u0161 geriausi\u0173 aistruoli\u0173 Piet\u0173\u2013IV Ultras\u201c, \u2013 atsisveikindamas ra\u0161\u0117 M. Tamulionis.<\/p>\n<p>FK \u201e\u017dalgiris\u201c d\u0117koja M. Tamulioniui u\u017e atsidavim\u0105 tobulinant bei ruo\u0161iant komandos vartininkus, ind\u0117l\u012f \u012f komandos pasiektus rezultatus, ir linki s\u0117km\u0117s naujuose i\u0161\u0161\u016bkiuose.<\/p>\n","protected":false},"excerpt":{"rendered":"<p>FK \u201e\u017dalgirio\u201c komandoje kitame sezone nebus vartinink\u0173 trenerio Manto Tamulionio. Nuo 2019 met\u0173 vasaros pagrindin\u0117s komandos vartinink\u0173 treneriu dirb\u0119s specialistas pasibaigus sutar\u010diai su klubu pri\u0117m\u0117\u2026<\/p>\n","protected":false},"author":4,"featured_media":0,"comment_status":"closed","ping_status":"closed","sticky":false,"template":"","format":"standard","meta":{"_acf_changed":false,"footnotes":""},"categories":[87],"class_list":["post-11114","post","type-post","status-publish","format-standard","hentry","category-zalgiris"],"acf":[],"yoast_head":"<!-- This site is optimized with the Yoast SEO plugin v26.8 - https:\/\/yoast.com\/product\/yoast-seo-wordpress\/ -->\n<title>Vartinink\u0173 treneris M. Tamulionis pasirinko naujus i\u0161\u0161\u016bkius - FK \u017dalgiris<\/title>\n<meta name=\"robots\" content=\"index, follow, max-snippet:-1, max-image-preview:large, max-video-preview:-1\" \/>\n<link rel=\"canonical\" href=\"https:\/\/fkzalgiris.lt\/vartininku-treneris-m-tamulionis-pasirinko-naujus-issukius\/\" \/>\n<meta property=\"og:locale\" content=\"lt_LT\" \/>\n<meta property=\"og:type\" content=\"article\" \/>\n<meta property=\"og:title\" content=\"Vartinink\u0173 treneris M. Tamulionis pasirinko naujus i\u0161\u0161\u016bkius - FK \u017dalgiris\" \/>\n<meta property=\"og:description\" content=\"FK \u201e\u017dalgirio\u201c komandoje kitame sezone nebus vartinink\u0173 trenerio Manto Tamulionio. Nuo 2019 met\u0173 vasaros pagrindin\u0117s komandos vartinink\u0173 treneriu dirb\u0119s specialistas pasibaigus sutar\u010diai su klubu pri\u0117m\u0117\u2026\" \/>\n<meta property=\"og:url\" content=\"https:\/\/fkzalgiris.lt\/vartininku-treneris-m-tamulionis-pasirinko-naujus-issukius\/\" \/>\n<meta property=\"og:site_name\" content=\"FK \u017dalgiris\" \/>\n<meta property=\"article:publisher\" content=\"https:\/\/www.facebook.com\/fkzalgiris\/\" \/>\n<meta property=\"article:published_time\" content=\"2022-12-22T09:43:04+00:00\" \/>\n<meta property=\"og:image\" content=\"https:\/\/fkzalgiris.lt\/wp-content\/uploads\/2024\/02\/social-horiz_Zalgiris_logo_2024.png\" \/>\n\t<meta property=\"og:image:width\" content=\"3356\" \/>\n\t<meta property=\"og:image:height\" content=\"2259\" \/>\n\t<meta property=\"og:image:type\" content=\"image\/png\" \/>\n<meta name=\"author\" content=\"J\" \/>\n<meta name=\"twitter:card\" content=\"summary_large_image\" \/>\n<meta name=\"twitter:creator\" content=\"@fkzalgiris\" \/>\n<meta name=\"twitter:site\" content=\"@fkzalgiris\" \/>\n<meta name=\"twitter:label1\" content=\"Written by\" \/>\n\t<meta name=\"twitter:data1\" content=\"J\" \/>\n\t<meta name=\"twitter:label2\" content=\"Est. reading time\" \/>\n\t<meta name=\"twitter:data2\" content=\"1 minut\u0117\" \/>\n<script type=\"application\/ld+json\" class=\"yoast-schema-graph\">{\"@context\":\"https:\/\/schema.org\",\"@graph\":[{\"@type\":\"Article\",\"@id\":\"https:\/\/fkzalgiris.lt\/vartininku-treneris-m-tamulionis-pasirinko-naujus-issukius\/#article\",\"isPartOf\":{\"@id\":\"https:\/\/fkzalgiris.lt\/vartininku-treneris-m-tamulionis-pasirinko-naujus-issukius\/\"},\"author\":{\"name\":\"J\",\"@id\":\"https:\/\/fkzalgiris.lt\/#\/schema\/person\/8604babbba794a7d8767be324a3eaac8\"},\"headline\":\"Vartinink\u0173 treneris M. Tamulionis pasirinko naujus i\u0161\u0161\u016bkius\",\"datePublished\":\"2022-12-22T09:43:04+00:00\",\"mainEntityOfPage\":{\"@id\":\"https:\/\/fkzalgiris.lt\/vartininku-treneris-m-tamulionis-pasirinko-naujus-issukius\/\"},\"wordCount\":184,\"publisher\":{\"@id\":\"https:\/\/fkzalgiris.lt\/#organization\"},\"articleSection\":[\"\u017dalgiris\"],\"inLanguage\":\"lt-LT\"},{\"@type\":\"WebPage\",\"@id\":\"https:\/\/fkzalgiris.lt\/vartininku-treneris-m-tamulionis-pasirinko-naujus-issukius\/\",\"url\":\"https:\/\/fkzalgiris.lt\/vartininku-treneris-m-tamulionis-pasirinko-naujus-issukius\/\",\"name\":\"Vartinink\u0173 treneris M. Tamulionis pasirinko naujus i\u0161\u0161\u016bkius - FK \u017dalgiris\",\"isPartOf\":{\"@id\":\"https:\/\/fkzalgiris.lt\/#website\"},\"datePublished\":\"2022-12-22T09:43:04+00:00\",\"breadcrumb\":{\"@id\":\"https:\/\/fkzalgiris.lt\/vartininku-treneris-m-tamulionis-pasirinko-naujus-issukius\/#breadcrumb\"},\"inLanguage\":\"lt-LT\",\"potentialAction\":[{\"@type\":\"ReadAction\",\"target\":[\"https:\/\/fkzalgiris.lt\/vartininku-treneris-m-tamulionis-pasirinko-naujus-issukius\/\"]}]},{\"@type\":\"BreadcrumbList\",\"@id\":\"https:\/\/fkzalgiris.lt\/vartininku-treneris-m-tamulionis-pasirinko-naujus-issukius\/#breadcrumb\",\"itemListElement\":[{\"@type\":\"ListItem\",\"position\":1,\"name\":\"Home\",\"item\":\"https:\/\/fkzalgiris.lt\/\"},{\"@type\":\"ListItem\",\"position\":2,\"name\":\"Vartinink\u0173 treneris M. Tamulionis pasirinko naujus i\u0161\u0161\u016bkius\"}]},{\"@type\":\"WebSite\",\"@id\":\"https:\/\/fkzalgiris.lt\/#website\",\"url\":\"https:\/\/fkzalgiris.lt\/\",\"name\":\"FK \u017dalgiris\",\"description\":\"oficiali Vilniaus \u201e\u017dalgirio\u201c futbolo klubo svetain\u0117\",\"publisher\":{\"@id\":\"https:\/\/fkzalgiris.lt\/#organization\"},\"potentialAction\":[{\"@type\":\"SearchAction\",\"target\":{\"@type\":\"EntryPoint\",\"urlTemplate\":\"https:\/\/fkzalgiris.lt\/?s={search_term_string}\"},\"query-input\":{\"@type\":\"PropertyValueSpecification\",\"valueRequired\":true,\"valueName\":\"search_term_string\"}}],\"inLanguage\":\"lt-LT\"},{\"@type\":\"Organization\",\"@id\":\"https:\/\/fkzalgiris.lt\/#organization\",\"name\":\"FK \u017dalgiris\",\"url\":\"https:\/\/fkzalgiris.lt\/\",\"logo\":{\"@type\":\"ImageObject\",\"inLanguage\":\"lt-LT\",\"@id\":\"https:\/\/fkzalgiris.lt\/#\/schema\/logo\/image\/\",\"url\":\"https:\/\/fkzalgiris.lt\/wp-content\/uploads\/2024\/01\/horiz-FK-Zalgiris-logo-2015.png\",\"contentUrl\":\"https:\/\/fkzalgiris.lt\/wp-content\/uploads\/2024\/01\/horiz-FK-Zalgiris-logo-2015.png\",\"width\":3073,\"height\":2048,\"caption\":\"FK \u017dalgiris\"},\"image\":{\"@id\":\"https:\/\/fkzalgiris.lt\/#\/schema\/logo\/image\/\"},\"sameAs\":[\"https:\/\/www.facebook.com\/fkzalgiris\/\",\"https:\/\/x.com\/fkzalgiris\",\"https:\/\/www.instagram.com\/fkzalgiris\/\",\"https:\/\/www.youtube.com\/channel\/UC1ag8JLxGirltMUoLlzfZLA\"]},{\"@type\":\"Person\",\"@id\":\"https:\/\/fkzalgiris.lt\/#\/schema\/person\/8604babbba794a7d8767be324a3eaac8\",\"name\":\"J\"}]}<\/script>\n<!-- \/ Yoast SEO plugin. -->","yoast_head_json":{"title":"Vartinink\u0173 treneris M. Tamulionis pasirinko naujus i\u0161\u0161\u016bkius - FK \u017dalgiris","robots":{"index":"index","follow":"follow","max-snippet":"max-snippet:-1","max-image-preview":"max-image-preview:large","max-video-preview":"max-video-preview:-1"},"canonical":"https:\/\/fkzalgiris.lt\/vartininku-treneris-m-tamulionis-pasirinko-naujus-issukius\/","og_locale":"lt_LT","og_type":"article","og_title":"Vartinink\u0173 treneris M. Tamulionis pasirinko naujus i\u0161\u0161\u016bkius - FK \u017dalgiris","og_description":"FK \u201e\u017dalgirio\u201c komandoje kitame sezone nebus vartinink\u0173 trenerio Manto Tamulionio. Nuo 2019 met\u0173 vasaros pagrindin\u0117s komandos vartinink\u0173 treneriu dirb\u0119s specialistas pasibaigus sutar\u010diai su klubu pri\u0117m\u0117\u2026","og_url":"https:\/\/fkzalgiris.lt\/vartininku-treneris-m-tamulionis-pasirinko-naujus-issukius\/","og_site_name":"FK \u017dalgiris","article_publisher":"https:\/\/www.facebook.com\/fkzalgiris\/","article_published_time":"2022-12-22T09:43:04+00:00","og_image":[{"width":3356,"height":2259,"url":"https:\/\/fkzalgiris.lt\/wp-content\/uploads\/2024\/02\/social-horiz_Zalgiris_logo_2024.png","type":"image\/png"}],"author":"J","twitter_card":"summary_large_image","twitter_creator":"@fkzalgiris","twitter_site":"@fkzalgiris","twitter_misc":{"Written by":"J","Est. reading time":"1 minut\u0117"},"schema":{"@context":"https:\/\/schema.org","@graph":[{"@type":"Article","@id":"https:\/\/fkzalgiris.lt\/vartininku-treneris-m-tamulionis-pasirinko-naujus-issukius\/#article","isPartOf":{"@id":"https:\/\/fkzalgiris.lt\/vartininku-treneris-m-tamulionis-pasirinko-naujus-issukius\/"},"author":{"name":"J","@id":"https:\/\/fkzalgiris.lt\/#\/schema\/person\/8604babbba794a7d8767be324a3eaac8"},"headline":"Vartinink\u0173 treneris M. Tamulionis pasirinko naujus i\u0161\u0161\u016bkius","datePublished":"2022-12-22T09:43:04+00:00","mainEntityOfPage":{"@id":"https:\/\/fkzalgiris.lt\/vartininku-treneris-m-tamulionis-pasirinko-naujus-issukius\/"},"wordCount":184,"publisher":{"@id":"https:\/\/fkzalgiris.lt\/#organization"},"articleSection":["\u017dalgiris"],"inLanguage":"lt-LT"},{"@type":"WebPage","@id":"https:\/\/fkzalgiris.lt\/vartininku-treneris-m-tamulionis-pasirinko-naujus-issukius\/","url":"https:\/\/fkzalgiris.lt\/vartininku-treneris-m-tamulionis-pasirinko-naujus-issukius\/","name":"Vartinink\u0173 treneris M. Tamulionis pasirinko naujus i\u0161\u0161\u016bkius - FK \u017dalgiris","isPartOf":{"@id":"https:\/\/fkzalgiris.lt\/#website"},"datePublished":"2022-12-22T09:43:04+00:00","breadcrumb":{"@id":"https:\/\/fkzalgiris.lt\/vartininku-treneris-m-tamulionis-pasirinko-naujus-issukius\/#breadcrumb"},"inLanguage":"lt-LT","potentialAction":[{"@type":"ReadAction","target":["https:\/\/fkzalgiris.lt\/vartininku-treneris-m-tamulionis-pasirinko-naujus-issukius\/"]}]},{"@type":"BreadcrumbList","@id":"https:\/\/fkzalgiris.lt\/vartininku-treneris-m-tamulionis-pasirinko-naujus-issukius\/#breadcrumb","itemListElement":[{"@type":"ListItem","position":1,"name":"Home","item":"https:\/\/fkzalgiris.lt\/"},{"@type":"ListItem","position":2,"name":"Vartinink\u0173 treneris M. Tamulionis pasirinko naujus i\u0161\u0161\u016bkius"}]},{"@type":"WebSite","@id":"https:\/\/fkzalgiris.lt\/#website","url":"https:\/\/fkzalgiris.lt\/","name":"FK \u017dalgiris","description":"oficiali Vilniaus \u201e\u017dalgirio\u201c futbolo klubo svetain\u0117","publisher":{"@id":"https:\/\/fkzalgiris.lt\/#organization"},"potentialAction":[{"@type":"SearchAction","target":{"@type":"EntryPoint","urlTemplate":"https:\/\/fkzalgiris.lt\/?s={search_term_string}"},"query-input":{"@type":"PropertyValueSpecification","valueRequired":true,"valueName":"search_term_string"}}],"inLanguage":"lt-LT"},{"@type":"Organization","@id":"https:\/\/fkzalgiris.lt\/#organization","name":"FK \u017dalgiris","url":"https:\/\/fkzalgiris.lt\/","logo":{"@type":"ImageObject","inLanguage":"lt-LT","@id":"https:\/\/fkzalgiris.lt\/#\/schema\/logo\/image\/","url":"https:\/\/fkzalgiris.lt\/wp-content\/uploads\/2024\/01\/horiz-FK-Zalgiris-logo-2015.png","contentUrl":"https:\/\/fkzalgiris.lt\/wp-content\/uploads\/2024\/01\/horiz-FK-Zalgiris-logo-2015.png","width":3073,"height":2048,"caption":"FK \u017dalgiris"},"image":{"@id":"https:\/\/fkzalgiris.lt\/#\/schema\/logo\/image\/"},"sameAs":["https:\/\/www.facebook.com\/fkzalgiris\/","https:\/\/x.com\/fkzalgiris","https:\/\/www.instagram.com\/fkzalgiris\/","https:\/\/www.youtube.com\/channel\/UC1ag8JLxGirltMUoLlzfZLA"]},{"@type":"Person","@id":"https:\/\/fkzalgiris.lt\/#\/schema\/person\/8604babbba794a7d8767be324a3eaac8","name":"J"}]}},"_links":{"self":[{"href":"https:\/\/fkzalgiris.lt\/api\/wp\/v2\/posts\/11114","targetHints":{"allow":["GET"]}}],"collection":[{"href":"https:\/\/fkzalgiris.lt\/api\/wp\/v2\/posts"}],"about":[{"href":"https:\/\/fkzalgiris.lt\/api\/wp\/v2\/types\/post"}],"author":[{"embeddable":true,"href":"https:\/\/fkzalgiris.lt\/api\/wp\/v2\/users\/4"}],"replies":[{"embeddable":true,"href":"https:\/\/fkzalgiris.lt\/api\/wp\/v2\/comments?post=11114"}],"version-history":[{"count":4,"href":"https:\/\/fkzalgiris.lt\/api\/wp\/v2\/posts\/11114\/revisions"}],"predecessor-version":[{"id":11124,"href":"https:\/\/fkzalgiris.lt\/api\/wp\/v2\/posts\/11114\/revisions\/11124"}],"wp:attachment":[{"href":"https:\/\/fkzalgiris.lt\/api\/wp\/v2\/media?parent=11114"}],"wp:term":[{"taxonomy":"category","embeddable":true,"href":"https:\/\/fkzalgiris.lt\/api\/wp\/v2\/categories?post=11114"}],"curies":[{"name":"wp","href":"https:\/\/api.w.org\/{rel}","templated":true}]}}