{"id":11099,"date":"2022-12-08T10:00:48","date_gmt":"2022-12-08T08:00:48","guid":{"rendered":"https:\/\/fkzalgiris.lt\/?p=11099"},"modified":"2022-12-06T02:08:05","modified_gmt":"2022-12-06T00:08:05","slug":"renkamas-graziausias-2022-metu-zalgirio-ivartis","status":"publish","type":"post","link":"https:\/\/fkzalgiris.lt\/renkamas-graziausias-2022-metu-zalgirio-ivartis\/","title":{"rendered":"Renkamas gra\u017eiausias 2022 met\u0173 \u201e\u017dalgirio\u201c \u012fvartis"},"content":{"rendered":"<p>Istoriniame 2022 met\u0173 sezone \u201e\u017dalgiris\u201c oficialiose rungtyn\u0117se pasi\u017eym\u0117jo 108 \u012fvar\u010diais.<\/p>\n<p>Jie buvo ne tik svarb\u016bs ir pad\u0117jo i\u0161kovoti du titulus bei ne vien\u0105 svarb\u0173 rezultat\u0105 Europoje &#8211; tarp \u012fvar\u010di\u0173 buvo ir tikr\u0173 gra\u017euoli\u0173.<\/p>\n<p>I\u0161 13 \u012fvar\u010di\u0173, kurie labiausiai atkreip\u0117 d\u0117m\u0117s\u012f, \u201e\u017dalgirio\u201c aistruoliai gali i\u0161rinkti gra\u017eiausi\u0105.<\/p>\n<p>Pasi\u017ei\u016br\u0117ti \u012fvar\u010dius ir balsuoti u\u017e gra\u017eiausi\u0105j\u012f (pasirenkant 1-3 vietas) galite \u017eemiau:<\/p>\n<div class=\"embed-responsive embed-responsive-16by9 mb-4\"><iframe title=\"FK \u017dalgiris 2022 sezono gra\u017eiausi \u012fvar\u010diai (rinkimai)\" src=\"https:\/\/www.youtube.com\/embed\/i6fGVNQqtiI?feature=oembed\" frameborder=\"0\" allow=\"accelerometer; autoplay; clipboard-write; encrypted-media; gyroscope; picture-in-picture; web-share\" referrerpolicy=\"strict-origin-when-cross-origin\" allowfullscreen><\/iframe> <\/div>\n\n<div class=\"wpcf7 no-js\" id=\"wpcf7-f11093-o1\" lang=\"lt-LT\" dir=\"ltr\" data-wpcf7-id=\"11093\">\n<div class=\"screen-reader-response\"><p role=\"status\" aria-live=\"polite\" aria-atomic=\"true\"><\/p> <ul><\/ul><\/div>\n<form action=\"\/api\/wp\/v2\/posts\/11099#wpcf7-f11093-o1\" method=\"post\" class=\"wpcf7-form init\" aria-label=\"Kontakt\u0173 forma\" novalidate=\"novalidate\" data-status=\"init\">\n<fieldset class=\"hidden-fields-container\"><input type=\"hidden\" name=\"_wpcf7\" value=\"11093\" \/><input type=\"hidden\" name=\"_wpcf7_version\" value=\"6.1.4\" \/><input type=\"hidden\" name=\"_wpcf7_locale\" value=\"lt_LT\" \/><input type=\"hidden\" name=\"_wpcf7_unit_tag\" value=\"wpcf7-f11093-o1\" \/><input type=\"hidden\" name=\"_wpcf7_container_post\" value=\"0\" \/><input type=\"hidden\" name=\"_wpcf7_posted_data_hash\" value=\"\" \/>\n<\/fieldset>\n<label for=\"place_1\">1 vieta<\/label>\n<div class=\"mb-4\">\n<span class=\"wpcf7-form-control-wrap\" data-name=\"place_1\"><select class=\"wpcf7-form-control wpcf7-select wpcf7-validates-as-required custom-select\" aria-required=\"true\" aria-invalid=\"false\" name=\"place_1\"><option value=\"\">&#8212;Pra\u0161ome pasirinkti&#8212;<\/option><option value=\"Francis Kyeremeh vs Jonava 2022-03-04\">Francis Kyeremeh vs Jonava 2022-03-04<\/option><option value=\"Marko Mili\u010dkovi\u0107 vs Riteriai 2022-03-20\">Marko Mili\u010dkovi\u0107 vs Riteriai 2022-03-20<\/option><option value=\"Nicol\u00e1s Gorobsov vs S\u016bduva 2022-06-26\">Nicol\u00e1s Gorobsov vs S\u016bduva 2022-06-26<\/option><option value=\"Fabien Ourega vs Malmo 2022-07-19\">Fabien Ourega vs Malmo 2022-07-19<\/option><option value=\"Mathias Oyewusi vs Malmo 2022-07-27\">Mathias Oyewusi vs Malmo 2022-07-27<\/option><option value=\"Marko Mili\u010dkovi\u0107 vs Banga 2022-08-06\">Marko Mili\u010dkovi\u0107 vs Banga 2022-08-06<\/option><option value=\"Marko Mili\u010dkovi\u0107 vs Hegelmann 2022-08-28\">Marko Mili\u010dkovi\u0107 vs Hegelmann 2022-08-28<\/option><option value=\"Fabien Ourega vs Pyunik 2022-10-13\">Fabien Ourega vs Pyunik 2022-10-13<\/option><option value=\"Renan Oliveira vs Pyunik 2022-10-13\">Renan Oliveira vs Pyunik 2022-10-13<\/option><option value=\"Marko Mili\u010dkovi\u0107 vs Hegelmann 2022-10-16\">Marko Mili\u010dkovi\u0107 vs Hegelmann 2022-10-16<\/option><option value=\"Petar Mami\u010d vs Banga 2022-11-17\">Petar Mami\u010d vs Banga 2022-11-17<\/option><\/select><\/span>\n<\/div>\n\n<label for=\"place_2\">2 vieta<\/label>\n<div class=\"mb-4\">\n<span class=\"wpcf7-form-control-wrap\" data-name=\"place_2\"><select class=\"wpcf7-form-control wpcf7-select wpcf7-validates-as-required custom-select\" aria-required=\"true\" aria-invalid=\"false\" name=\"place_2\"><option value=\"\">&#8212;Pra\u0161ome pasirinkti&#8212;<\/option><option value=\"Francis Kyeremeh vs Jonava 2022-03-04\">Francis Kyeremeh vs Jonava 2022-03-04<\/option><option value=\"Marko Mili\u010dkovi\u0107 vs Riteriai 2022-03-20\">Marko Mili\u010dkovi\u0107 vs Riteriai 2022-03-20<\/option><option value=\"Nicol\u00e1s Gorobsov vs S\u016bduva 2022-06-26\">Nicol\u00e1s Gorobsov vs S\u016bduva 2022-06-26<\/option><option value=\"Fabien Ourega vs Malmo 2022-07-19\">Fabien Ourega vs Malmo 2022-07-19<\/option><option value=\"Mathias Oyewusi vs Malmo 2022-07-27\">Mathias Oyewusi vs Malmo 2022-07-27<\/option><option value=\"Marko Mili\u010dkovi\u0107 vs Banga 2022-08-06\">Marko Mili\u010dkovi\u0107 vs Banga 2022-08-06<\/option><option value=\"Marko Mili\u010dkovi\u0107 vs Hegelmann 2022-08-28\">Marko Mili\u010dkovi\u0107 vs Hegelmann 2022-08-28<\/option><option value=\"Fabien Ourega vs Pyunik 2022-10-13\">Fabien Ourega vs Pyunik 2022-10-13<\/option><option value=\"Renan Oliveira vs Pyunik 2022-10-13\">Renan Oliveira vs Pyunik 2022-10-13<\/option><option value=\"Marko Mili\u010dkovi\u0107 vs Hegelmann 2022-10-16\">Marko Mili\u010dkovi\u0107 vs Hegelmann 2022-10-16<\/option><option value=\"Petar Mami\u010d vs Banga 2022-11-17\">Petar Mami\u010d vs Banga 2022-11-17<\/option><\/select><\/span>\n<\/div>\n\n<label for=\"place_3\">3 vieta<\/label>\n<div class=\"mb-4\">\n<span class=\"wpcf7-form-control-wrap\" data-name=\"place_3\"><select class=\"wpcf7-form-control wpcf7-select wpcf7-validates-as-required custom-select\" aria-required=\"true\" aria-invalid=\"false\" name=\"place_3\"><option value=\"\">&#8212;Pra\u0161ome pasirinkti&#8212;<\/option><option value=\"Francis Kyeremeh vs Jonava 2022-03-04\">Francis Kyeremeh vs Jonava 2022-03-04<\/option><option value=\"Marko Mili\u010dkovi\u0107 vs Riteriai 2022-03-20\">Marko Mili\u010dkovi\u0107 vs Riteriai 2022-03-20<\/option><option value=\"Nicol\u00e1s Gorobsov vs S\u016bduva 2022-06-26\">Nicol\u00e1s Gorobsov vs S\u016bduva 2022-06-26<\/option><option value=\"Fabien Ourega vs Malmo 2022-07-19\">Fabien Ourega vs Malmo 2022-07-19<\/option><option value=\"Mathias Oyewusi vs Malmo 2022-07-27\">Mathias Oyewusi vs Malmo 2022-07-27<\/option><option value=\"Marko Mili\u010dkovi\u0107 vs Banga 2022-08-06\">Marko Mili\u010dkovi\u0107 vs Banga 2022-08-06<\/option><option value=\"Marko Mili\u010dkovi\u0107 vs Hegelmann 2022-08-28\">Marko Mili\u010dkovi\u0107 vs Hegelmann 2022-08-28<\/option><option value=\"Fabien Ourega vs Pyunik 2022-10-13\">Fabien Ourega vs Pyunik 2022-10-13<\/option><option value=\"Renan Oliveira vs Pyunik 2022-10-13\">Renan Oliveira vs Pyunik 2022-10-13<\/option><option value=\"Marko Mili\u010dkovi\u0107 vs Hegelmann 2022-10-16\">Marko Mili\u010dkovi\u0107 vs Hegelmann 2022-10-16<\/option><option value=\"Petar Mami\u010d vs Banga 2022-11-17\">Petar Mami\u010d vs Banga 2022-11-17<\/option><\/select><\/span>\n<\/div>\n\n<div class=\"mb-10\">\n<input class=\"wpcf7-form-control wpcf7-submit has-spinner btn btn-primary px-8 w-100 w-md-auto\" type=\"submit\" value=\"Balsuoti\" \/>\n<div class=\"wpcf7-response-output\" aria-hidden=\"true\"><\/div>\n<\/div>\n<\/form>\n<\/div>\n\n<div style=\"position: relative; padding-bottom: 56.25%; padding-top: 1900px; height: 0;\"><\/div>\n","protected":false},"excerpt":{"rendered":"<p>Istoriniame 2022 met\u0173 sezone \u201e\u017dalgiris\u201c oficialiose rungtyn\u0117se pasi\u017eym\u0117jo 108 \u012fvar\u010diais. Jie buvo ne tik svarb\u016bs ir pad\u0117jo i\u0161kovoti du titulus bei ne vien\u0105 svarb\u0173 rezultat\u0105\u2026<\/p>\n","protected":false},"author":4,"featured_media":0,"comment_status":"closed","ping_status":"closed","sticky":false,"template":"","format":"standard","meta":{"_acf_changed":false,"footnotes":""},"categories":[87],"class_list":["post-11099","post","type-post","status-publish","format-standard","hentry","category-zalgiris"],"acf":[],"yoast_head":"<!-- This site is optimized with the Yoast SEO plugin v26.8 - https:\/\/yoast.com\/product\/yoast-seo-wordpress\/ -->\n<title>Renkamas gra\u017eiausias 2022 met\u0173 \u201e\u017dalgirio\u201c \u012fvartis - FK \u017dalgiris<\/title>\n<meta name=\"robots\" content=\"index, follow, max-snippet:-1, max-image-preview:large, max-video-preview:-1\" \/>\n<link rel=\"canonical\" href=\"https:\/\/fkzalgiris.lt\/renkamas-graziausias-2022-metu-zalgirio-ivartis\/\" \/>\n<meta property=\"og:locale\" content=\"lt_LT\" \/>\n<meta property=\"og:type\" content=\"article\" \/>\n<meta property=\"og:title\" content=\"Renkamas gra\u017eiausias 2022 met\u0173 \u201e\u017dalgirio\u201c \u012fvartis - FK \u017dalgiris\" \/>\n<meta property=\"og:description\" content=\"Istoriniame 2022 met\u0173 sezone \u201e\u017dalgiris\u201c oficialiose rungtyn\u0117se pasi\u017eym\u0117jo 108 \u012fvar\u010diais. Jie buvo ne tik svarb\u016bs ir pad\u0117jo i\u0161kovoti du titulus bei ne vien\u0105 svarb\u0173 rezultat\u0105\u2026\" \/>\n<meta property=\"og:url\" content=\"https:\/\/fkzalgiris.lt\/renkamas-graziausias-2022-metu-zalgirio-ivartis\/\" \/>\n<meta property=\"og:site_name\" content=\"FK \u017dalgiris\" \/>\n<meta property=\"article:publisher\" content=\"https:\/\/www.facebook.com\/fkzalgiris\/\" \/>\n<meta property=\"article:published_time\" content=\"2022-12-08T08:00:48+00:00\" \/>\n<meta property=\"og:image\" content=\"https:\/\/fkzalgiris.lt\/wp-content\/uploads\/2024\/02\/social-horiz_Zalgiris_logo_2024.png\" \/>\n\t<meta property=\"og:image:width\" content=\"3356\" \/>\n\t<meta property=\"og:image:height\" content=\"2259\" \/>\n\t<meta property=\"og:image:type\" content=\"image\/png\" \/>\n<meta name=\"author\" content=\"J\" \/>\n<meta name=\"twitter:card\" content=\"summary_large_image\" \/>\n<meta name=\"twitter:creator\" content=\"@fkzalgiris\" \/>\n<meta name=\"twitter:site\" content=\"@fkzalgiris\" \/>\n<meta name=\"twitter:label1\" content=\"Written by\" \/>\n\t<meta name=\"twitter:data1\" content=\"J\" \/>\n\t<meta name=\"twitter:label2\" content=\"Est. reading time\" \/>\n\t<meta name=\"twitter:data2\" content=\"1 minut\u0117\" \/>\n<script type=\"application\/ld+json\" class=\"yoast-schema-graph\">{\"@context\":\"https:\/\/schema.org\",\"@graph\":[{\"@type\":\"Article\",\"@id\":\"https:\/\/fkzalgiris.lt\/renkamas-graziausias-2022-metu-zalgirio-ivartis\/#article\",\"isPartOf\":{\"@id\":\"https:\/\/fkzalgiris.lt\/renkamas-graziausias-2022-metu-zalgirio-ivartis\/\"},\"author\":{\"name\":\"J\",\"@id\":\"https:\/\/fkzalgiris.lt\/#\/schema\/person\/8604babbba794a7d8767be324a3eaac8\"},\"headline\":\"Renkamas gra\u017eiausias 2022 met\u0173 \u201e\u017dalgirio\u201c \u012fvartis\",\"datePublished\":\"2022-12-08T08:00:48+00:00\",\"mainEntityOfPage\":{\"@id\":\"https:\/\/fkzalgiris.lt\/renkamas-graziausias-2022-metu-zalgirio-ivartis\/\"},\"wordCount\":90,\"publisher\":{\"@id\":\"https:\/\/fkzalgiris.lt\/#organization\"},\"articleSection\":[\"\u017dalgiris\"],\"inLanguage\":\"lt-LT\"},{\"@type\":\"WebPage\",\"@id\":\"https:\/\/fkzalgiris.lt\/renkamas-graziausias-2022-metu-zalgirio-ivartis\/\",\"url\":\"https:\/\/fkzalgiris.lt\/renkamas-graziausias-2022-metu-zalgirio-ivartis\/\",\"name\":\"Renkamas gra\u017eiausias 2022 met\u0173 \u201e\u017dalgirio\u201c \u012fvartis - FK \u017dalgiris\",\"isPartOf\":{\"@id\":\"https:\/\/fkzalgiris.lt\/#website\"},\"datePublished\":\"2022-12-08T08:00:48+00:00\",\"breadcrumb\":{\"@id\":\"https:\/\/fkzalgiris.lt\/renkamas-graziausias-2022-metu-zalgirio-ivartis\/#breadcrumb\"},\"inLanguage\":\"lt-LT\",\"potentialAction\":[{\"@type\":\"ReadAction\",\"target\":[\"https:\/\/fkzalgiris.lt\/renkamas-graziausias-2022-metu-zalgirio-ivartis\/\"]}]},{\"@type\":\"BreadcrumbList\",\"@id\":\"https:\/\/fkzalgiris.lt\/renkamas-graziausias-2022-metu-zalgirio-ivartis\/#breadcrumb\",\"itemListElement\":[{\"@type\":\"ListItem\",\"position\":1,\"name\":\"Home\",\"item\":\"https:\/\/fkzalgiris.lt\/\"},{\"@type\":\"ListItem\",\"position\":2,\"name\":\"Renkamas gra\u017eiausias 2022 met\u0173 \u201e\u017dalgirio\u201c \u012fvartis\"}]},{\"@type\":\"WebSite\",\"@id\":\"https:\/\/fkzalgiris.lt\/#website\",\"url\":\"https:\/\/fkzalgiris.lt\/\",\"name\":\"FK \u017dalgiris\",\"description\":\"oficiali Vilniaus \u201e\u017dalgirio\u201c futbolo klubo svetain\u0117\",\"publisher\":{\"@id\":\"https:\/\/fkzalgiris.lt\/#organization\"},\"potentialAction\":[{\"@type\":\"SearchAction\",\"target\":{\"@type\":\"EntryPoint\",\"urlTemplate\":\"https:\/\/fkzalgiris.lt\/?s={search_term_string}\"},\"query-input\":{\"@type\":\"PropertyValueSpecification\",\"valueRequired\":true,\"valueName\":\"search_term_string\"}}],\"inLanguage\":\"lt-LT\"},{\"@type\":\"Organization\",\"@id\":\"https:\/\/fkzalgiris.lt\/#organization\",\"name\":\"FK \u017dalgiris\",\"url\":\"https:\/\/fkzalgiris.lt\/\",\"logo\":{\"@type\":\"ImageObject\",\"inLanguage\":\"lt-LT\",\"@id\":\"https:\/\/fkzalgiris.lt\/#\/schema\/logo\/image\/\",\"url\":\"https:\/\/fkzalgiris.lt\/wp-content\/uploads\/2024\/01\/horiz-FK-Zalgiris-logo-2015.png\",\"contentUrl\":\"https:\/\/fkzalgiris.lt\/wp-content\/uploads\/2024\/01\/horiz-FK-Zalgiris-logo-2015.png\",\"width\":3073,\"height\":2048,\"caption\":\"FK \u017dalgiris\"},\"image\":{\"@id\":\"https:\/\/fkzalgiris.lt\/#\/schema\/logo\/image\/\"},\"sameAs\":[\"https:\/\/www.facebook.com\/fkzalgiris\/\",\"https:\/\/x.com\/fkzalgiris\",\"https:\/\/www.instagram.com\/fkzalgiris\/\",\"https:\/\/www.youtube.com\/channel\/UC1ag8JLxGirltMUoLlzfZLA\"]},{\"@type\":\"Person\",\"@id\":\"https:\/\/fkzalgiris.lt\/#\/schema\/person\/8604babbba794a7d8767be324a3eaac8\",\"name\":\"J\"}]}<\/script>\n<!-- \/ Yoast SEO plugin. -->","yoast_head_json":{"title":"Renkamas gra\u017eiausias 2022 met\u0173 \u201e\u017dalgirio\u201c \u012fvartis - FK \u017dalgiris","robots":{"index":"index","follow":"follow","max-snippet":"max-snippet:-1","max-image-preview":"max-image-preview:large","max-video-preview":"max-video-preview:-1"},"canonical":"https:\/\/fkzalgiris.lt\/renkamas-graziausias-2022-metu-zalgirio-ivartis\/","og_locale":"lt_LT","og_type":"article","og_title":"Renkamas gra\u017eiausias 2022 met\u0173 \u201e\u017dalgirio\u201c \u012fvartis - FK \u017dalgiris","og_description":"Istoriniame 2022 met\u0173 sezone \u201e\u017dalgiris\u201c oficialiose rungtyn\u0117se pasi\u017eym\u0117jo 108 \u012fvar\u010diais. Jie buvo ne tik svarb\u016bs ir pad\u0117jo i\u0161kovoti du titulus bei ne vien\u0105 svarb\u0173 rezultat\u0105\u2026","og_url":"https:\/\/fkzalgiris.lt\/renkamas-graziausias-2022-metu-zalgirio-ivartis\/","og_site_name":"FK \u017dalgiris","article_publisher":"https:\/\/www.facebook.com\/fkzalgiris\/","article_published_time":"2022-12-08T08:00:48+00:00","og_image":[{"width":3356,"height":2259,"url":"https:\/\/fkzalgiris.lt\/wp-content\/uploads\/2024\/02\/social-horiz_Zalgiris_logo_2024.png","type":"image\/png"}],"author":"J","twitter_card":"summary_large_image","twitter_creator":"@fkzalgiris","twitter_site":"@fkzalgiris","twitter_misc":{"Written by":"J","Est. reading time":"1 minut\u0117"},"schema":{"@context":"https:\/\/schema.org","@graph":[{"@type":"Article","@id":"https:\/\/fkzalgiris.lt\/renkamas-graziausias-2022-metu-zalgirio-ivartis\/#article","isPartOf":{"@id":"https:\/\/fkzalgiris.lt\/renkamas-graziausias-2022-metu-zalgirio-ivartis\/"},"author":{"name":"J","@id":"https:\/\/fkzalgiris.lt\/#\/schema\/person\/8604babbba794a7d8767be324a3eaac8"},"headline":"Renkamas gra\u017eiausias 2022 met\u0173 \u201e\u017dalgirio\u201c \u012fvartis","datePublished":"2022-12-08T08:00:48+00:00","mainEntityOfPage":{"@id":"https:\/\/fkzalgiris.lt\/renkamas-graziausias-2022-metu-zalgirio-ivartis\/"},"wordCount":90,"publisher":{"@id":"https:\/\/fkzalgiris.lt\/#organization"},"articleSection":["\u017dalgiris"],"inLanguage":"lt-LT"},{"@type":"WebPage","@id":"https:\/\/fkzalgiris.lt\/renkamas-graziausias-2022-metu-zalgirio-ivartis\/","url":"https:\/\/fkzalgiris.lt\/renkamas-graziausias-2022-metu-zalgirio-ivartis\/","name":"Renkamas gra\u017eiausias 2022 met\u0173 \u201e\u017dalgirio\u201c \u012fvartis - FK \u017dalgiris","isPartOf":{"@id":"https:\/\/fkzalgiris.lt\/#website"},"datePublished":"2022-12-08T08:00:48+00:00","breadcrumb":{"@id":"https:\/\/fkzalgiris.lt\/renkamas-graziausias-2022-metu-zalgirio-ivartis\/#breadcrumb"},"inLanguage":"lt-LT","potentialAction":[{"@type":"ReadAction","target":["https:\/\/fkzalgiris.lt\/renkamas-graziausias-2022-metu-zalgirio-ivartis\/"]}]},{"@type":"BreadcrumbList","@id":"https:\/\/fkzalgiris.lt\/renkamas-graziausias-2022-metu-zalgirio-ivartis\/#breadcrumb","itemListElement":[{"@type":"ListItem","position":1,"name":"Home","item":"https:\/\/fkzalgiris.lt\/"},{"@type":"ListItem","position":2,"name":"Renkamas gra\u017eiausias 2022 met\u0173 \u201e\u017dalgirio\u201c \u012fvartis"}]},{"@type":"WebSite","@id":"https:\/\/fkzalgiris.lt\/#website","url":"https:\/\/fkzalgiris.lt\/","name":"FK \u017dalgiris","description":"oficiali Vilniaus \u201e\u017dalgirio\u201c futbolo klubo svetain\u0117","publisher":{"@id":"https:\/\/fkzalgiris.lt\/#organization"},"potentialAction":[{"@type":"SearchAction","target":{"@type":"EntryPoint","urlTemplate":"https:\/\/fkzalgiris.lt\/?s={search_term_string}"},"query-input":{"@type":"PropertyValueSpecification","valueRequired":true,"valueName":"search_term_string"}}],"inLanguage":"lt-LT"},{"@type":"Organization","@id":"https:\/\/fkzalgiris.lt\/#organization","name":"FK \u017dalgiris","url":"https:\/\/fkzalgiris.lt\/","logo":{"@type":"ImageObject","inLanguage":"lt-LT","@id":"https:\/\/fkzalgiris.lt\/#\/schema\/logo\/image\/","url":"https:\/\/fkzalgiris.lt\/wp-content\/uploads\/2024\/01\/horiz-FK-Zalgiris-logo-2015.png","contentUrl":"https:\/\/fkzalgiris.lt\/wp-content\/uploads\/2024\/01\/horiz-FK-Zalgiris-logo-2015.png","width":3073,"height":2048,"caption":"FK \u017dalgiris"},"image":{"@id":"https:\/\/fkzalgiris.lt\/#\/schema\/logo\/image\/"},"sameAs":["https:\/\/www.facebook.com\/fkzalgiris\/","https:\/\/x.com\/fkzalgiris","https:\/\/www.instagram.com\/fkzalgiris\/","https:\/\/www.youtube.com\/channel\/UC1ag8JLxGirltMUoLlzfZLA"]},{"@type":"Person","@id":"https:\/\/fkzalgiris.lt\/#\/schema\/person\/8604babbba794a7d8767be324a3eaac8","name":"J"}]}},"_links":{"self":[{"href":"https:\/\/fkzalgiris.lt\/api\/wp\/v2\/posts\/11099","targetHints":{"allow":["GET"]}}],"collection":[{"href":"https:\/\/fkzalgiris.lt\/api\/wp\/v2\/posts"}],"about":[{"href":"https:\/\/fkzalgiris.lt\/api\/wp\/v2\/types\/post"}],"author":[{"embeddable":true,"href":"https:\/\/fkzalgiris.lt\/api\/wp\/v2\/users\/4"}],"replies":[{"embeddable":true,"href":"https:\/\/fkzalgiris.lt\/api\/wp\/v2\/comments?post=11099"}],"version-history":[{"count":4,"href":"https:\/\/fkzalgiris.lt\/api\/wp\/v2\/posts\/11099\/revisions"}],"predecessor-version":[{"id":11105,"href":"https:\/\/fkzalgiris.lt\/api\/wp\/v2\/posts\/11099\/revisions\/11105"}],"wp:attachment":[{"href":"https:\/\/fkzalgiris.lt\/api\/wp\/v2\/media?parent=11099"}],"wp:term":[{"taxonomy":"category","embeddable":true,"href":"https:\/\/fkzalgiris.lt\/api\/wp\/v2\/categories?post=11099"}],"curies":[{"name":"wp","href":"https:\/\/api.w.org\/{rel}","templated":true}]}}