{"id":10879,"date":"2022-11-04T16:11:02","date_gmt":"2022-11-04T14:11:02","guid":{"rendered":"https:\/\/fkzalgiris.lt\/?p=10879"},"modified":"2022-11-04T16:13:53","modified_gmt":"2022-11-04T14:13:53","slug":"k-kazukolovas-komanda-turetu-didziuotis-savimi","status":"publish","type":"post","link":"https:\/\/fkzalgiris.lt\/k-kazukolovas-komanda-turetu-didziuotis-savimi\/","title":{"rendered":"K. Ka\u017eukolovas: \u201eKomanda tur\u0117t\u0173 did\u017eiuotis savimi\u201c"},"content":{"rendered":"<p>Po pralaim\u0117t\u0173 paskutini\u0173 rungtyni\u0173 Konferencij\u0173 lygos grupi\u0173 etape \u201e\u017dalgirio\u201c \u017eaid\u0117jai apgailestavo d\u0117l nes\u0117kmingo pirmojo k\u0117linio, ta\u010diau vis\u0105 sezon\u0105 Europoje \u012fvertino teigiamai.<\/p>\n<p>Netrukus po dvikovos mintimis \u201eViaplay\u201c eteryje pasidalino Ovidijus Verbickas, Edvinas Gertmonas ir Kipras Ka\u017eukolovas.<\/p>\n<p>\u201eSu\u017eaid\u0117me labai prast\u0105 pirm\u0105 k\u0117lin\u012f. Praleidome du gan greitus \u012fvar\u010dius. Visos rungtyn\u0117s vyko ka\u017ekiek ne pagal plan\u0105. Negali planuoti rungtyni\u0173, kartais ir var\u017eovas neleid\u017eia \u017eaisti taip kaip nori. Sunku atsitiesti po dviej\u0173 \u012fvar\u010di\u0173. Bet jau ne vien\u0105 kart\u0105 esame \u012frod\u0119, kad turim stubur\u0105, galime i\u0161sigelb\u0117ti ir po praleist\u0173 \u012fvar\u010di\u0173. Treneris \u012fved\u0117 korekcij\u0173 antrajame k\u0117linyje. Prad\u0117jome kitaip \u017eaisti, per\u0117m\u0117me rungtyni\u0173 kontrol\u0119, \u012fmu\u0161\u0117me \u012fvart\u012f. Ka\u017ekiek pritr\u016bko kad \u012fmu\u0161tume antr\u0105. Gaila, kad nepavyko laim\u0117ti ir patekti \u012f atkrintam\u0105sias\u201c, &#8211; kalb\u0117jo O. Verbickas.<\/p>\n<p><img loading=\"lazy\" decoding=\"async\" class=\"alignnone wp-image-10883\" src=\"https:\/\/fkzalgiris.lt\/wp-content\/uploads\/2022\/11\/VZ-SLO-foto-Elvis-Zaldaris-99-1024x683.jpg\" alt=\"\" width=\"650\" height=\"434\" srcset=\"https:\/\/fkzalgiris.lt\/wp-content\/uploads\/2022\/11\/VZ-SLO-foto-Elvis-Zaldaris-99-1024x683.jpg 1024w, https:\/\/fkzalgiris.lt\/wp-content\/uploads\/2022\/11\/VZ-SLO-foto-Elvis-Zaldaris-99-300x200.jpg 300w, https:\/\/fkzalgiris.lt\/wp-content\/uploads\/2022\/11\/VZ-SLO-foto-Elvis-Zaldaris-99-768x512.jpg 768w, https:\/\/fkzalgiris.lt\/wp-content\/uploads\/2022\/11\/VZ-SLO-foto-Elvis-Zaldaris-99-1536x1025.jpg 1536w, https:\/\/fkzalgiris.lt\/wp-content\/uploads\/2022\/11\/VZ-SLO-foto-Elvis-Zaldaris-99-2048x1366.jpg 2048w, https:\/\/fkzalgiris.lt\/wp-content\/uploads\/2022\/11\/VZ-SLO-foto-Elvis-Zaldaris-99-150x100.jpg 150w, https:\/\/fkzalgiris.lt\/wp-content\/uploads\/2022\/11\/VZ-SLO-foto-Elvis-Zaldaris-99-840x560.jpg 840w, https:\/\/fkzalgiris.lt\/wp-content\/uploads\/2022\/11\/VZ-SLO-foto-Elvis-Zaldaris-99-570x380.jpg 570w, https:\/\/fkzalgiris.lt\/wp-content\/uploads\/2022\/11\/VZ-SLO-foto-Elvis-Zaldaris-99-30x20.jpg 30w\" sizes=\"auto, (max-width: 650px) 100vw, 650px\" \/><\/p>\n<p>\u201ePirmajame k\u0117linyje daug klydome, gavome kontratak\u0173, praleidome du \u012fvar\u010dius. Po to jau sugr\u012f\u017eti buvo sunku. Band\u0117me, bet padar\u0117me per daug klaid\u0173 kaip tokio lygio rungtyn\u0117ms. Pradedant ir nuo man\u0119s paties. Prad\u017eioje pritr\u016bko disciplinos, kai kur praradome kamuol\u012f, gavome kontratak\u0173. Tokios detal\u0117s i\u0161sivyst\u0117 \u012fvar\u010dius. Spaudimo nelabai jaut\u0117si, labiau atsakomyb\u0117. Labai nor\u0117jome, buvo moment\u0173 kur teko pristabdyti, paraginti nel\u0117kti \u012f priek\u012f\u201c, &#8211; teig\u0117 E. Gertmonas.<\/p>\n<p><img loading=\"lazy\" decoding=\"async\" class=\"alignnone wp-image-10885\" src=\"https:\/\/fkzalgiris.lt\/wp-content\/uploads\/2022\/11\/VZ-SLO-foto-Elvis-Zaldaris-58-1024x683.jpg\" alt=\"\" width=\"650\" height=\"433\" srcset=\"https:\/\/fkzalgiris.lt\/wp-content\/uploads\/2022\/11\/VZ-SLO-foto-Elvis-Zaldaris-58-1024x683.jpg 1024w, https:\/\/fkzalgiris.lt\/wp-content\/uploads\/2022\/11\/VZ-SLO-foto-Elvis-Zaldaris-58-300x200.jpg 300w, https:\/\/fkzalgiris.lt\/wp-content\/uploads\/2022\/11\/VZ-SLO-foto-Elvis-Zaldaris-58-768x512.jpg 768w, https:\/\/fkzalgiris.lt\/wp-content\/uploads\/2022\/11\/VZ-SLO-foto-Elvis-Zaldaris-58-1536x1024.jpg 1536w, https:\/\/fkzalgiris.lt\/wp-content\/uploads\/2022\/11\/VZ-SLO-foto-Elvis-Zaldaris-58-2048x1365.jpg 2048w, https:\/\/fkzalgiris.lt\/wp-content\/uploads\/2022\/11\/VZ-SLO-foto-Elvis-Zaldaris-58-150x100.jpg 150w, https:\/\/fkzalgiris.lt\/wp-content\/uploads\/2022\/11\/VZ-SLO-foto-Elvis-Zaldaris-58-840x560.jpg 840w, https:\/\/fkzalgiris.lt\/wp-content\/uploads\/2022\/11\/VZ-SLO-foto-Elvis-Zaldaris-58-570x380.jpg 570w, https:\/\/fkzalgiris.lt\/wp-content\/uploads\/2022\/11\/VZ-SLO-foto-Elvis-Zaldaris-58-30x20.jpg 30w\" sizes=\"auto, (max-width: 650px) 100vw, 650px\" \/><\/p>\n<p>\u201eNeblogos rungtyn\u0117s. \u017daid\u0117 dvi lygiavert\u0117s komandos. Abi komandos buvo labai motyvuotos, nes abiems reik\u0117jo ta\u0161k\u0173. Manau, kad \u017ei\u016brovai i\u0161vydo geras rungtynes. Sunku pasakyti, kas atsitiko pirmajame k\u0117linyje. Antrajame k\u0117linyje tikrai did\u017ei\u0105j\u0105 dal\u012f laiko buvome var\u017eov\u0173 aik\u0161t\u0117s pus\u0117je. Buvo sunku, kadangi atsilikin\u0117jome. Reik\u0117jo mu\u0161ti \u012fvar\u010dius norint nugal\u0117ti. Susitelk\u0117me ties \u017eaidimu atakoje. D\u0117l to gynyboje palikome ma\u017eiau \u017emoni\u0173. Gyn\u0117jams buvo daugiau darbo nei \u012fprasta. Neblogai susitvark\u0117me. Buvo klaid\u0173 ir komandos, ir mano klaid\u0173. Apmaudu d\u0117l praleist\u0173 \u012fvar\u010di\u0173 ir pralaim\u0117t\u0173 rungtyni\u0173\u201c, &#8211; vertino K. Ka\u017eukolovas.<\/p>\n<p><img loading=\"lazy\" decoding=\"async\" class=\"alignnone wp-image-10886\" src=\"https:\/\/fkzalgiris.lt\/wp-content\/uploads\/2022\/11\/VZ-SLO-foto-Elvis-Zaldaris-106-1024x683.jpg\" alt=\"\" width=\"650\" height=\"434\" srcset=\"https:\/\/fkzalgiris.lt\/wp-content\/uploads\/2022\/11\/VZ-SLO-foto-Elvis-Zaldaris-106-1024x683.jpg 1024w, https:\/\/fkzalgiris.lt\/wp-content\/uploads\/2022\/11\/VZ-SLO-foto-Elvis-Zaldaris-106-300x200.jpg 300w, https:\/\/fkzalgiris.lt\/wp-content\/uploads\/2022\/11\/VZ-SLO-foto-Elvis-Zaldaris-106-768x512.jpg 768w, https:\/\/fkzalgiris.lt\/wp-content\/uploads\/2022\/11\/VZ-SLO-foto-Elvis-Zaldaris-106-1536x1025.jpg 1536w, https:\/\/fkzalgiris.lt\/wp-content\/uploads\/2022\/11\/VZ-SLO-foto-Elvis-Zaldaris-106-2048x1366.jpg 2048w, https:\/\/fkzalgiris.lt\/wp-content\/uploads\/2022\/11\/VZ-SLO-foto-Elvis-Zaldaris-106-150x100.jpg 150w, https:\/\/fkzalgiris.lt\/wp-content\/uploads\/2022\/11\/VZ-SLO-foto-Elvis-Zaldaris-106-840x560.jpg 840w, https:\/\/fkzalgiris.lt\/wp-content\/uploads\/2022\/11\/VZ-SLO-foto-Elvis-Zaldaris-106-570x380.jpg 570w, https:\/\/fkzalgiris.lt\/wp-content\/uploads\/2022\/11\/VZ-SLO-foto-Elvis-Zaldaris-106-30x20.jpg 30w\" sizes=\"auto, (max-width: 650px) 100vw, 650px\" \/><\/p>\n<p>Vertinant sezon\u0105 Europoje O. Verbickas kalb\u0117jo, jog pavyko nustebinti, E. Gertmonas teig\u0117, jog sezonas buvo labai sunkus, o K. Ka\u017eukolovas d\u017eiaug\u0117si savo ir komandos pasirodymu.<\/p>\n<p>\u201eManau, kad i\u0161 m\u016bs\u0173 nesitik\u0117jo, kad paliksime intrig\u0105 iki paskutini\u0173 rungtyni\u0173. Manau, kad nustebinome, nes pirm\u0105 kart\u0105 dalyvavome grup\u0117se. I\u0161kovojome 5 ta\u0161kus. Nors gal\u0117jome ir daugiau. A\u0161 esu maksimalistas. Jei nebuvo rezultato, reikia daugiau dirbti\u201c, &#8211; sak\u0117 O. Verbickas.<\/p>\n<p>\u201eVis\u0105 sezon\u0105 buvo labai sunku, tiek psichologi\u0161kai, tiek fizi\u0161kai. Tur\u0117jome velni\u0161kai sunki\u0173 rungtyni\u0173 atrankoje, grup\u0117je irgi teko stipriai pakovoti. Gaila, kad nepatekome toliau. Manau, kad tur\u0117jome nema\u017eai \u0161ans\u0173. Ka\u017ekur ka\u017eko pritr\u016bko, gal patirties\u201c, &#8211; svarst\u0117 E. Gertmonas.<\/p>\n<p>\u201eKomandoje tuos pus\u0119 met\u0173 buvome tikrai pakyl\u0117ti. Nema\u017eai ir laim\u0117jome, ir su\u017eaid\u0117me neblog\u0173 rungtyni\u0173. Asmeni\u0161kai man tai buvo fantasti\u0161ki metai. Jei prie\u0161 metus kas b\u016bt\u0173 pasak\u0119s, kad b\u016b\u010diau \u017eaid\u0119s Konferencij\u0173 lygos grupi\u0173 etape, b\u016b\u010diau pa\u017ei\u016br\u0117j\u0119s \u012f tai pesimisti\u0161kai. Tur\u0117jau ir traum\u0173, reik\u0117jo laiko atsigauti. \u017di\u016brint k\u0105 nuveik\u0117me \u0161\u012f europin\u012f sezon\u0105, visa komanda tur\u0117t\u0173 did\u017eiuotis savimi ir i\u0161eiti pak\u0117lusi galvas\u201c, &#8211; patikino K. Ka\u017eukolovas.<\/p>\n<p>&nbsp;<\/p>\n<p>&nbsp;<\/p>\n","protected":false},"excerpt":{"rendered":"<p>Po pralaim\u0117t\u0173 paskutini\u0173 rungtyni\u0173 Konferencij\u0173 lygos grupi\u0173 etape \u201e\u017dalgirio\u201c \u017eaid\u0117jai apgailestavo d\u0117l nes\u0117kmingo pirmojo k\u0117linio, ta\u010diau vis\u0105 sezon\u0105 Europoje \u012fvertino teigiamai. Netrukus po dvikovos mintimis\u2026<\/p>\n","protected":false},"author":4,"featured_media":0,"comment_status":"closed","ping_status":"closed","sticky":false,"template":"","format":"standard","meta":{"_acf_changed":false,"footnotes":""},"categories":[87],"class_list":["post-10879","post","type-post","status-publish","format-standard","hentry","category-zalgiris"],"acf":[],"yoast_head":"<!-- This site is optimized with the Yoast SEO plugin v26.8 - https:\/\/yoast.com\/product\/yoast-seo-wordpress\/ -->\n<title>K. Ka\u017eukolovas: \u201eKomanda tur\u0117t\u0173 did\u017eiuotis savimi\u201c - FK \u017dalgiris<\/title>\n<meta name=\"robots\" content=\"index, follow, max-snippet:-1, max-image-preview:large, max-video-preview:-1\" \/>\n<link rel=\"canonical\" href=\"https:\/\/fkzalgiris.lt\/k-kazukolovas-komanda-turetu-didziuotis-savimi\/\" \/>\n<meta property=\"og:locale\" content=\"lt_LT\" \/>\n<meta property=\"og:type\" content=\"article\" \/>\n<meta property=\"og:title\" content=\"K. Ka\u017eukolovas: \u201eKomanda tur\u0117t\u0173 did\u017eiuotis savimi\u201c - FK \u017dalgiris\" \/>\n<meta property=\"og:description\" content=\"Po pralaim\u0117t\u0173 paskutini\u0173 rungtyni\u0173 Konferencij\u0173 lygos grupi\u0173 etape \u201e\u017dalgirio\u201c \u017eaid\u0117jai apgailestavo d\u0117l nes\u0117kmingo pirmojo k\u0117linio, ta\u010diau vis\u0105 sezon\u0105 Europoje \u012fvertino teigiamai. Netrukus po dvikovos mintimis\u2026\" \/>\n<meta property=\"og:url\" content=\"https:\/\/fkzalgiris.lt\/k-kazukolovas-komanda-turetu-didziuotis-savimi\/\" \/>\n<meta property=\"og:site_name\" content=\"FK \u017dalgiris\" \/>\n<meta property=\"article:publisher\" content=\"https:\/\/www.facebook.com\/fkzalgiris\/\" \/>\n<meta property=\"article:published_time\" content=\"2022-11-04T14:11:02+00:00\" \/>\n<meta property=\"article:modified_time\" content=\"2022-11-04T14:13:53+00:00\" \/>\n<meta property=\"og:image\" content=\"https:\/\/fkzalgiris.lt\/wp-content\/uploads\/2022\/11\/VZ-SLO-foto-Elvis-Zaldaris-99-1024x683.jpg\" \/>\n<meta name=\"author\" content=\"J\" \/>\n<meta name=\"twitter:card\" content=\"summary_large_image\" \/>\n<meta name=\"twitter:creator\" content=\"@fkzalgiris\" \/>\n<meta name=\"twitter:site\" content=\"@fkzalgiris\" \/>\n<meta name=\"twitter:label1\" content=\"Written by\" \/>\n\t<meta name=\"twitter:data1\" content=\"J\" \/>\n\t<meta name=\"twitter:label2\" content=\"Est. reading time\" \/>\n\t<meta name=\"twitter:data2\" content=\"3 minut\u0117s\" \/>\n<script type=\"application\/ld+json\" class=\"yoast-schema-graph\">{\"@context\":\"https:\/\/schema.org\",\"@graph\":[{\"@type\":\"Article\",\"@id\":\"https:\/\/fkzalgiris.lt\/k-kazukolovas-komanda-turetu-didziuotis-savimi\/#article\",\"isPartOf\":{\"@id\":\"https:\/\/fkzalgiris.lt\/k-kazukolovas-komanda-turetu-didziuotis-savimi\/\"},\"author\":{\"name\":\"J\",\"@id\":\"https:\/\/fkzalgiris.lt\/#\/schema\/person\/8604babbba794a7d8767be324a3eaac8\"},\"headline\":\"K. Ka\u017eukolovas: \u201eKomanda tur\u0117t\u0173 did\u017eiuotis savimi\u201c\",\"datePublished\":\"2022-11-04T14:11:02+00:00\",\"dateModified\":\"2022-11-04T14:13:53+00:00\",\"mainEntityOfPage\":{\"@id\":\"https:\/\/fkzalgiris.lt\/k-kazukolovas-komanda-turetu-didziuotis-savimi\/\"},\"wordCount\":548,\"publisher\":{\"@id\":\"https:\/\/fkzalgiris.lt\/#organization\"},\"image\":{\"@id\":\"https:\/\/fkzalgiris.lt\/k-kazukolovas-komanda-turetu-didziuotis-savimi\/#primaryimage\"},\"thumbnailUrl\":\"https:\/\/fkzalgiris.lt\/wp-content\/uploads\/2022\/11\/VZ-SLO-foto-Elvis-Zaldaris-99-1024x683.jpg\",\"articleSection\":[\"\u017dalgiris\"],\"inLanguage\":\"lt-LT\"},{\"@type\":\"WebPage\",\"@id\":\"https:\/\/fkzalgiris.lt\/k-kazukolovas-komanda-turetu-didziuotis-savimi\/\",\"url\":\"https:\/\/fkzalgiris.lt\/k-kazukolovas-komanda-turetu-didziuotis-savimi\/\",\"name\":\"K. Ka\u017eukolovas: \u201eKomanda tur\u0117t\u0173 did\u017eiuotis savimi\u201c - FK \u017dalgiris\",\"isPartOf\":{\"@id\":\"https:\/\/fkzalgiris.lt\/#website\"},\"primaryImageOfPage\":{\"@id\":\"https:\/\/fkzalgiris.lt\/k-kazukolovas-komanda-turetu-didziuotis-savimi\/#primaryimage\"},\"image\":{\"@id\":\"https:\/\/fkzalgiris.lt\/k-kazukolovas-komanda-turetu-didziuotis-savimi\/#primaryimage\"},\"thumbnailUrl\":\"https:\/\/fkzalgiris.lt\/wp-content\/uploads\/2022\/11\/VZ-SLO-foto-Elvis-Zaldaris-99-1024x683.jpg\",\"datePublished\":\"2022-11-04T14:11:02+00:00\",\"dateModified\":\"2022-11-04T14:13:53+00:00\",\"breadcrumb\":{\"@id\":\"https:\/\/fkzalgiris.lt\/k-kazukolovas-komanda-turetu-didziuotis-savimi\/#breadcrumb\"},\"inLanguage\":\"lt-LT\",\"potentialAction\":[{\"@type\":\"ReadAction\",\"target\":[\"https:\/\/fkzalgiris.lt\/k-kazukolovas-komanda-turetu-didziuotis-savimi\/\"]}]},{\"@type\":\"ImageObject\",\"inLanguage\":\"lt-LT\",\"@id\":\"https:\/\/fkzalgiris.lt\/k-kazukolovas-komanda-turetu-didziuotis-savimi\/#primaryimage\",\"url\":\"https:\/\/fkzalgiris.lt\/wp-content\/uploads\/2022\/11\/VZ-SLO-foto-Elvis-Zaldaris-99-scaled.jpg\",\"contentUrl\":\"https:\/\/fkzalgiris.lt\/wp-content\/uploads\/2022\/11\/VZ-SLO-foto-Elvis-Zaldaris-99-scaled.jpg\",\"width\":2560,\"height\":1708},{\"@type\":\"BreadcrumbList\",\"@id\":\"https:\/\/fkzalgiris.lt\/k-kazukolovas-komanda-turetu-didziuotis-savimi\/#breadcrumb\",\"itemListElement\":[{\"@type\":\"ListItem\",\"position\":1,\"name\":\"Home\",\"item\":\"https:\/\/fkzalgiris.lt\/\"},{\"@type\":\"ListItem\",\"position\":2,\"name\":\"K. Ka\u017eukolovas: \u201eKomanda tur\u0117t\u0173 did\u017eiuotis savimi\u201c\"}]},{\"@type\":\"WebSite\",\"@id\":\"https:\/\/fkzalgiris.lt\/#website\",\"url\":\"https:\/\/fkzalgiris.lt\/\",\"name\":\"FK \u017dalgiris\",\"description\":\"oficiali Vilniaus \u201e\u017dalgirio\u201c futbolo klubo svetain\u0117\",\"publisher\":{\"@id\":\"https:\/\/fkzalgiris.lt\/#organization\"},\"potentialAction\":[{\"@type\":\"SearchAction\",\"target\":{\"@type\":\"EntryPoint\",\"urlTemplate\":\"https:\/\/fkzalgiris.lt\/?s={search_term_string}\"},\"query-input\":{\"@type\":\"PropertyValueSpecification\",\"valueRequired\":true,\"valueName\":\"search_term_string\"}}],\"inLanguage\":\"lt-LT\"},{\"@type\":\"Organization\",\"@id\":\"https:\/\/fkzalgiris.lt\/#organization\",\"name\":\"FK \u017dalgiris\",\"url\":\"https:\/\/fkzalgiris.lt\/\",\"logo\":{\"@type\":\"ImageObject\",\"inLanguage\":\"lt-LT\",\"@id\":\"https:\/\/fkzalgiris.lt\/#\/schema\/logo\/image\/\",\"url\":\"https:\/\/fkzalgiris.lt\/wp-content\/uploads\/2024\/01\/horiz-FK-Zalgiris-logo-2015.png\",\"contentUrl\":\"https:\/\/fkzalgiris.lt\/wp-content\/uploads\/2024\/01\/horiz-FK-Zalgiris-logo-2015.png\",\"width\":3073,\"height\":2048,\"caption\":\"FK \u017dalgiris\"},\"image\":{\"@id\":\"https:\/\/fkzalgiris.lt\/#\/schema\/logo\/image\/\"},\"sameAs\":[\"https:\/\/www.facebook.com\/fkzalgiris\/\",\"https:\/\/x.com\/fkzalgiris\",\"https:\/\/www.instagram.com\/fkzalgiris\/\",\"https:\/\/www.youtube.com\/channel\/UC1ag8JLxGirltMUoLlzfZLA\"]},{\"@type\":\"Person\",\"@id\":\"https:\/\/fkzalgiris.lt\/#\/schema\/person\/8604babbba794a7d8767be324a3eaac8\",\"name\":\"J\"}]}<\/script>\n<!-- \/ Yoast SEO plugin. -->","yoast_head_json":{"title":"K. Ka\u017eukolovas: \u201eKomanda tur\u0117t\u0173 did\u017eiuotis savimi\u201c - FK \u017dalgiris","robots":{"index":"index","follow":"follow","max-snippet":"max-snippet:-1","max-image-preview":"max-image-preview:large","max-video-preview":"max-video-preview:-1"},"canonical":"https:\/\/fkzalgiris.lt\/k-kazukolovas-komanda-turetu-didziuotis-savimi\/","og_locale":"lt_LT","og_type":"article","og_title":"K. Ka\u017eukolovas: \u201eKomanda tur\u0117t\u0173 did\u017eiuotis savimi\u201c - FK \u017dalgiris","og_description":"Po pralaim\u0117t\u0173 paskutini\u0173 rungtyni\u0173 Konferencij\u0173 lygos grupi\u0173 etape \u201e\u017dalgirio\u201c \u017eaid\u0117jai apgailestavo d\u0117l nes\u0117kmingo pirmojo k\u0117linio, ta\u010diau vis\u0105 sezon\u0105 Europoje \u012fvertino teigiamai. Netrukus po dvikovos mintimis\u2026","og_url":"https:\/\/fkzalgiris.lt\/k-kazukolovas-komanda-turetu-didziuotis-savimi\/","og_site_name":"FK \u017dalgiris","article_publisher":"https:\/\/www.facebook.com\/fkzalgiris\/","article_published_time":"2022-11-04T14:11:02+00:00","article_modified_time":"2022-11-04T14:13:53+00:00","og_image":[{"url":"https:\/\/fkzalgiris.lt\/wp-content\/uploads\/2022\/11\/VZ-SLO-foto-Elvis-Zaldaris-99-1024x683.jpg","type":"","width":"","height":""}],"author":"J","twitter_card":"summary_large_image","twitter_creator":"@fkzalgiris","twitter_site":"@fkzalgiris","twitter_misc":{"Written by":"J","Est. reading time":"3 minut\u0117s"},"schema":{"@context":"https:\/\/schema.org","@graph":[{"@type":"Article","@id":"https:\/\/fkzalgiris.lt\/k-kazukolovas-komanda-turetu-didziuotis-savimi\/#article","isPartOf":{"@id":"https:\/\/fkzalgiris.lt\/k-kazukolovas-komanda-turetu-didziuotis-savimi\/"},"author":{"name":"J","@id":"https:\/\/fkzalgiris.lt\/#\/schema\/person\/8604babbba794a7d8767be324a3eaac8"},"headline":"K. Ka\u017eukolovas: \u201eKomanda tur\u0117t\u0173 did\u017eiuotis savimi\u201c","datePublished":"2022-11-04T14:11:02+00:00","dateModified":"2022-11-04T14:13:53+00:00","mainEntityOfPage":{"@id":"https:\/\/fkzalgiris.lt\/k-kazukolovas-komanda-turetu-didziuotis-savimi\/"},"wordCount":548,"publisher":{"@id":"https:\/\/fkzalgiris.lt\/#organization"},"image":{"@id":"https:\/\/fkzalgiris.lt\/k-kazukolovas-komanda-turetu-didziuotis-savimi\/#primaryimage"},"thumbnailUrl":"https:\/\/fkzalgiris.lt\/wp-content\/uploads\/2022\/11\/VZ-SLO-foto-Elvis-Zaldaris-99-1024x683.jpg","articleSection":["\u017dalgiris"],"inLanguage":"lt-LT"},{"@type":"WebPage","@id":"https:\/\/fkzalgiris.lt\/k-kazukolovas-komanda-turetu-didziuotis-savimi\/","url":"https:\/\/fkzalgiris.lt\/k-kazukolovas-komanda-turetu-didziuotis-savimi\/","name":"K. Ka\u017eukolovas: \u201eKomanda tur\u0117t\u0173 did\u017eiuotis savimi\u201c - FK \u017dalgiris","isPartOf":{"@id":"https:\/\/fkzalgiris.lt\/#website"},"primaryImageOfPage":{"@id":"https:\/\/fkzalgiris.lt\/k-kazukolovas-komanda-turetu-didziuotis-savimi\/#primaryimage"},"image":{"@id":"https:\/\/fkzalgiris.lt\/k-kazukolovas-komanda-turetu-didziuotis-savimi\/#primaryimage"},"thumbnailUrl":"https:\/\/fkzalgiris.lt\/wp-content\/uploads\/2022\/11\/VZ-SLO-foto-Elvis-Zaldaris-99-1024x683.jpg","datePublished":"2022-11-04T14:11:02+00:00","dateModified":"2022-11-04T14:13:53+00:00","breadcrumb":{"@id":"https:\/\/fkzalgiris.lt\/k-kazukolovas-komanda-turetu-didziuotis-savimi\/#breadcrumb"},"inLanguage":"lt-LT","potentialAction":[{"@type":"ReadAction","target":["https:\/\/fkzalgiris.lt\/k-kazukolovas-komanda-turetu-didziuotis-savimi\/"]}]},{"@type":"ImageObject","inLanguage":"lt-LT","@id":"https:\/\/fkzalgiris.lt\/k-kazukolovas-komanda-turetu-didziuotis-savimi\/#primaryimage","url":"https:\/\/fkzalgiris.lt\/wp-content\/uploads\/2022\/11\/VZ-SLO-foto-Elvis-Zaldaris-99-scaled.jpg","contentUrl":"https:\/\/fkzalgiris.lt\/wp-content\/uploads\/2022\/11\/VZ-SLO-foto-Elvis-Zaldaris-99-scaled.jpg","width":2560,"height":1708},{"@type":"BreadcrumbList","@id":"https:\/\/fkzalgiris.lt\/k-kazukolovas-komanda-turetu-didziuotis-savimi\/#breadcrumb","itemListElement":[{"@type":"ListItem","position":1,"name":"Home","item":"https:\/\/fkzalgiris.lt\/"},{"@type":"ListItem","position":2,"name":"K. Ka\u017eukolovas: \u201eKomanda tur\u0117t\u0173 did\u017eiuotis savimi\u201c"}]},{"@type":"WebSite","@id":"https:\/\/fkzalgiris.lt\/#website","url":"https:\/\/fkzalgiris.lt\/","name":"FK \u017dalgiris","description":"oficiali Vilniaus \u201e\u017dalgirio\u201c futbolo klubo svetain\u0117","publisher":{"@id":"https:\/\/fkzalgiris.lt\/#organization"},"potentialAction":[{"@type":"SearchAction","target":{"@type":"EntryPoint","urlTemplate":"https:\/\/fkzalgiris.lt\/?s={search_term_string}"},"query-input":{"@type":"PropertyValueSpecification","valueRequired":true,"valueName":"search_term_string"}}],"inLanguage":"lt-LT"},{"@type":"Organization","@id":"https:\/\/fkzalgiris.lt\/#organization","name":"FK \u017dalgiris","url":"https:\/\/fkzalgiris.lt\/","logo":{"@type":"ImageObject","inLanguage":"lt-LT","@id":"https:\/\/fkzalgiris.lt\/#\/schema\/logo\/image\/","url":"https:\/\/fkzalgiris.lt\/wp-content\/uploads\/2024\/01\/horiz-FK-Zalgiris-logo-2015.png","contentUrl":"https:\/\/fkzalgiris.lt\/wp-content\/uploads\/2024\/01\/horiz-FK-Zalgiris-logo-2015.png","width":3073,"height":2048,"caption":"FK \u017dalgiris"},"image":{"@id":"https:\/\/fkzalgiris.lt\/#\/schema\/logo\/image\/"},"sameAs":["https:\/\/www.facebook.com\/fkzalgiris\/","https:\/\/x.com\/fkzalgiris","https:\/\/www.instagram.com\/fkzalgiris\/","https:\/\/www.youtube.com\/channel\/UC1ag8JLxGirltMUoLlzfZLA"]},{"@type":"Person","@id":"https:\/\/fkzalgiris.lt\/#\/schema\/person\/8604babbba794a7d8767be324a3eaac8","name":"J"}]}},"_links":{"self":[{"href":"https:\/\/fkzalgiris.lt\/api\/wp\/v2\/posts\/10879","targetHints":{"allow":["GET"]}}],"collection":[{"href":"https:\/\/fkzalgiris.lt\/api\/wp\/v2\/posts"}],"about":[{"href":"https:\/\/fkzalgiris.lt\/api\/wp\/v2\/types\/post"}],"author":[{"embeddable":true,"href":"https:\/\/fkzalgiris.lt\/api\/wp\/v2\/users\/4"}],"replies":[{"embeddable":true,"href":"https:\/\/fkzalgiris.lt\/api\/wp\/v2\/comments?post=10879"}],"version-history":[{"count":4,"href":"https:\/\/fkzalgiris.lt\/api\/wp\/v2\/posts\/10879\/revisions"}],"predecessor-version":[{"id":10887,"href":"https:\/\/fkzalgiris.lt\/api\/wp\/v2\/posts\/10879\/revisions\/10887"}],"wp:attachment":[{"href":"https:\/\/fkzalgiris.lt\/api\/wp\/v2\/media?parent=10879"}],"wp:term":[{"taxonomy":"category","embeddable":true,"href":"https:\/\/fkzalgiris.lt\/api\/wp\/v2\/categories?post=10879"}],"curies":[{"name":"wp","href":"https:\/\/api.w.org\/{rel}","templated":true}]}}