{"id":10867,"date":"2022-11-03T20:39:47","date_gmt":"2022-11-03T18:39:47","guid":{"rendered":"https:\/\/fkzalgiris.lt\/?p=10867"},"modified":"2022-11-03T21:36:02","modified_gmt":"2022-11-03T19:36:02","slug":"zalgiris-slovan-02-po-1-kel","status":"publish","type":"post","link":"https:\/\/fkzalgiris.lt\/zalgiris-slovan-02-po-1-kel\/","title":{"rendered":"Sezonas Europoje baigtas nes\u0117kme"},"content":{"rendered":"<p>Pirm\u0105j\u012f pasirodym\u0105 UEFA Europos Konferencij\u0173 lygos grupi\u0173 etap\u0105 \u201e\u017dalgiris\u201c baig\u0117 nes\u0117kme \u2013 namuose 1:2 nusileista Slovakijos \u010dempionui Bratislavos \u201eSlovan\u201c.<\/p>\n<p>Dvikovos baigt\u012f nul\u0117m\u0117 labai nes\u0117kminga rungtyni\u0173 prad\u017eia, kurioje du \u012fvar\u010dius \u012fmu\u0161\u0117 Aleksandaras \u010cavri\u010dius. Antrojo k\u0117linio prad\u017eioje \u017ealgirie\u010di\u0173 viltis atgaivino Francis Kyeremeh \u012fvartis.<\/p>\n<p>\u201e\u017dalgirio\u201c sud\u0117tyje \u012fvyko du pasikeitimai \u2013 nuo prad\u017ei\u0173 rungtynes prad\u0117jo Francis Kyeremeh, \u012f vienuoliktuk\u0105 gr\u012f\u017eo ir gyn\u0117jas Nemanja Ljubisavljevi\u010dius.<\/p>\n<p>Rungtyni\u0173 prad\u017eioje pirm\u0105 pavojingesn\u0119 atak\u0105 sureng\u0117 \u017ealgirie\u010diai. 3 min. po M. Oyewusi sm\u016bgio i\u0161 kairio baudos aik\u0161tel\u0117s kra\u0161to kamuolys skriejo pro \u0161al\u012f.<\/p>\n<p>V\u0117liau iniciatyv\u0105 per\u0117m\u0117 \u201eSlovan\u201c. Kart\u0105 pavojingas buvo j\u0173 perdavimas i\u0161 kairio kra\u0161to.<\/p>\n<p>15 min. var\u017eovai i\u0161siver\u017e\u0117 \u012f priek\u012f. Greitoje kontratakoje po perdavimo i\u0161 kairiojo kra\u0161to kamuol\u012f \u012f vartus i\u0161 arti pasiunt\u0117 Aleksandaras \u010cavri\u010dius.<\/p>\n<p>22 min. \u201eSlovan\u201c \u012fmu\u0161\u0117 dar kart\u0105. Po atakos kairiuoju kra\u0161tu ir perdavimo link tolimojo virpsto v\u0117l \u0161ans\u0105 sm\u016bgiui tur\u0117jo A. \u010cavri\u010dius. Jo pa\u017eeme mu\u0161tas kamuolys riko\u0161etu nuo N. Ljubisavljevi\u010diaus kojos \u012fskriejo \u012f vartus.<\/p>\n<p>43 min. po P. Mami\u010diaus sm\u016bgio i\u0161 de\u0161inio kra\u0161to kamuol\u012f atmu\u0161\u0117 vartininkas. Po kampinio kamuol\u012f baudos aik\u0161tel\u0117je gavo M. Paveli\u010dius, bet sukdamasis jis sm\u016bgiavo netaikliai.<\/p>\n<p>70 min. greitame i\u0161puolyje V. Weissas pab\u0117go kairiuoju kra\u0161tu ir atsid\u016br\u0117 vienas prie\u0161 vien\u0105. Laimei, jo auk\u0161tai per vartinink\u0105 sm\u016bgiuotas kamuolys praskriejo pro \u0161al\u012f.<\/p>\n<p>72 min. R. Oliveira de\u0161iniu kra\u0161tu aplenk\u0117 gyn\u0117j\u0105 ir perdav\u0117 kamuol\u012f \u012f baudos aik\u0161tel\u0119 M. Oyewusi, bet jam apsisukti ir sm\u016bgiuoti nepavyko.<\/p>\n<p>89 min. po F. Kyeremeh pra\u017eangos prie\u0161 G. Chakvetadze teis\u0117jas skyr\u0117 baudin\u012f \u012f \u201e\u017dalgirio\u201c vartus. G. Chakvetadze mu\u0161tas kamuolys pataik\u0117 \u012f skersin\u012f, o pakartotinis var\u017eovo bandymas nebuvo \u012fskaitytas.<\/p>\n<p>Kitas rungtynes \u201e\u017dalgiris\u201c \u017eais lapkri\u010dio 6 dien\u0105 Marijampol\u0117je prie\u0161 \u201eS\u016bduv\u0105\u201c, o namuose \u2013 lapkri\u010dio 9 d prie\u0161 \u201ePanev\u0117\u017e\u012f\u201c.<\/p>\n","protected":false},"excerpt":{"rendered":"<p>Pirm\u0105j\u012f pasirodym\u0105 UEFA Europos Konferencij\u0173 lygos grupi\u0173 etap\u0105 \u201e\u017dalgiris\u201c baig\u0117 nes\u0117kme \u2013 namuose 1:2 nusileista Slovakijos \u010dempionui Bratislavos \u201eSlovan\u201c. Dvikovos baigt\u012f nul\u0117m\u0117 labai nes\u0117kminga rungtyni\u0173\u2026<\/p>\n","protected":false},"author":4,"featured_media":0,"comment_status":"closed","ping_status":"closed","sticky":false,"template":"","format":"standard","meta":{"_acf_changed":false,"footnotes":""},"categories":[87],"class_list":["post-10867","post","type-post","status-publish","format-standard","hentry","category-zalgiris"],"acf":[],"yoast_head":"<!-- This site is optimized with the Yoast SEO plugin v26.8 - https:\/\/yoast.com\/product\/yoast-seo-wordpress\/ -->\n<title>Sezonas Europoje baigtas nes\u0117kme - FK \u017dalgiris<\/title>\n<meta name=\"robots\" content=\"index, follow, max-snippet:-1, max-image-preview:large, max-video-preview:-1\" \/>\n<link rel=\"canonical\" href=\"https:\/\/fkzalgiris.lt\/zalgiris-slovan-02-po-1-kel\/\" \/>\n<meta property=\"og:locale\" content=\"lt_LT\" \/>\n<meta property=\"og:type\" content=\"article\" \/>\n<meta property=\"og:title\" content=\"Sezonas Europoje baigtas nes\u0117kme - FK \u017dalgiris\" \/>\n<meta property=\"og:description\" content=\"Pirm\u0105j\u012f pasirodym\u0105 UEFA Europos Konferencij\u0173 lygos grupi\u0173 etap\u0105 \u201e\u017dalgiris\u201c baig\u0117 nes\u0117kme \u2013 namuose 1:2 nusileista Slovakijos \u010dempionui Bratislavos \u201eSlovan\u201c. Dvikovos baigt\u012f nul\u0117m\u0117 labai nes\u0117kminga rungtyni\u0173\u2026\" \/>\n<meta property=\"og:url\" content=\"https:\/\/fkzalgiris.lt\/zalgiris-slovan-02-po-1-kel\/\" \/>\n<meta property=\"og:site_name\" content=\"FK \u017dalgiris\" \/>\n<meta property=\"article:publisher\" content=\"https:\/\/www.facebook.com\/fkzalgiris\/\" \/>\n<meta property=\"article:published_time\" content=\"2022-11-03T18:39:47+00:00\" \/>\n<meta property=\"article:modified_time\" content=\"2022-11-03T19:36:02+00:00\" \/>\n<meta property=\"og:image\" content=\"https:\/\/fkzalgiris.lt\/wp-content\/uploads\/2024\/02\/social-horiz_Zalgiris_logo_2024.png\" \/>\n\t<meta property=\"og:image:width\" content=\"3356\" \/>\n\t<meta property=\"og:image:height\" content=\"2259\" \/>\n\t<meta property=\"og:image:type\" content=\"image\/png\" \/>\n<meta name=\"author\" content=\"J\" \/>\n<meta name=\"twitter:card\" content=\"summary_large_image\" \/>\n<meta name=\"twitter:creator\" content=\"@fkzalgiris\" \/>\n<meta name=\"twitter:site\" content=\"@fkzalgiris\" \/>\n<meta name=\"twitter:label1\" content=\"Written by\" \/>\n\t<meta name=\"twitter:data1\" content=\"J\" \/>\n\t<meta name=\"twitter:label2\" content=\"Est. reading time\" \/>\n\t<meta name=\"twitter:data2\" content=\"1 minut\u0117\" \/>\n<script type=\"application\/ld+json\" class=\"yoast-schema-graph\">{\"@context\":\"https:\/\/schema.org\",\"@graph\":[{\"@type\":\"Article\",\"@id\":\"https:\/\/fkzalgiris.lt\/zalgiris-slovan-02-po-1-kel\/#article\",\"isPartOf\":{\"@id\":\"https:\/\/fkzalgiris.lt\/zalgiris-slovan-02-po-1-kel\/\"},\"author\":{\"name\":\"J\",\"@id\":\"https:\/\/fkzalgiris.lt\/#\/schema\/person\/8604babbba794a7d8767be324a3eaac8\"},\"headline\":\"Sezonas Europoje baigtas nes\u0117kme\",\"datePublished\":\"2022-11-03T18:39:47+00:00\",\"dateModified\":\"2022-11-03T19:36:02+00:00\",\"mainEntityOfPage\":{\"@id\":\"https:\/\/fkzalgiris.lt\/zalgiris-slovan-02-po-1-kel\/\"},\"wordCount\":315,\"publisher\":{\"@id\":\"https:\/\/fkzalgiris.lt\/#organization\"},\"articleSection\":[\"\u017dalgiris\"],\"inLanguage\":\"lt-LT\"},{\"@type\":\"WebPage\",\"@id\":\"https:\/\/fkzalgiris.lt\/zalgiris-slovan-02-po-1-kel\/\",\"url\":\"https:\/\/fkzalgiris.lt\/zalgiris-slovan-02-po-1-kel\/\",\"name\":\"Sezonas Europoje baigtas nes\u0117kme - FK \u017dalgiris\",\"isPartOf\":{\"@id\":\"https:\/\/fkzalgiris.lt\/#website\"},\"datePublished\":\"2022-11-03T18:39:47+00:00\",\"dateModified\":\"2022-11-03T19:36:02+00:00\",\"breadcrumb\":{\"@id\":\"https:\/\/fkzalgiris.lt\/zalgiris-slovan-02-po-1-kel\/#breadcrumb\"},\"inLanguage\":\"lt-LT\",\"potentialAction\":[{\"@type\":\"ReadAction\",\"target\":[\"https:\/\/fkzalgiris.lt\/zalgiris-slovan-02-po-1-kel\/\"]}]},{\"@type\":\"BreadcrumbList\",\"@id\":\"https:\/\/fkzalgiris.lt\/zalgiris-slovan-02-po-1-kel\/#breadcrumb\",\"itemListElement\":[{\"@type\":\"ListItem\",\"position\":1,\"name\":\"Home\",\"item\":\"https:\/\/fkzalgiris.lt\/\"},{\"@type\":\"ListItem\",\"position\":2,\"name\":\"Sezonas Europoje baigtas nes\u0117kme\"}]},{\"@type\":\"WebSite\",\"@id\":\"https:\/\/fkzalgiris.lt\/#website\",\"url\":\"https:\/\/fkzalgiris.lt\/\",\"name\":\"FK \u017dalgiris\",\"description\":\"oficiali Vilniaus \u201e\u017dalgirio\u201c futbolo klubo svetain\u0117\",\"publisher\":{\"@id\":\"https:\/\/fkzalgiris.lt\/#organization\"},\"potentialAction\":[{\"@type\":\"SearchAction\",\"target\":{\"@type\":\"EntryPoint\",\"urlTemplate\":\"https:\/\/fkzalgiris.lt\/?s={search_term_string}\"},\"query-input\":{\"@type\":\"PropertyValueSpecification\",\"valueRequired\":true,\"valueName\":\"search_term_string\"}}],\"inLanguage\":\"lt-LT\"},{\"@type\":\"Organization\",\"@id\":\"https:\/\/fkzalgiris.lt\/#organization\",\"name\":\"FK \u017dalgiris\",\"url\":\"https:\/\/fkzalgiris.lt\/\",\"logo\":{\"@type\":\"ImageObject\",\"inLanguage\":\"lt-LT\",\"@id\":\"https:\/\/fkzalgiris.lt\/#\/schema\/logo\/image\/\",\"url\":\"https:\/\/fkzalgiris.lt\/wp-content\/uploads\/2024\/01\/horiz-FK-Zalgiris-logo-2015.png\",\"contentUrl\":\"https:\/\/fkzalgiris.lt\/wp-content\/uploads\/2024\/01\/horiz-FK-Zalgiris-logo-2015.png\",\"width\":3073,\"height\":2048,\"caption\":\"FK \u017dalgiris\"},\"image\":{\"@id\":\"https:\/\/fkzalgiris.lt\/#\/schema\/logo\/image\/\"},\"sameAs\":[\"https:\/\/www.facebook.com\/fkzalgiris\/\",\"https:\/\/x.com\/fkzalgiris\",\"https:\/\/www.instagram.com\/fkzalgiris\/\",\"https:\/\/www.youtube.com\/channel\/UC1ag8JLxGirltMUoLlzfZLA\"]},{\"@type\":\"Person\",\"@id\":\"https:\/\/fkzalgiris.lt\/#\/schema\/person\/8604babbba794a7d8767be324a3eaac8\",\"name\":\"J\"}]}<\/script>\n<!-- \/ Yoast SEO plugin. -->","yoast_head_json":{"title":"Sezonas Europoje baigtas nes\u0117kme - FK \u017dalgiris","robots":{"index":"index","follow":"follow","max-snippet":"max-snippet:-1","max-image-preview":"max-image-preview:large","max-video-preview":"max-video-preview:-1"},"canonical":"https:\/\/fkzalgiris.lt\/zalgiris-slovan-02-po-1-kel\/","og_locale":"lt_LT","og_type":"article","og_title":"Sezonas Europoje baigtas nes\u0117kme - FK \u017dalgiris","og_description":"Pirm\u0105j\u012f pasirodym\u0105 UEFA Europos Konferencij\u0173 lygos grupi\u0173 etap\u0105 \u201e\u017dalgiris\u201c baig\u0117 nes\u0117kme \u2013 namuose 1:2 nusileista Slovakijos \u010dempionui Bratislavos \u201eSlovan\u201c. Dvikovos baigt\u012f nul\u0117m\u0117 labai nes\u0117kminga rungtyni\u0173\u2026","og_url":"https:\/\/fkzalgiris.lt\/zalgiris-slovan-02-po-1-kel\/","og_site_name":"FK \u017dalgiris","article_publisher":"https:\/\/www.facebook.com\/fkzalgiris\/","article_published_time":"2022-11-03T18:39:47+00:00","article_modified_time":"2022-11-03T19:36:02+00:00","og_image":[{"width":3356,"height":2259,"url":"https:\/\/fkzalgiris.lt\/wp-content\/uploads\/2024\/02\/social-horiz_Zalgiris_logo_2024.png","type":"image\/png"}],"author":"J","twitter_card":"summary_large_image","twitter_creator":"@fkzalgiris","twitter_site":"@fkzalgiris","twitter_misc":{"Written by":"J","Est. reading time":"1 minut\u0117"},"schema":{"@context":"https:\/\/schema.org","@graph":[{"@type":"Article","@id":"https:\/\/fkzalgiris.lt\/zalgiris-slovan-02-po-1-kel\/#article","isPartOf":{"@id":"https:\/\/fkzalgiris.lt\/zalgiris-slovan-02-po-1-kel\/"},"author":{"name":"J","@id":"https:\/\/fkzalgiris.lt\/#\/schema\/person\/8604babbba794a7d8767be324a3eaac8"},"headline":"Sezonas Europoje baigtas nes\u0117kme","datePublished":"2022-11-03T18:39:47+00:00","dateModified":"2022-11-03T19:36:02+00:00","mainEntityOfPage":{"@id":"https:\/\/fkzalgiris.lt\/zalgiris-slovan-02-po-1-kel\/"},"wordCount":315,"publisher":{"@id":"https:\/\/fkzalgiris.lt\/#organization"},"articleSection":["\u017dalgiris"],"inLanguage":"lt-LT"},{"@type":"WebPage","@id":"https:\/\/fkzalgiris.lt\/zalgiris-slovan-02-po-1-kel\/","url":"https:\/\/fkzalgiris.lt\/zalgiris-slovan-02-po-1-kel\/","name":"Sezonas Europoje baigtas nes\u0117kme - FK \u017dalgiris","isPartOf":{"@id":"https:\/\/fkzalgiris.lt\/#website"},"datePublished":"2022-11-03T18:39:47+00:00","dateModified":"2022-11-03T19:36:02+00:00","breadcrumb":{"@id":"https:\/\/fkzalgiris.lt\/zalgiris-slovan-02-po-1-kel\/#breadcrumb"},"inLanguage":"lt-LT","potentialAction":[{"@type":"ReadAction","target":["https:\/\/fkzalgiris.lt\/zalgiris-slovan-02-po-1-kel\/"]}]},{"@type":"BreadcrumbList","@id":"https:\/\/fkzalgiris.lt\/zalgiris-slovan-02-po-1-kel\/#breadcrumb","itemListElement":[{"@type":"ListItem","position":1,"name":"Home","item":"https:\/\/fkzalgiris.lt\/"},{"@type":"ListItem","position":2,"name":"Sezonas Europoje baigtas nes\u0117kme"}]},{"@type":"WebSite","@id":"https:\/\/fkzalgiris.lt\/#website","url":"https:\/\/fkzalgiris.lt\/","name":"FK \u017dalgiris","description":"oficiali Vilniaus \u201e\u017dalgirio\u201c futbolo klubo svetain\u0117","publisher":{"@id":"https:\/\/fkzalgiris.lt\/#organization"},"potentialAction":[{"@type":"SearchAction","target":{"@type":"EntryPoint","urlTemplate":"https:\/\/fkzalgiris.lt\/?s={search_term_string}"},"query-input":{"@type":"PropertyValueSpecification","valueRequired":true,"valueName":"search_term_string"}}],"inLanguage":"lt-LT"},{"@type":"Organization","@id":"https:\/\/fkzalgiris.lt\/#organization","name":"FK \u017dalgiris","url":"https:\/\/fkzalgiris.lt\/","logo":{"@type":"ImageObject","inLanguage":"lt-LT","@id":"https:\/\/fkzalgiris.lt\/#\/schema\/logo\/image\/","url":"https:\/\/fkzalgiris.lt\/wp-content\/uploads\/2024\/01\/horiz-FK-Zalgiris-logo-2015.png","contentUrl":"https:\/\/fkzalgiris.lt\/wp-content\/uploads\/2024\/01\/horiz-FK-Zalgiris-logo-2015.png","width":3073,"height":2048,"caption":"FK \u017dalgiris"},"image":{"@id":"https:\/\/fkzalgiris.lt\/#\/schema\/logo\/image\/"},"sameAs":["https:\/\/www.facebook.com\/fkzalgiris\/","https:\/\/x.com\/fkzalgiris","https:\/\/www.instagram.com\/fkzalgiris\/","https:\/\/www.youtube.com\/channel\/UC1ag8JLxGirltMUoLlzfZLA"]},{"@type":"Person","@id":"https:\/\/fkzalgiris.lt\/#\/schema\/person\/8604babbba794a7d8767be324a3eaac8","name":"J"}]}},"_links":{"self":[{"href":"https:\/\/fkzalgiris.lt\/api\/wp\/v2\/posts\/10867","targetHints":{"allow":["GET"]}}],"collection":[{"href":"https:\/\/fkzalgiris.lt\/api\/wp\/v2\/posts"}],"about":[{"href":"https:\/\/fkzalgiris.lt\/api\/wp\/v2\/types\/post"}],"author":[{"embeddable":true,"href":"https:\/\/fkzalgiris.lt\/api\/wp\/v2\/users\/4"}],"replies":[{"embeddable":true,"href":"https:\/\/fkzalgiris.lt\/api\/wp\/v2\/comments?post=10867"}],"version-history":[{"count":5,"href":"https:\/\/fkzalgiris.lt\/api\/wp\/v2\/posts\/10867\/revisions"}],"predecessor-version":[{"id":10873,"href":"https:\/\/fkzalgiris.lt\/api\/wp\/v2\/posts\/10867\/revisions\/10873"}],"wp:attachment":[{"href":"https:\/\/fkzalgiris.lt\/api\/wp\/v2\/media?parent=10867"}],"wp:term":[{"taxonomy":"category","embeddable":true,"href":"https:\/\/fkzalgiris.lt\/api\/wp\/v2\/categories?post=10867"}],"curies":[{"name":"wp","href":"https:\/\/api.w.org\/{rel}","templated":true}]}}