{"id":10803,"date":"2022-10-28T14:27:22","date_gmt":"2022-10-28T11:27:22","guid":{"rendered":"https:\/\/fkzalgiris.lt\/?p=10803"},"modified":"2022-10-28T20:28:43","modified_gmt":"2022-10-28T17:28:43","slug":"v-ceburinas-siandien-zalgiris-yra-tikra-komanda","status":"publish","type":"post","link":"https:\/\/fkzalgiris.lt\/v-ceburinas-siandien-zalgiris-yra-tikra-komanda\/","title":{"rendered":"V. \u010ceburinas: \u201e\u0160iandien \u201e\u017dalgiris\u201c yra tikra komanda\u201c"},"content":{"rendered":"<p>\u201e\u017dalgirio\u201c treneris Vladimiras \u010ceburinas ir vartininkas Edvinas Gertmonas po lygi\u0173j\u0173 sve\u010diuose su \u201eBasel\u201c pasid\u017eiaug\u0117 komandos charakteriu bei stipriu stuburu.<\/p>\n<p>\u201eBasel\u201c rungtyni\u0173 prad\u017eioje pirmavo rezultatu 2:0, ta\u010diau pirmojo k\u0117linio pabaigoje \u017ealgirie\u010diai rezultat\u0105 i\u0161lygino, o antrajame \u2013 persv\u0117r\u0117.<\/p>\n<p>\u201eRungtyni\u0173 prad\u017eia buvo ne m\u016bs\u0173 naudai. Praleidome greit\u0105 \u012fvart\u012f. Nesusitvark\u0117me su antra atakos linija. Padar\u0117me pakankamai daug klaid\u0173. Dav\u0117me var\u017eovui kontroliuoti kamuol\u012f m\u016bs\u0173 pirmoje zonoje. Nepavyko tas planas, kur\u012f planavome \u0161ioms rungtyn\u0117ms. Tik antroje k\u0117linio pus\u0117je ir pabaigoje prad\u0117jome eiti link to. Ta\u010diau ne visk\u0105 padar\u0117me taip kaip planavome. Daug analizavome \u201eBasel\u201d komand\u0105. Padar\u0117me i\u0161vadas apie j\u0173 veiksmus. Jie \u017eaid\u0117 tok\u012f futbol\u0105, kokio tik\u0117jom\u0117s. \u201eBasel\u201c tur\u0117jo gan\u0117tinai daug prog\u0173. Kai kur mus gelb\u0117jo gyn\u0117jai, kai kur vartininkas. Buvo rimt\u0173 moment\u0173. I\u0161lyginti atsiliekant 0:2 &#8211; labai sud\u0117tinga. Esu d\u0117kingas \u017eaid\u0117jams u\u017e tai k\u0105 jie nuveik\u0117. Jie gr\u012f\u017eo \u012f kov\u0105 \u012fmu\u0161dami \u012fvart\u012f. \u012evartis buvo d\u0117l klaidos, ta\u010diau mes taip pat klydome. Antrasis \u012fvartis krito po geros kombinacijos. Rungtyni\u0173 pabaigoje abi komandos gal\u0117jo laim\u0117ti \u0161ias rungtynes\u201c, &#8211; kalb\u0117jo V. \u010ceburinas.<\/p>\n<div class=\"embed-responsive embed-responsive-16by9 mb-4\"><iframe title=\"Konferencija po rungtyni\u0173 | \u010ceburin | Basel - \u017dalgiris | Coach post-match interview [CC]\" src=\"https:\/\/www.youtube.com\/embed\/PFGXzKWDvd4?feature=oembed\" frameborder=\"0\" allow=\"accelerometer; autoplay; clipboard-write; encrypted-media; gyroscope; picture-in-picture; web-share\" referrerpolicy=\"strict-origin-when-cross-origin\" allowfullscreen><\/iframe> <\/div>\n<p>\u201eRezultatas teigiamas, Atsi\u017evelgiant \u012f tai kaip prad\u0117jome, ir k\u0105 pavyko i\u0161pe\u0161ti pabaigoje tikrai i\u0161sive\u017eame teigiam\u0105 rezultat\u0105. Pirm\u0105 \u012fvart\u012f var\u017eovai \u012fmu\u0161\u0117 ten kur tur\u0117jo pataikyti, buvo be \u0161ans\u0173 atremti. Pirmas \u012fvartis mus labai i\u0161mu\u0161\u0117 i\u0161 v\u0117\u017ei\u0173. Po to prad\u0117jome vaiki\u0161kai klysti, praleidome antr\u0105. Laimei susikaup\u0117me, susi\u0117m\u0117me \u012f rankas, nepraleidome ir tre\u010dio \u012fvar\u010dio. Pavyko \u012fmu\u0161ti dukart. Vien\u0105 padovanojo var\u017eov\u0173 vartininkas, antr\u0105 po gra\u017eaus perdavimo i\u0161pild\u0117 puol\u0117jas\u201c, &#8211; vertino E. Gertmonas.<\/p>\n<div class=\"embed-responsive embed-responsive-16by9 mb-4\"><iframe title=\"Komentaras po rungtyni\u0173 | Gertmonas | Basel - \u017dalgiris | Player post-match interview\" src=\"https:\/\/www.youtube.com\/embed\/68inb-yfsR8?feature=oembed\" frameborder=\"0\" allow=\"accelerometer; autoplay; clipboard-write; encrypted-media; gyroscope; picture-in-picture; web-share\" referrerpolicy=\"strict-origin-when-cross-origin\" allowfullscreen><\/iframe> <\/div>\n<p>Anot jo, \u017ealgirie\u010diams prireik\u0117 laiko \u012fsib\u0117g\u0117ti: \u201ePirmajame k\u0117linyje u\u017etruko kol \u012fsi\u017eaid\u0117me, pajutome aik\u0161t\u0119, pajutome var\u017eov\u0105. Jie gal buvo \u0161vie\u017eesni nei mes, grei\u010diau b\u0117go, kai kur nesp\u0117jome. Antrajame k\u0117linyje i\u0161silygino \u017eaidimas i\u0161 fizin\u0117s pus\u0117s, buvo lengviau \u017eaisti. Neb\u0117go taip \u012f priek\u012f, nelipo, mes irgi \u017eaid\u0117me ramiau, neklydome. \u012emu\u0161\u0117me \u012fvar\u010di\u0173, visai persv\u0117r\u0117me rungtynes, \u017eaidimas buvo labiau subalansuotas.\u201c<\/p>\n<p>Vertindamas komandos charakter\u012f, E. Gertmonas pa\u017eym\u0117jo, jog svarbu buvo nepraleisti tre\u010diojo \u012fvar\u010dio: \u201ePasimat\u0117, kad komandoje yra stuburas. Nei\u0161simu\u0161\u0117me i\u0161 v\u0117\u017ei\u0173, nepasimet\u0117me, neprasid\u0117jo nesutarim\u0173. Prie\u0161 rungtynes kalb\u0117jome, kad labai svarbu nepraleisti greito \u012fvar\u010dio, nes tada bus labai sunku. Pirm\u0105 minut\u0119 praleidome, gavome antr\u0105, bet vis tiek nesustojome, atsilaik\u0117me. Jau atsirado patirties tokio lygio rungtyn\u0117se. Atstov\u0117jome.<\/p>\n<p>\u201eSugr\u012f\u017eti \u012f tokias rungtynes labai sunku. Jie tai padar\u0117, rei\u0161kia jie jau\u010dia vienas kit\u0105. Rei\u0161kia yra komandin\u0117 dvasia, kuria m\u0117gstame did\u017eiuotis. Ji tikrai yra, &#8211; pa\u017eym\u0117jo V. \u010ceburinas. Dar yra daug ties kuo dirbti, daug yra proces\u0173 komandiniame futbole. Ta\u010diau galiu pasakyti kad komanda susilipd\u0117 taip. kad vienas kit\u0105 supranta, kovoja vienas u\u017e kit\u0105. \u0160iandien \u201e\u017dalgiris\u201c yra tikra komanda.\u201c<\/p>\n<p>Du \u012fvar\u010dius peln\u0117 puol\u0117jas Mathias Oyewusi. \u201ePirmas \u012fvartis krito po vartininko klaidos &#8211; bet jis padar\u0117 darb\u0105. Antrasis \u012fvartis jo stiliuje, i\u0161sirinko tinkam\u0105 pozicij\u0105. Pab\u0117go nuo gyn\u0117j\u0173 ir \u012fmu\u0161\u0117 \u012f vartus. Jis tikrai turi didel\u012f potencial\u0105. Ta\u010diau jam dar reikia daug dirbti. Kad jis tobul\u0117t\u0173 reikalinga \u017eaidybin\u0117 praktika\u201c, &#8211; apie aukl\u0117tinio \u017eaidim\u0105 ir potencial\u0105 sak\u0117 V. \u010ceburinas.<\/p>\n<p>Norint patekti \u012f kit\u0105 etap\u0105 \u201e\u017dalgiriui\u201c b\u016btina pergal\u0117 paskutin\u0117se rungtyn\u0117se prie\u0161 \u201eSlovan\u201c<\/p>\n<p>\u201ePrie\u0161 kelio prad\u017ei\u0105 \u0161nek\u0117jome kad ry\u0161ki\u0173 favorit\u0173 n\u0117ra. Prie\u0161 paskutines grupi\u0173 etapo rungtynes matome, kad viskas paai\u0161k\u0117s pabaigoje per abejas rungtynes\u201c, &#8211; sak\u0117 V. \u010ceburinas<\/p>\n<p>\u201eReikia namie parodyti rezultat\u0105 ir turime \u0161ans\u0173 i\u0161eiti toliau. Tada b\u016bt\u0173 jau super. Pirm\u0105 sezon\u0105 Konferencij\u0173 lygoje i\u0161 karto i\u0161eiti \u012f grupes \u2013 b\u016bt\u0173 geras sezonas. \u00a0Atiduosime paskutines j\u0117gas kurios yra. Bandysime siekti teigiamo rezultato. Tikiuosi, kad bus pilnas stadionas. Viskas yra \u012fmanoma, bet nenoriu ka\u017eko \u017ead\u0117ti. Stengsim\u0117s maksimaliai\u201c, &#8211; teig\u0117 E. Gertmonas.<\/p>\n<p>\u201e\u017dalgirio\u201c ir \u201eSlovan\u201c dvikova vyks lapkri\u010dio 3 d. nuo 19 val. 45 min. LFF stadione.<\/p>\n","protected":false},"excerpt":{"rendered":"<p>\u201e\u017dalgirio\u201c treneris Vladimiras \u010ceburinas ir vartininkas Edvinas Gertmonas po lygi\u0173j\u0173 sve\u010diuose su \u201eBasel\u201c pasid\u017eiaug\u0117 komandos charakteriu bei stipriu stuburu. \u201eBasel\u201c rungtyni\u0173 prad\u017eioje pirmavo rezultatu 2:0,\u2026<\/p>\n","protected":false},"author":4,"featured_media":0,"comment_status":"closed","ping_status":"closed","sticky":false,"template":"","format":"standard","meta":{"_acf_changed":false,"footnotes":""},"categories":[87],"class_list":["post-10803","post","type-post","status-publish","format-standard","hentry","category-zalgiris"],"acf":[],"yoast_head":"<!-- This site is optimized with the Yoast SEO plugin v26.8 - https:\/\/yoast.com\/product\/yoast-seo-wordpress\/ -->\n<title>V. \u010ceburinas: \u201e\u0160iandien \u201e\u017dalgiris\u201c yra tikra komanda\u201c - FK \u017dalgiris<\/title>\n<meta name=\"robots\" content=\"index, follow, max-snippet:-1, max-image-preview:large, max-video-preview:-1\" \/>\n<link rel=\"canonical\" href=\"https:\/\/fkzalgiris.lt\/v-ceburinas-siandien-zalgiris-yra-tikra-komanda\/\" \/>\n<meta property=\"og:locale\" content=\"lt_LT\" \/>\n<meta property=\"og:type\" content=\"article\" \/>\n<meta property=\"og:title\" content=\"V. \u010ceburinas: \u201e\u0160iandien \u201e\u017dalgiris\u201c yra tikra komanda\u201c - FK \u017dalgiris\" \/>\n<meta property=\"og:description\" content=\"\u201e\u017dalgirio\u201c treneris Vladimiras \u010ceburinas ir vartininkas Edvinas Gertmonas po lygi\u0173j\u0173 sve\u010diuose su \u201eBasel\u201c pasid\u017eiaug\u0117 komandos charakteriu bei stipriu stuburu. \u201eBasel\u201c rungtyni\u0173 prad\u017eioje pirmavo rezultatu 2:0,\u2026\" \/>\n<meta property=\"og:url\" content=\"https:\/\/fkzalgiris.lt\/v-ceburinas-siandien-zalgiris-yra-tikra-komanda\/\" \/>\n<meta property=\"og:site_name\" content=\"FK \u017dalgiris\" \/>\n<meta property=\"article:publisher\" content=\"https:\/\/www.facebook.com\/fkzalgiris\/\" \/>\n<meta property=\"article:published_time\" content=\"2022-10-28T11:27:22+00:00\" \/>\n<meta property=\"article:modified_time\" content=\"2022-10-28T17:28:43+00:00\" \/>\n<meta property=\"og:image\" content=\"https:\/\/fkzalgiris.lt\/wp-content\/uploads\/2024\/02\/social-horiz_Zalgiris_logo_2024.png\" \/>\n\t<meta property=\"og:image:width\" content=\"3356\" \/>\n\t<meta property=\"og:image:height\" content=\"2259\" \/>\n\t<meta property=\"og:image:type\" content=\"image\/png\" \/>\n<meta name=\"author\" content=\"J\" \/>\n<meta name=\"twitter:card\" content=\"summary_large_image\" \/>\n<meta name=\"twitter:creator\" content=\"@fkzalgiris\" \/>\n<meta name=\"twitter:site\" content=\"@fkzalgiris\" \/>\n<meta name=\"twitter:label1\" content=\"Written by\" \/>\n\t<meta name=\"twitter:data1\" content=\"J\" \/>\n\t<meta name=\"twitter:label2\" content=\"Est. reading time\" \/>\n\t<meta name=\"twitter:data2\" content=\"3 minut\u0117s\" \/>\n<script type=\"application\/ld+json\" class=\"yoast-schema-graph\">{\"@context\":\"https:\/\/schema.org\",\"@graph\":[{\"@type\":\"Article\",\"@id\":\"https:\/\/fkzalgiris.lt\/v-ceburinas-siandien-zalgiris-yra-tikra-komanda\/#article\",\"isPartOf\":{\"@id\":\"https:\/\/fkzalgiris.lt\/v-ceburinas-siandien-zalgiris-yra-tikra-komanda\/\"},\"author\":{\"name\":\"J\",\"@id\":\"https:\/\/fkzalgiris.lt\/#\/schema\/person\/8604babbba794a7d8767be324a3eaac8\"},\"headline\":\"V. \u010ceburinas: \u201e\u0160iandien \u201e\u017dalgiris\u201c yra tikra komanda\u201c\",\"datePublished\":\"2022-10-28T11:27:22+00:00\",\"dateModified\":\"2022-10-28T17:28:43+00:00\",\"mainEntityOfPage\":{\"@id\":\"https:\/\/fkzalgiris.lt\/v-ceburinas-siandien-zalgiris-yra-tikra-komanda\/\"},\"wordCount\":706,\"publisher\":{\"@id\":\"https:\/\/fkzalgiris.lt\/#organization\"},\"articleSection\":[\"\u017dalgiris\"],\"inLanguage\":\"lt-LT\"},{\"@type\":\"WebPage\",\"@id\":\"https:\/\/fkzalgiris.lt\/v-ceburinas-siandien-zalgiris-yra-tikra-komanda\/\",\"url\":\"https:\/\/fkzalgiris.lt\/v-ceburinas-siandien-zalgiris-yra-tikra-komanda\/\",\"name\":\"V. \u010ceburinas: \u201e\u0160iandien \u201e\u017dalgiris\u201c yra tikra komanda\u201c - FK \u017dalgiris\",\"isPartOf\":{\"@id\":\"https:\/\/fkzalgiris.lt\/#website\"},\"datePublished\":\"2022-10-28T11:27:22+00:00\",\"dateModified\":\"2022-10-28T17:28:43+00:00\",\"breadcrumb\":{\"@id\":\"https:\/\/fkzalgiris.lt\/v-ceburinas-siandien-zalgiris-yra-tikra-komanda\/#breadcrumb\"},\"inLanguage\":\"lt-LT\",\"potentialAction\":[{\"@type\":\"ReadAction\",\"target\":[\"https:\/\/fkzalgiris.lt\/v-ceburinas-siandien-zalgiris-yra-tikra-komanda\/\"]}]},{\"@type\":\"BreadcrumbList\",\"@id\":\"https:\/\/fkzalgiris.lt\/v-ceburinas-siandien-zalgiris-yra-tikra-komanda\/#breadcrumb\",\"itemListElement\":[{\"@type\":\"ListItem\",\"position\":1,\"name\":\"Home\",\"item\":\"https:\/\/fkzalgiris.lt\/\"},{\"@type\":\"ListItem\",\"position\":2,\"name\":\"V. \u010ceburinas: \u201e\u0160iandien \u201e\u017dalgiris\u201c yra tikra komanda\u201c\"}]},{\"@type\":\"WebSite\",\"@id\":\"https:\/\/fkzalgiris.lt\/#website\",\"url\":\"https:\/\/fkzalgiris.lt\/\",\"name\":\"FK \u017dalgiris\",\"description\":\"oficiali Vilniaus \u201e\u017dalgirio\u201c futbolo klubo svetain\u0117\",\"publisher\":{\"@id\":\"https:\/\/fkzalgiris.lt\/#organization\"},\"potentialAction\":[{\"@type\":\"SearchAction\",\"target\":{\"@type\":\"EntryPoint\",\"urlTemplate\":\"https:\/\/fkzalgiris.lt\/?s={search_term_string}\"},\"query-input\":{\"@type\":\"PropertyValueSpecification\",\"valueRequired\":true,\"valueName\":\"search_term_string\"}}],\"inLanguage\":\"lt-LT\"},{\"@type\":\"Organization\",\"@id\":\"https:\/\/fkzalgiris.lt\/#organization\",\"name\":\"FK \u017dalgiris\",\"url\":\"https:\/\/fkzalgiris.lt\/\",\"logo\":{\"@type\":\"ImageObject\",\"inLanguage\":\"lt-LT\",\"@id\":\"https:\/\/fkzalgiris.lt\/#\/schema\/logo\/image\/\",\"url\":\"https:\/\/fkzalgiris.lt\/wp-content\/uploads\/2024\/01\/horiz-FK-Zalgiris-logo-2015.png\",\"contentUrl\":\"https:\/\/fkzalgiris.lt\/wp-content\/uploads\/2024\/01\/horiz-FK-Zalgiris-logo-2015.png\",\"width\":3073,\"height\":2048,\"caption\":\"FK \u017dalgiris\"},\"image\":{\"@id\":\"https:\/\/fkzalgiris.lt\/#\/schema\/logo\/image\/\"},\"sameAs\":[\"https:\/\/www.facebook.com\/fkzalgiris\/\",\"https:\/\/x.com\/fkzalgiris\",\"https:\/\/www.instagram.com\/fkzalgiris\/\",\"https:\/\/www.youtube.com\/channel\/UC1ag8JLxGirltMUoLlzfZLA\"]},{\"@type\":\"Person\",\"@id\":\"https:\/\/fkzalgiris.lt\/#\/schema\/person\/8604babbba794a7d8767be324a3eaac8\",\"name\":\"J\"}]}<\/script>\n<!-- \/ Yoast SEO plugin. -->","yoast_head_json":{"title":"V. \u010ceburinas: \u201e\u0160iandien \u201e\u017dalgiris\u201c yra tikra komanda\u201c - FK \u017dalgiris","robots":{"index":"index","follow":"follow","max-snippet":"max-snippet:-1","max-image-preview":"max-image-preview:large","max-video-preview":"max-video-preview:-1"},"canonical":"https:\/\/fkzalgiris.lt\/v-ceburinas-siandien-zalgiris-yra-tikra-komanda\/","og_locale":"lt_LT","og_type":"article","og_title":"V. \u010ceburinas: \u201e\u0160iandien \u201e\u017dalgiris\u201c yra tikra komanda\u201c - FK \u017dalgiris","og_description":"\u201e\u017dalgirio\u201c treneris Vladimiras \u010ceburinas ir vartininkas Edvinas Gertmonas po lygi\u0173j\u0173 sve\u010diuose su \u201eBasel\u201c pasid\u017eiaug\u0117 komandos charakteriu bei stipriu stuburu. \u201eBasel\u201c rungtyni\u0173 prad\u017eioje pirmavo rezultatu 2:0,\u2026","og_url":"https:\/\/fkzalgiris.lt\/v-ceburinas-siandien-zalgiris-yra-tikra-komanda\/","og_site_name":"FK \u017dalgiris","article_publisher":"https:\/\/www.facebook.com\/fkzalgiris\/","article_published_time":"2022-10-28T11:27:22+00:00","article_modified_time":"2022-10-28T17:28:43+00:00","og_image":[{"width":3356,"height":2259,"url":"https:\/\/fkzalgiris.lt\/wp-content\/uploads\/2024\/02\/social-horiz_Zalgiris_logo_2024.png","type":"image\/png"}],"author":"J","twitter_card":"summary_large_image","twitter_creator":"@fkzalgiris","twitter_site":"@fkzalgiris","twitter_misc":{"Written by":"J","Est. reading time":"3 minut\u0117s"},"schema":{"@context":"https:\/\/schema.org","@graph":[{"@type":"Article","@id":"https:\/\/fkzalgiris.lt\/v-ceburinas-siandien-zalgiris-yra-tikra-komanda\/#article","isPartOf":{"@id":"https:\/\/fkzalgiris.lt\/v-ceburinas-siandien-zalgiris-yra-tikra-komanda\/"},"author":{"name":"J","@id":"https:\/\/fkzalgiris.lt\/#\/schema\/person\/8604babbba794a7d8767be324a3eaac8"},"headline":"V. \u010ceburinas: \u201e\u0160iandien \u201e\u017dalgiris\u201c yra tikra komanda\u201c","datePublished":"2022-10-28T11:27:22+00:00","dateModified":"2022-10-28T17:28:43+00:00","mainEntityOfPage":{"@id":"https:\/\/fkzalgiris.lt\/v-ceburinas-siandien-zalgiris-yra-tikra-komanda\/"},"wordCount":706,"publisher":{"@id":"https:\/\/fkzalgiris.lt\/#organization"},"articleSection":["\u017dalgiris"],"inLanguage":"lt-LT"},{"@type":"WebPage","@id":"https:\/\/fkzalgiris.lt\/v-ceburinas-siandien-zalgiris-yra-tikra-komanda\/","url":"https:\/\/fkzalgiris.lt\/v-ceburinas-siandien-zalgiris-yra-tikra-komanda\/","name":"V. \u010ceburinas: \u201e\u0160iandien \u201e\u017dalgiris\u201c yra tikra komanda\u201c - FK \u017dalgiris","isPartOf":{"@id":"https:\/\/fkzalgiris.lt\/#website"},"datePublished":"2022-10-28T11:27:22+00:00","dateModified":"2022-10-28T17:28:43+00:00","breadcrumb":{"@id":"https:\/\/fkzalgiris.lt\/v-ceburinas-siandien-zalgiris-yra-tikra-komanda\/#breadcrumb"},"inLanguage":"lt-LT","potentialAction":[{"@type":"ReadAction","target":["https:\/\/fkzalgiris.lt\/v-ceburinas-siandien-zalgiris-yra-tikra-komanda\/"]}]},{"@type":"BreadcrumbList","@id":"https:\/\/fkzalgiris.lt\/v-ceburinas-siandien-zalgiris-yra-tikra-komanda\/#breadcrumb","itemListElement":[{"@type":"ListItem","position":1,"name":"Home","item":"https:\/\/fkzalgiris.lt\/"},{"@type":"ListItem","position":2,"name":"V. \u010ceburinas: \u201e\u0160iandien \u201e\u017dalgiris\u201c yra tikra komanda\u201c"}]},{"@type":"WebSite","@id":"https:\/\/fkzalgiris.lt\/#website","url":"https:\/\/fkzalgiris.lt\/","name":"FK \u017dalgiris","description":"oficiali Vilniaus \u201e\u017dalgirio\u201c futbolo klubo svetain\u0117","publisher":{"@id":"https:\/\/fkzalgiris.lt\/#organization"},"potentialAction":[{"@type":"SearchAction","target":{"@type":"EntryPoint","urlTemplate":"https:\/\/fkzalgiris.lt\/?s={search_term_string}"},"query-input":{"@type":"PropertyValueSpecification","valueRequired":true,"valueName":"search_term_string"}}],"inLanguage":"lt-LT"},{"@type":"Organization","@id":"https:\/\/fkzalgiris.lt\/#organization","name":"FK \u017dalgiris","url":"https:\/\/fkzalgiris.lt\/","logo":{"@type":"ImageObject","inLanguage":"lt-LT","@id":"https:\/\/fkzalgiris.lt\/#\/schema\/logo\/image\/","url":"https:\/\/fkzalgiris.lt\/wp-content\/uploads\/2024\/01\/horiz-FK-Zalgiris-logo-2015.png","contentUrl":"https:\/\/fkzalgiris.lt\/wp-content\/uploads\/2024\/01\/horiz-FK-Zalgiris-logo-2015.png","width":3073,"height":2048,"caption":"FK \u017dalgiris"},"image":{"@id":"https:\/\/fkzalgiris.lt\/#\/schema\/logo\/image\/"},"sameAs":["https:\/\/www.facebook.com\/fkzalgiris\/","https:\/\/x.com\/fkzalgiris","https:\/\/www.instagram.com\/fkzalgiris\/","https:\/\/www.youtube.com\/channel\/UC1ag8JLxGirltMUoLlzfZLA"]},{"@type":"Person","@id":"https:\/\/fkzalgiris.lt\/#\/schema\/person\/8604babbba794a7d8767be324a3eaac8","name":"J"}]}},"_links":{"self":[{"href":"https:\/\/fkzalgiris.lt\/api\/wp\/v2\/posts\/10803","targetHints":{"allow":["GET"]}}],"collection":[{"href":"https:\/\/fkzalgiris.lt\/api\/wp\/v2\/posts"}],"about":[{"href":"https:\/\/fkzalgiris.lt\/api\/wp\/v2\/types\/post"}],"author":[{"embeddable":true,"href":"https:\/\/fkzalgiris.lt\/api\/wp\/v2\/users\/4"}],"replies":[{"embeddable":true,"href":"https:\/\/fkzalgiris.lt\/api\/wp\/v2\/comments?post=10803"}],"version-history":[{"count":4,"href":"https:\/\/fkzalgiris.lt\/api\/wp\/v2\/posts\/10803\/revisions"}],"predecessor-version":[{"id":10807,"href":"https:\/\/fkzalgiris.lt\/api\/wp\/v2\/posts\/10803\/revisions\/10807"}],"wp:attachment":[{"href":"https:\/\/fkzalgiris.lt\/api\/wp\/v2\/media?parent=10803"}],"wp:term":[{"taxonomy":"category","embeddable":true,"href":"https:\/\/fkzalgiris.lt\/api\/wp\/v2\/categories?post=10803"}],"curies":[{"name":"wp","href":"https:\/\/api.w.org\/{rel}","templated":true}]}}