{"id":10635,"date":"2022-10-14T10:03:33","date_gmt":"2022-10-14T07:03:33","guid":{"rendered":"https:\/\/fkzalgiris.lt\/?p=10635"},"modified":"2022-10-21T11:08:57","modified_gmt":"2022-10-21T08:08:57","slug":"v-ceburinas-galejome-imusti-bent-keturis","status":"publish","type":"post","link":"https:\/\/fkzalgiris.lt\/v-ceburinas-galejome-imusti-bent-keturis\/","title":{"rendered":"V. \u010ceburinas: \u201eGal\u0117jome \u012fmu\u0161ti bent keturis\u201c"},"content":{"rendered":"<p>\u201e\u017dalgirio\u201c treneris Vladimiras \u010ceburinas po pirmosios pergal\u0117s UEFA turnyr\u0173 grup\u0117se d\u0117kojo \u017eaid\u0117jams u\u017e atsidavim\u0105 ir pa\u017eym\u0117jo, jog vilnie\u010di\u0173 persvara gal\u0117jo b\u016bti dar didesn\u0117.<\/p>\n<p>Lietuvos \u010dempionai laim\u0117jo prie\u0161 \u201ePyunik\u201c rezultatu 2:1, bet tur\u0117jo dar ne vien\u0105 puiki\u0105 prog\u0105 ir padidinti rezultat\u0105.<\/p>\n<p>\u201eLabai d\u0117koju aistruoliams u\u017e kar\u0161t\u0105 palaikym\u0105. U\u017e palaikym\u0105, kai labiausiai reik\u0117jo. Labai rimtai ruo\u0161\u0117m\u0117s rungtyn\u0117ms. Prad\u017eioje padar\u0117me rimt\u0173 klaid\u0173. Galb\u016bt d\u0117l to spaudimo, \u012ftampos, kad iki tol nelaim\u0117jome. Ta\u010diau pavyko neutralizuoti atakas: tai padar\u0117 arba Gertmonas, arba gyn\u0117jai paskutiniu momentu. \u00a0I\u0161\u0117jo gana geros rungtyn\u0117s, pajaut\u0117me kad galime \u012fgyvendinti savo ruo\u0161t\u0105 plan\u0105. \u012emu\u0161\u0117me, suk\u016br\u0117me gana daug prog\u0173. Daug nedav\u0117me var\u017eovams, jiems teko plu\u0161\u0117ti b\u016bti su kamuoliu tik savo pus\u0117je. Mes prog\u0173 suk\u016br\u0117me daug. Buvo kur atrod\u0117 kamuoliui nebuvo kur d\u0117tis. Jei b\u016btume \u012fmu\u0161\u0119 bent 50 proc prog\u0173.. Gal\u0117jome laim\u0117ti rungtynes ramiau. Bet sveikinu savo \u017eaid\u0117jus. Atsidavimas buvo auk\u0161tame lygyje. Buvo klaideli\u0173, bet be to neb\u016bna. Geras atsidavimas ir rezultatas. Pirm\u0105 kart\u0105 pajaut\u0117me pergal\u0117s skon\u012f, pirma pergal\u0117. Saldu\u201c, &#8211; kalb\u0117jo V. \u010ceburinas.<\/p>\n<p>Paklaustas kas pasikeit\u0117 po rungtyni\u0173 Arm\u0117nijoje, treneris atsak\u0117: \u201eJau esu sak\u0119s kad ne viskas pavyko kaip nor\u0117jome. Taip pat ir adaptacija prie t\u0173 klimato s\u0105lyg\u0173. Ten auk\u0161tumos, didesnis nei j\u016bros lygis. Prie\u0161 rungtynes treniruot\u0117je mat\u0117si kad tr\u016bksta \u00a0kad yra l\u0117tumas jud\u0117jime. Taip pat skrydis, kiti sunkumai. Tai atsispind\u0117jo. Taip, ten Arm\u0117nijoje buvo tik vienas ar kitas sm\u016bgis \u012f vartus. Ta\u010diau buvo galimybi\u0173 u\u017ebaigti atakas. Nepadaryk klaidos gynyboje, \u012fmu\u0161k pats, ir b\u016bt\u0173 kitaip. Bet Jei nedarytume klaid\u0173 &#8211; \u017eaid\u0117jai \u017eaist\u0173 Anglijoje, Vokietijoje Pranc\u016bzijoje. \u017dinoma ties tuo dirbame, daug dirbame. Ta\u010diau be klaid\u0173 neb\u016bna, netgi auk\u0161\u010diausiame lygyje, \u010cempion\u0173 lygoje su top klubais.\u201c<\/p>\n<p>\u201e\u017dalgiris\u201c antrajame k\u0117linyje buvo arti tre\u010diojo \u012fvar\u010dio, kai po Oliverio Buffo sm\u016bgio kamuolys pataik\u0117 \u012f skersin\u012f. Rezultatas gal\u0117jo b\u016bti 3:0, ta\u010diau neilgai trukus var\u017eovai atsilikim\u0105 su\u0161velnino po skirto baudinio u\u017e pra\u017eang\u0105 ir \u012ftampa i\u0161liko iki pabaigos.<\/p>\n<p>\u201eJau kalb\u0117jome kad sukuriame nedaug, ne\u012fmu\u0161\u0117me. Baudinio situacijos nenoriu komentuoti. A\u0161 ten nieko ne\u012f\u017evelgiau, teis\u0117jas \u012f\u017evelg\u0117. Var\u017eovai \u012fmu\u0161\u0117, 2:1, prasid\u0117jo spaudimas. Ta\u010diau d\u0117kingas \u017eaid\u0117jams kad jie \u0117m\u0117si kontrol\u0117s. Pakankamai ramiai u\u017etikrintai \u017eaid\u0117 ir dar suk\u016br\u0117 prog\u0173. Ta\u010diau buvo toki\u0173 prog\u0173 kur tur\u0117jome \u012fmu\u0161ti. Ne 100 procent\u0173, o 300 ar 500 procent\u0173. Gal\u0117jo b\u016bti bent keturi \u012fvar\u010diai\u00a0 Ta\u010diau taip b\u016bna futbole\u201c, &#8211; sak\u0117 treneris.<\/p>\n<p>\u017durnalistams pasiteiravus apie Mathias Oyewusi \u017eaidim\u0105 ir tobul\u0117jim\u0105, V. \u010ceburinas teig\u0117, kad puol\u0117jas dar turi potencialo patobul\u0117ti.<\/p>\n<p>\u201eK\u016br\u0117 jis gerai, bet tur\u0117jo ir prog\u0173 \u012fmu\u0161ti pats. Kai kur jis kiek perdeg\u0117. Ta\u010diau savo darb\u0105 padar\u0117. 93-95 minut\u0117ms jam j\u0117g\u0173 nepakanka nes atlieka daug darbo. Jam sakau kad kartais nereikia b\u0117gti ten kur nereikia. Reikia dirbti pagal t\u0105 plan\u0105 kur\u012f esame paruo\u0161\u0119. I\u0161naudojant jo stipri\u0105sias puses. Jaunyst\u0117 \u0161\u012f t\u0105 lemia. Jis b\u016bna daug kur, labai nori duoti naudos komandai. Tai d\u017eiugina, &#8211; ai\u0161kino treneris. Kalbant apie jo patobul\u0117jim\u0105. Jis nema\u017eai patobul\u0117jo i\u0161 sprendim\u0173 pus\u0117s. Jau sakiau kad bando atsidurti visur. D\u0117l disciplinos taip pat. Po truput\u012f dirbam ties tuo kad su ma\u017eiau energijos jis b\u016bt\u0173 efektyvesnis. Jam taip pat buvo reikalingas laikas. Jis i\u0161lauk\u0117 savo laik\u0105 ir dabar pasiek\u0117 reikiam\u0105 \u017eaidimo lyg\u012f.\u201c<\/p>\n<p>Paklaustas ar nejau\u010dia, jog sezono pabaigoje komanda i\u0161sikv\u0117pia, treneris atsak\u0117 to nepasteb\u0117j\u0119s: \u201e\u0160iandien grupi\u0173 etape \u017eaid\u0117jai i\u0161kovojo pergal\u0119. Nemanau kad yra ka\u017ekoks u\u017emigimas. Dar laukia taur\u0117s finalas, kitos svarbios rungtyn\u0117s. Niekas nesiruo\u0161ia \u0161alintis darbo. Kiekvienas \u017eaid\u0117jas nori i\u0161eiti \u012f aik\u0161t\u0119. Matau degan\u010dias akis t\u0173 kurie nepatenka \u012f vienuoliktuk\u0105. Dega ir tie kas \u017eaid\u017eia, ir kas ruo\u0161iasi \u017eaisti. D\u0117koju jiems u\u017e darb\u0105 tokiu sunku grafiku.\u201c<\/p>\n<p>Sekmadien\u012f \u201e\u017dalgiris\u201c finalo rungtyn\u0117se d\u0117l taur\u0117s Kaune susitiks su \u201eHegelmann\u201c komanda.<\/p>\n<p>&nbsp;<\/p>\n","protected":false},"excerpt":{"rendered":"<p>\u201e\u017dalgirio\u201c treneris Vladimiras \u010ceburinas po pirmosios pergal\u0117s UEFA turnyr\u0173 grup\u0117se d\u0117kojo \u017eaid\u0117jams u\u017e atsidavim\u0105 ir pa\u017eym\u0117jo, jog vilnie\u010di\u0173 persvara gal\u0117jo b\u016bti dar didesn\u0117. Lietuvos \u010dempionai\u2026<\/p>\n","protected":false},"author":4,"featured_media":0,"comment_status":"closed","ping_status":"closed","sticky":false,"template":"","format":"standard","meta":{"_acf_changed":false,"footnotes":""},"categories":[87],"class_list":["post-10635","post","type-post","status-publish","format-standard","hentry","category-zalgiris"],"acf":[],"yoast_head":"<!-- This site is optimized with the Yoast SEO plugin v26.8 - https:\/\/yoast.com\/product\/yoast-seo-wordpress\/ -->\n<title>V. \u010ceburinas: \u201eGal\u0117jome \u012fmu\u0161ti bent keturis\u201c - FK \u017dalgiris<\/title>\n<meta name=\"robots\" content=\"index, follow, max-snippet:-1, max-image-preview:large, max-video-preview:-1\" \/>\n<link rel=\"canonical\" href=\"https:\/\/fkzalgiris.lt\/v-ceburinas-galejome-imusti-bent-keturis\/\" \/>\n<meta property=\"og:locale\" content=\"lt_LT\" \/>\n<meta property=\"og:type\" content=\"article\" \/>\n<meta property=\"og:title\" content=\"V. \u010ceburinas: \u201eGal\u0117jome \u012fmu\u0161ti bent keturis\u201c - FK \u017dalgiris\" \/>\n<meta property=\"og:description\" content=\"\u201e\u017dalgirio\u201c treneris Vladimiras \u010ceburinas po pirmosios pergal\u0117s UEFA turnyr\u0173 grup\u0117se d\u0117kojo \u017eaid\u0117jams u\u017e atsidavim\u0105 ir pa\u017eym\u0117jo, jog vilnie\u010di\u0173 persvara gal\u0117jo b\u016bti dar didesn\u0117. Lietuvos \u010dempionai\u2026\" \/>\n<meta property=\"og:url\" content=\"https:\/\/fkzalgiris.lt\/v-ceburinas-galejome-imusti-bent-keturis\/\" \/>\n<meta property=\"og:site_name\" content=\"FK \u017dalgiris\" \/>\n<meta property=\"article:publisher\" content=\"https:\/\/www.facebook.com\/fkzalgiris\/\" \/>\n<meta property=\"article:published_time\" content=\"2022-10-14T07:03:33+00:00\" \/>\n<meta property=\"article:modified_time\" content=\"2022-10-21T08:08:57+00:00\" \/>\n<meta property=\"og:image\" content=\"https:\/\/fkzalgiris.lt\/wp-content\/uploads\/2024\/02\/social-horiz_Zalgiris_logo_2024.png\" \/>\n\t<meta property=\"og:image:width\" content=\"3356\" \/>\n\t<meta property=\"og:image:height\" content=\"2259\" \/>\n\t<meta property=\"og:image:type\" content=\"image\/png\" \/>\n<meta name=\"author\" content=\"J\" \/>\n<meta name=\"twitter:card\" content=\"summary_large_image\" \/>\n<meta name=\"twitter:creator\" content=\"@fkzalgiris\" \/>\n<meta name=\"twitter:site\" content=\"@fkzalgiris\" \/>\n<meta name=\"twitter:label1\" content=\"Written by\" \/>\n\t<meta name=\"twitter:data1\" content=\"J\" \/>\n\t<meta name=\"twitter:label2\" content=\"Est. reading time\" \/>\n\t<meta name=\"twitter:data2\" content=\"4 minut\u0117s\" \/>\n<script type=\"application\/ld+json\" class=\"yoast-schema-graph\">{\"@context\":\"https:\/\/schema.org\",\"@graph\":[{\"@type\":\"Article\",\"@id\":\"https:\/\/fkzalgiris.lt\/v-ceburinas-galejome-imusti-bent-keturis\/#article\",\"isPartOf\":{\"@id\":\"https:\/\/fkzalgiris.lt\/v-ceburinas-galejome-imusti-bent-keturis\/\"},\"author\":{\"name\":\"J\",\"@id\":\"https:\/\/fkzalgiris.lt\/#\/schema\/person\/8604babbba794a7d8767be324a3eaac8\"},\"headline\":\"V. \u010ceburinas: \u201eGal\u0117jome \u012fmu\u0161ti bent keturis\u201c\",\"datePublished\":\"2022-10-14T07:03:33+00:00\",\"dateModified\":\"2022-10-21T08:08:57+00:00\",\"mainEntityOfPage\":{\"@id\":\"https:\/\/fkzalgiris.lt\/v-ceburinas-galejome-imusti-bent-keturis\/\"},\"wordCount\":711,\"publisher\":{\"@id\":\"https:\/\/fkzalgiris.lt\/#organization\"},\"articleSection\":[\"\u017dalgiris\"],\"inLanguage\":\"lt-LT\"},{\"@type\":\"WebPage\",\"@id\":\"https:\/\/fkzalgiris.lt\/v-ceburinas-galejome-imusti-bent-keturis\/\",\"url\":\"https:\/\/fkzalgiris.lt\/v-ceburinas-galejome-imusti-bent-keturis\/\",\"name\":\"V. \u010ceburinas: \u201eGal\u0117jome \u012fmu\u0161ti bent keturis\u201c - FK \u017dalgiris\",\"isPartOf\":{\"@id\":\"https:\/\/fkzalgiris.lt\/#website\"},\"datePublished\":\"2022-10-14T07:03:33+00:00\",\"dateModified\":\"2022-10-21T08:08:57+00:00\",\"breadcrumb\":{\"@id\":\"https:\/\/fkzalgiris.lt\/v-ceburinas-galejome-imusti-bent-keturis\/#breadcrumb\"},\"inLanguage\":\"lt-LT\",\"potentialAction\":[{\"@type\":\"ReadAction\",\"target\":[\"https:\/\/fkzalgiris.lt\/v-ceburinas-galejome-imusti-bent-keturis\/\"]}]},{\"@type\":\"BreadcrumbList\",\"@id\":\"https:\/\/fkzalgiris.lt\/v-ceburinas-galejome-imusti-bent-keturis\/#breadcrumb\",\"itemListElement\":[{\"@type\":\"ListItem\",\"position\":1,\"name\":\"Home\",\"item\":\"https:\/\/fkzalgiris.lt\/\"},{\"@type\":\"ListItem\",\"position\":2,\"name\":\"V. \u010ceburinas: \u201eGal\u0117jome \u012fmu\u0161ti bent keturis\u201c\"}]},{\"@type\":\"WebSite\",\"@id\":\"https:\/\/fkzalgiris.lt\/#website\",\"url\":\"https:\/\/fkzalgiris.lt\/\",\"name\":\"FK \u017dalgiris\",\"description\":\"oficiali Vilniaus \u201e\u017dalgirio\u201c futbolo klubo svetain\u0117\",\"publisher\":{\"@id\":\"https:\/\/fkzalgiris.lt\/#organization\"},\"potentialAction\":[{\"@type\":\"SearchAction\",\"target\":{\"@type\":\"EntryPoint\",\"urlTemplate\":\"https:\/\/fkzalgiris.lt\/?s={search_term_string}\"},\"query-input\":{\"@type\":\"PropertyValueSpecification\",\"valueRequired\":true,\"valueName\":\"search_term_string\"}}],\"inLanguage\":\"lt-LT\"},{\"@type\":\"Organization\",\"@id\":\"https:\/\/fkzalgiris.lt\/#organization\",\"name\":\"FK \u017dalgiris\",\"url\":\"https:\/\/fkzalgiris.lt\/\",\"logo\":{\"@type\":\"ImageObject\",\"inLanguage\":\"lt-LT\",\"@id\":\"https:\/\/fkzalgiris.lt\/#\/schema\/logo\/image\/\",\"url\":\"https:\/\/fkzalgiris.lt\/wp-content\/uploads\/2024\/01\/horiz-FK-Zalgiris-logo-2015.png\",\"contentUrl\":\"https:\/\/fkzalgiris.lt\/wp-content\/uploads\/2024\/01\/horiz-FK-Zalgiris-logo-2015.png\",\"width\":3073,\"height\":2048,\"caption\":\"FK \u017dalgiris\"},\"image\":{\"@id\":\"https:\/\/fkzalgiris.lt\/#\/schema\/logo\/image\/\"},\"sameAs\":[\"https:\/\/www.facebook.com\/fkzalgiris\/\",\"https:\/\/x.com\/fkzalgiris\",\"https:\/\/www.instagram.com\/fkzalgiris\/\",\"https:\/\/www.youtube.com\/channel\/UC1ag8JLxGirltMUoLlzfZLA\"]},{\"@type\":\"Person\",\"@id\":\"https:\/\/fkzalgiris.lt\/#\/schema\/person\/8604babbba794a7d8767be324a3eaac8\",\"name\":\"J\"}]}<\/script>\n<!-- \/ Yoast SEO plugin. -->","yoast_head_json":{"title":"V. \u010ceburinas: \u201eGal\u0117jome \u012fmu\u0161ti bent keturis\u201c - FK \u017dalgiris","robots":{"index":"index","follow":"follow","max-snippet":"max-snippet:-1","max-image-preview":"max-image-preview:large","max-video-preview":"max-video-preview:-1"},"canonical":"https:\/\/fkzalgiris.lt\/v-ceburinas-galejome-imusti-bent-keturis\/","og_locale":"lt_LT","og_type":"article","og_title":"V. \u010ceburinas: \u201eGal\u0117jome \u012fmu\u0161ti bent keturis\u201c - FK \u017dalgiris","og_description":"\u201e\u017dalgirio\u201c treneris Vladimiras \u010ceburinas po pirmosios pergal\u0117s UEFA turnyr\u0173 grup\u0117se d\u0117kojo \u017eaid\u0117jams u\u017e atsidavim\u0105 ir pa\u017eym\u0117jo, jog vilnie\u010di\u0173 persvara gal\u0117jo b\u016bti dar didesn\u0117. Lietuvos \u010dempionai\u2026","og_url":"https:\/\/fkzalgiris.lt\/v-ceburinas-galejome-imusti-bent-keturis\/","og_site_name":"FK \u017dalgiris","article_publisher":"https:\/\/www.facebook.com\/fkzalgiris\/","article_published_time":"2022-10-14T07:03:33+00:00","article_modified_time":"2022-10-21T08:08:57+00:00","og_image":[{"width":3356,"height":2259,"url":"https:\/\/fkzalgiris.lt\/wp-content\/uploads\/2024\/02\/social-horiz_Zalgiris_logo_2024.png","type":"image\/png"}],"author":"J","twitter_card":"summary_large_image","twitter_creator":"@fkzalgiris","twitter_site":"@fkzalgiris","twitter_misc":{"Written by":"J","Est. reading time":"4 minut\u0117s"},"schema":{"@context":"https:\/\/schema.org","@graph":[{"@type":"Article","@id":"https:\/\/fkzalgiris.lt\/v-ceburinas-galejome-imusti-bent-keturis\/#article","isPartOf":{"@id":"https:\/\/fkzalgiris.lt\/v-ceburinas-galejome-imusti-bent-keturis\/"},"author":{"name":"J","@id":"https:\/\/fkzalgiris.lt\/#\/schema\/person\/8604babbba794a7d8767be324a3eaac8"},"headline":"V. \u010ceburinas: \u201eGal\u0117jome \u012fmu\u0161ti bent keturis\u201c","datePublished":"2022-10-14T07:03:33+00:00","dateModified":"2022-10-21T08:08:57+00:00","mainEntityOfPage":{"@id":"https:\/\/fkzalgiris.lt\/v-ceburinas-galejome-imusti-bent-keturis\/"},"wordCount":711,"publisher":{"@id":"https:\/\/fkzalgiris.lt\/#organization"},"articleSection":["\u017dalgiris"],"inLanguage":"lt-LT"},{"@type":"WebPage","@id":"https:\/\/fkzalgiris.lt\/v-ceburinas-galejome-imusti-bent-keturis\/","url":"https:\/\/fkzalgiris.lt\/v-ceburinas-galejome-imusti-bent-keturis\/","name":"V. \u010ceburinas: \u201eGal\u0117jome \u012fmu\u0161ti bent keturis\u201c - FK \u017dalgiris","isPartOf":{"@id":"https:\/\/fkzalgiris.lt\/#website"},"datePublished":"2022-10-14T07:03:33+00:00","dateModified":"2022-10-21T08:08:57+00:00","breadcrumb":{"@id":"https:\/\/fkzalgiris.lt\/v-ceburinas-galejome-imusti-bent-keturis\/#breadcrumb"},"inLanguage":"lt-LT","potentialAction":[{"@type":"ReadAction","target":["https:\/\/fkzalgiris.lt\/v-ceburinas-galejome-imusti-bent-keturis\/"]}]},{"@type":"BreadcrumbList","@id":"https:\/\/fkzalgiris.lt\/v-ceburinas-galejome-imusti-bent-keturis\/#breadcrumb","itemListElement":[{"@type":"ListItem","position":1,"name":"Home","item":"https:\/\/fkzalgiris.lt\/"},{"@type":"ListItem","position":2,"name":"V. \u010ceburinas: \u201eGal\u0117jome \u012fmu\u0161ti bent keturis\u201c"}]},{"@type":"WebSite","@id":"https:\/\/fkzalgiris.lt\/#website","url":"https:\/\/fkzalgiris.lt\/","name":"FK \u017dalgiris","description":"oficiali Vilniaus \u201e\u017dalgirio\u201c futbolo klubo svetain\u0117","publisher":{"@id":"https:\/\/fkzalgiris.lt\/#organization"},"potentialAction":[{"@type":"SearchAction","target":{"@type":"EntryPoint","urlTemplate":"https:\/\/fkzalgiris.lt\/?s={search_term_string}"},"query-input":{"@type":"PropertyValueSpecification","valueRequired":true,"valueName":"search_term_string"}}],"inLanguage":"lt-LT"},{"@type":"Organization","@id":"https:\/\/fkzalgiris.lt\/#organization","name":"FK \u017dalgiris","url":"https:\/\/fkzalgiris.lt\/","logo":{"@type":"ImageObject","inLanguage":"lt-LT","@id":"https:\/\/fkzalgiris.lt\/#\/schema\/logo\/image\/","url":"https:\/\/fkzalgiris.lt\/wp-content\/uploads\/2024\/01\/horiz-FK-Zalgiris-logo-2015.png","contentUrl":"https:\/\/fkzalgiris.lt\/wp-content\/uploads\/2024\/01\/horiz-FK-Zalgiris-logo-2015.png","width":3073,"height":2048,"caption":"FK \u017dalgiris"},"image":{"@id":"https:\/\/fkzalgiris.lt\/#\/schema\/logo\/image\/"},"sameAs":["https:\/\/www.facebook.com\/fkzalgiris\/","https:\/\/x.com\/fkzalgiris","https:\/\/www.instagram.com\/fkzalgiris\/","https:\/\/www.youtube.com\/channel\/UC1ag8JLxGirltMUoLlzfZLA"]},{"@type":"Person","@id":"https:\/\/fkzalgiris.lt\/#\/schema\/person\/8604babbba794a7d8767be324a3eaac8","name":"J"}]}},"_links":{"self":[{"href":"https:\/\/fkzalgiris.lt\/api\/wp\/v2\/posts\/10635","targetHints":{"allow":["GET"]}}],"collection":[{"href":"https:\/\/fkzalgiris.lt\/api\/wp\/v2\/posts"}],"about":[{"href":"https:\/\/fkzalgiris.lt\/api\/wp\/v2\/types\/post"}],"author":[{"embeddable":true,"href":"https:\/\/fkzalgiris.lt\/api\/wp\/v2\/users\/4"}],"replies":[{"embeddable":true,"href":"https:\/\/fkzalgiris.lt\/api\/wp\/v2\/comments?post=10635"}],"version-history":[{"count":4,"href":"https:\/\/fkzalgiris.lt\/api\/wp\/v2\/posts\/10635\/revisions"}],"predecessor-version":[{"id":10723,"href":"https:\/\/fkzalgiris.lt\/api\/wp\/v2\/posts\/10635\/revisions\/10723"}],"wp:attachment":[{"href":"https:\/\/fkzalgiris.lt\/api\/wp\/v2\/media?parent=10635"}],"wp:term":[{"taxonomy":"category","embeddable":true,"href":"https:\/\/fkzalgiris.lt\/api\/wp\/v2\/categories?post=10635"}],"curies":[{"name":"wp","href":"https:\/\/api.w.org\/{rel}","templated":true}]}}