{"id":10401,"date":"2022-09-28T11:41:17","date_gmt":"2022-09-28T08:41:17","guid":{"rendered":"https:\/\/fkzalgiris.lt\/?p=10401"},"modified":"2022-09-28T11:42:37","modified_gmt":"2022-09-28T08:42:37","slug":"v-ceburinas-po-pertraukos-pradeti-is-naujo-ne-visada-lengva","status":"publish","type":"post","link":"https:\/\/fkzalgiris.lt\/v-ceburinas-po-pertraukos-pradeti-is-naujo-ne-visada-lengva\/","title":{"rendered":"V. \u010ceburinas: \u201ePo pertraukos prad\u0117ti i\u0161 naujo ne visada lengva\u201c"},"content":{"rendered":"<p>\u201e\u017dalgirio\u201c treneris Vladimiras \u010ceburinas ir gyn\u0117jas Mario Paveli\u010dius po dar vienos pergal\u0117s \u010dempionate buvo patenkinti \u017eaidimu puolime bei gynyboje ir pa\u017eym\u0117jo, jog dar anksti daryti i\u0161vadas d\u0117l pozicij\u0173 lentel\u0117je.<\/p>\n<p>Atid\u0117tose \u201eOptibet A lygos\u201c rungtyn\u0117se, kurios buvo pirmos po rinktini\u0173 pertraukos, \u201e\u017dalgiris\u201c nugal\u0117jo \u201eS\u016bduv\u0105\u201c rezultatu 1:0 po vienintelio var\u017eov\u0173 \u012fsimu\u0161to \u012fvar\u010dio pirmo k\u0117linio viduryje.<\/p>\n<p>\u201eNelengvos rungtyn\u0117s. Daug suk\u016br\u0117me, buvo prog\u0173, virpstas. Var\u017eovas ie\u0161kojo erdvi\u0173, bet mes u\u017edar\u0117me erdves, rimt\u0173 prog\u0173 var\u017eovas nesuk\u016br\u0117. Nedav\u0117me jiems toki\u0173 galimybi\u0173. \u0160aunuoliai \u017eaid\u0117jai. Ne visada lengva po pertraukos prad\u0117ti i\u0161 naujo. Svarbiausia trys ta\u0161kai, einame toliau. Klaidas dar \u012fsivertinsime\u201c, &#8211; kalb\u0117jo V. \u010ceburinas.<\/p>\n<div class=\"embed-responsive embed-responsive-16by9 mb-4\"><iframe title=\"Trenerio komentaras | \u010ceburin | \u017dalgiris - S\u016bduva | Coach interview post-match [CC]\" src=\"https:\/\/www.youtube.com\/embed\/apTXyKUh55M?feature=oembed\" frameborder=\"0\" allow=\"accelerometer; autoplay; clipboard-write; encrypted-media; gyroscope; picture-in-picture; web-share\" referrerpolicy=\"strict-origin-when-cross-origin\" allowfullscreen><\/iframe> <\/div>\n<p>\u201eD\u017eiaugiam\u0117s pergale ir trimis ta\u0161kais. Su\u017eaid\u0117me geras rungtynes. Gal\u0117jome \u012fmu\u0161ti ir daugiau \u012fvar\u010di\u0173. Gal\u0173 gale laim\u0117jome 1:0. Esame tuo patenkinti, &#8211; teig\u0117 M. Paveli\u010dius &#8211; Gerai i\u0161analizavome \u201eS\u016bduvos\u201c komand\u0105. Jie dar\u0117 tai ko tik\u0117jom\u0117s. Buvome gerai pasiruo\u0161\u0119 rungtyn\u0117ms. Su\u017eaid\u0117me gerai. Visada malonu i\u0161laikyti vartus sausus. Gynybos grandis patenkinta. Komanda patenkinta, visi patenkinti.\u201c<\/p>\n<div class=\"embed-responsive embed-responsive-16by9 mb-4\"><iframe title=\"\u017daid\u0117jo komentaras | \u017dalgiris - S\u016bduva | Paveli\u010d | Player interview post-match\" src=\"https:\/\/www.youtube.com\/embed\/QMmLWzz3iGs?feature=oembed\" frameborder=\"0\" allow=\"accelerometer; autoplay; clipboard-write; encrypted-media; gyroscope; picture-in-picture; web-share\" referrerpolicy=\"strict-origin-when-cross-origin\" allowfullscreen><\/iframe> <\/div>\n<p>Paklaustas, ar \u201eS\u016bduvai\u201c leido daugiau kontroliuoti kamuol\u012f, treneris pa\u017eym\u0117jo, jog ne tai svarbiausia: \u201eKontroliuoti kamuol\u012f savo pus\u0117je galima ir du k\u0117linius. Svarbiau yra \u012fmu\u0161ti \u012fvar\u010dius. Mano supratimu tai svarbiausia. Jei valdai kamuol\u012f be spaudimo &#8211; tai tik sau\u201c<\/p>\n<p>Pergalingas \u201e\u017dalgirio\u201c \u012fvartis krito po M. Paveli\u010diaus tolimo perdavimo Renanui. \u0160is baudos aik\u0161tel\u0117je perdav\u0117 kamuol\u012f Mathiasui Oyewusi, \u0161io sm\u016bg\u012f atr\u0117m\u0117 vartininkas, bet kamuolys riko\u0161etu \u012fskriejo \u012f vartus.<\/p>\n<p>\u201ePrie\u0161 \u012fvart\u012f buvo pozicin\u0117 ataka, pakeistas kra\u0161tas. Pasi\u017ei\u016br\u0117jau ir pama\u010diau Renano \u012fb\u0117gim\u0105 \u012f erdv\u0119. Nusprend\u017eiau pabandyti tolim\u0105 perdavim\u0105. Tai pavyko gerai. D\u017eiaugiuosi prisid\u0117j\u0119s prie \u012fvar\u010dio situacijos\u201c, &#8211; sak\u0117 gyn\u0117jas.<\/p>\n<p>\u201e\u017dalgirio\u201c komandoje pirmasis keitimas buvo atliktas 75 minut\u0119. Pasak V. \u010ceburino, pertrauka \u017ealgirie\u010diams leido atgauti j\u0117gas ir d\u0117l to \u017eaid\u0117jai buvo pasiruo\u0161\u0119 \u017eaisti pilnas rungtynes: \u201ePer pertrauk\u0105 padirb\u0117jome. Kiekvienas i\u0161 komandos pasiruo\u0161\u0119s 90 minu\u010di\u0173. I\u0161skyrus Ovidij\u0173 Verbick\u0105, jam 90 minu\u010di\u0173 b\u016bt\u0173 sunku. Visi kiti komandoje pasiruo\u0161\u0119.\u201c<\/p>\n<p>Paklaustas, ar 15 ta\u0161k\u0173 persvara prie\u0161 \u201eS\u016bduv\u0105\u201c rei\u0161kia, jog kova d\u0117l titulo var\u017eovams baigta, treneris atsak\u0117: \u201e\u010cempionatas t\u0119siasi, anksti daryti ka\u017ekokias i\u0161vadas. Reikia \u017eaisti, rinkti savo ta\u0161kus. Reikia laim\u0117ti. Kai viskas baigsis tada ir sakysime &#8211; viskas.\u201c<\/p>\n<p>\u0160e\u0161tadien\u012f \u201e\u017dalgirio\u201c laukia svarbios rungtyn\u0117s kovoje d\u0117l patekimo \u012f taur\u0117s final\u0105.<\/p>\n<p>\u201eVisos kitos rungtyn\u0117s svarbios, dar j\u0173 liko daug. Susitelkiame \u012f u\u017eduotis nuo rungtyni\u0173 iki rungtyni\u0173. Pasiruo\u0161\u0117me gerai \u0161ioms rungtyn\u0117ms. M\u016bs\u0173 kitas tikslas &#8211; patekti \u012f taur\u0117s final\u0105\u201c, &#8211; kalb\u0117jo M. Paveli\u010dius.<\/p>\n<p>\u201e\u017dalgirio\u201c ir \u201eKauno \u017dalgirio\u201c dvikova \u201eHegelmann LFF taur\u0117s\u201c turnyro pusfinalyje vyks spalio 1 d. nuo 17 val. LFF stadione. Bilietus \u012f rungtynes platina \u201eBilietai.lt\u201c.<\/p>\n<p>&nbsp;<\/p>\n","protected":false},"excerpt":{"rendered":"<p>\u201e\u017dalgirio\u201c treneris Vladimiras \u010ceburinas ir gyn\u0117jas Mario Paveli\u010dius po dar vienos pergal\u0117s \u010dempionate buvo patenkinti \u017eaidimu puolime bei gynyboje ir pa\u017eym\u0117jo, jog dar anksti daryti\u2026<\/p>\n","protected":false},"author":4,"featured_media":0,"comment_status":"closed","ping_status":"closed","sticky":false,"template":"","format":"standard","meta":{"_acf_changed":false,"footnotes":""},"categories":[87],"class_list":["post-10401","post","type-post","status-publish","format-standard","hentry","category-zalgiris"],"acf":[],"yoast_head":"<!-- This site is optimized with the Yoast SEO plugin v26.8 - https:\/\/yoast.com\/product\/yoast-seo-wordpress\/ -->\n<title>V. \u010ceburinas: \u201ePo pertraukos prad\u0117ti i\u0161 naujo ne visada lengva\u201c - FK \u017dalgiris<\/title>\n<meta name=\"robots\" content=\"index, follow, max-snippet:-1, max-image-preview:large, max-video-preview:-1\" \/>\n<link rel=\"canonical\" href=\"https:\/\/fkzalgiris.lt\/v-ceburinas-po-pertraukos-pradeti-is-naujo-ne-visada-lengva\/\" \/>\n<meta property=\"og:locale\" content=\"lt_LT\" \/>\n<meta property=\"og:type\" content=\"article\" \/>\n<meta property=\"og:title\" content=\"V. \u010ceburinas: \u201ePo pertraukos prad\u0117ti i\u0161 naujo ne visada lengva\u201c - FK \u017dalgiris\" \/>\n<meta property=\"og:description\" content=\"\u201e\u017dalgirio\u201c treneris Vladimiras \u010ceburinas ir gyn\u0117jas Mario Paveli\u010dius po dar vienos pergal\u0117s \u010dempionate buvo patenkinti \u017eaidimu puolime bei gynyboje ir pa\u017eym\u0117jo, jog dar anksti daryti\u2026\" \/>\n<meta property=\"og:url\" content=\"https:\/\/fkzalgiris.lt\/v-ceburinas-po-pertraukos-pradeti-is-naujo-ne-visada-lengva\/\" \/>\n<meta property=\"og:site_name\" content=\"FK \u017dalgiris\" \/>\n<meta property=\"article:publisher\" content=\"https:\/\/www.facebook.com\/fkzalgiris\/\" \/>\n<meta property=\"article:published_time\" content=\"2022-09-28T08:41:17+00:00\" \/>\n<meta property=\"article:modified_time\" content=\"2022-09-28T08:42:37+00:00\" \/>\n<meta property=\"og:image\" content=\"https:\/\/fkzalgiris.lt\/wp-content\/uploads\/2024\/02\/social-horiz_Zalgiris_logo_2024.png\" \/>\n\t<meta property=\"og:image:width\" content=\"3356\" \/>\n\t<meta property=\"og:image:height\" content=\"2259\" \/>\n\t<meta property=\"og:image:type\" content=\"image\/png\" \/>\n<meta name=\"author\" content=\"J\" \/>\n<meta name=\"twitter:card\" content=\"summary_large_image\" \/>\n<meta name=\"twitter:creator\" content=\"@fkzalgiris\" \/>\n<meta name=\"twitter:site\" content=\"@fkzalgiris\" \/>\n<meta name=\"twitter:label1\" content=\"Written by\" \/>\n\t<meta name=\"twitter:data1\" content=\"J\" \/>\n\t<meta name=\"twitter:label2\" content=\"Est. reading time\" \/>\n\t<meta name=\"twitter:data2\" content=\"3 minut\u0117s\" \/>\n<script type=\"application\/ld+json\" class=\"yoast-schema-graph\">{\"@context\":\"https:\/\/schema.org\",\"@graph\":[{\"@type\":\"Article\",\"@id\":\"https:\/\/fkzalgiris.lt\/v-ceburinas-po-pertraukos-pradeti-is-naujo-ne-visada-lengva\/#article\",\"isPartOf\":{\"@id\":\"https:\/\/fkzalgiris.lt\/v-ceburinas-po-pertraukos-pradeti-is-naujo-ne-visada-lengva\/\"},\"author\":{\"name\":\"J\",\"@id\":\"https:\/\/fkzalgiris.lt\/#\/schema\/person\/8604babbba794a7d8767be324a3eaac8\"},\"headline\":\"V. \u010ceburinas: \u201ePo pertraukos prad\u0117ti i\u0161 naujo ne visada lengva\u201c\",\"datePublished\":\"2022-09-28T08:41:17+00:00\",\"dateModified\":\"2022-09-28T08:42:37+00:00\",\"mainEntityOfPage\":{\"@id\":\"https:\/\/fkzalgiris.lt\/v-ceburinas-po-pertraukos-pradeti-is-naujo-ne-visada-lengva\/\"},\"wordCount\":514,\"publisher\":{\"@id\":\"https:\/\/fkzalgiris.lt\/#organization\"},\"articleSection\":[\"\u017dalgiris\"],\"inLanguage\":\"lt-LT\"},{\"@type\":\"WebPage\",\"@id\":\"https:\/\/fkzalgiris.lt\/v-ceburinas-po-pertraukos-pradeti-is-naujo-ne-visada-lengva\/\",\"url\":\"https:\/\/fkzalgiris.lt\/v-ceburinas-po-pertraukos-pradeti-is-naujo-ne-visada-lengva\/\",\"name\":\"V. \u010ceburinas: \u201ePo pertraukos prad\u0117ti i\u0161 naujo ne visada lengva\u201c - FK \u017dalgiris\",\"isPartOf\":{\"@id\":\"https:\/\/fkzalgiris.lt\/#website\"},\"datePublished\":\"2022-09-28T08:41:17+00:00\",\"dateModified\":\"2022-09-28T08:42:37+00:00\",\"breadcrumb\":{\"@id\":\"https:\/\/fkzalgiris.lt\/v-ceburinas-po-pertraukos-pradeti-is-naujo-ne-visada-lengva\/#breadcrumb\"},\"inLanguage\":\"lt-LT\",\"potentialAction\":[{\"@type\":\"ReadAction\",\"target\":[\"https:\/\/fkzalgiris.lt\/v-ceburinas-po-pertraukos-pradeti-is-naujo-ne-visada-lengva\/\"]}]},{\"@type\":\"BreadcrumbList\",\"@id\":\"https:\/\/fkzalgiris.lt\/v-ceburinas-po-pertraukos-pradeti-is-naujo-ne-visada-lengva\/#breadcrumb\",\"itemListElement\":[{\"@type\":\"ListItem\",\"position\":1,\"name\":\"Home\",\"item\":\"https:\/\/fkzalgiris.lt\/\"},{\"@type\":\"ListItem\",\"position\":2,\"name\":\"V. \u010ceburinas: \u201ePo pertraukos prad\u0117ti i\u0161 naujo ne visada lengva\u201c\"}]},{\"@type\":\"WebSite\",\"@id\":\"https:\/\/fkzalgiris.lt\/#website\",\"url\":\"https:\/\/fkzalgiris.lt\/\",\"name\":\"FK \u017dalgiris\",\"description\":\"oficiali Vilniaus \u201e\u017dalgirio\u201c futbolo klubo svetain\u0117\",\"publisher\":{\"@id\":\"https:\/\/fkzalgiris.lt\/#organization\"},\"potentialAction\":[{\"@type\":\"SearchAction\",\"target\":{\"@type\":\"EntryPoint\",\"urlTemplate\":\"https:\/\/fkzalgiris.lt\/?s={search_term_string}\"},\"query-input\":{\"@type\":\"PropertyValueSpecification\",\"valueRequired\":true,\"valueName\":\"search_term_string\"}}],\"inLanguage\":\"lt-LT\"},{\"@type\":\"Organization\",\"@id\":\"https:\/\/fkzalgiris.lt\/#organization\",\"name\":\"FK \u017dalgiris\",\"url\":\"https:\/\/fkzalgiris.lt\/\",\"logo\":{\"@type\":\"ImageObject\",\"inLanguage\":\"lt-LT\",\"@id\":\"https:\/\/fkzalgiris.lt\/#\/schema\/logo\/image\/\",\"url\":\"https:\/\/fkzalgiris.lt\/wp-content\/uploads\/2024\/01\/horiz-FK-Zalgiris-logo-2015.png\",\"contentUrl\":\"https:\/\/fkzalgiris.lt\/wp-content\/uploads\/2024\/01\/horiz-FK-Zalgiris-logo-2015.png\",\"width\":3073,\"height\":2048,\"caption\":\"FK \u017dalgiris\"},\"image\":{\"@id\":\"https:\/\/fkzalgiris.lt\/#\/schema\/logo\/image\/\"},\"sameAs\":[\"https:\/\/www.facebook.com\/fkzalgiris\/\",\"https:\/\/x.com\/fkzalgiris\",\"https:\/\/www.instagram.com\/fkzalgiris\/\",\"https:\/\/www.youtube.com\/channel\/UC1ag8JLxGirltMUoLlzfZLA\"]},{\"@type\":\"Person\",\"@id\":\"https:\/\/fkzalgiris.lt\/#\/schema\/person\/8604babbba794a7d8767be324a3eaac8\",\"name\":\"J\"}]}<\/script>\n<!-- \/ Yoast SEO plugin. -->","yoast_head_json":{"title":"V. \u010ceburinas: \u201ePo pertraukos prad\u0117ti i\u0161 naujo ne visada lengva\u201c - FK \u017dalgiris","robots":{"index":"index","follow":"follow","max-snippet":"max-snippet:-1","max-image-preview":"max-image-preview:large","max-video-preview":"max-video-preview:-1"},"canonical":"https:\/\/fkzalgiris.lt\/v-ceburinas-po-pertraukos-pradeti-is-naujo-ne-visada-lengva\/","og_locale":"lt_LT","og_type":"article","og_title":"V. \u010ceburinas: \u201ePo pertraukos prad\u0117ti i\u0161 naujo ne visada lengva\u201c - FK \u017dalgiris","og_description":"\u201e\u017dalgirio\u201c treneris Vladimiras \u010ceburinas ir gyn\u0117jas Mario Paveli\u010dius po dar vienos pergal\u0117s \u010dempionate buvo patenkinti \u017eaidimu puolime bei gynyboje ir pa\u017eym\u0117jo, jog dar anksti daryti\u2026","og_url":"https:\/\/fkzalgiris.lt\/v-ceburinas-po-pertraukos-pradeti-is-naujo-ne-visada-lengva\/","og_site_name":"FK \u017dalgiris","article_publisher":"https:\/\/www.facebook.com\/fkzalgiris\/","article_published_time":"2022-09-28T08:41:17+00:00","article_modified_time":"2022-09-28T08:42:37+00:00","og_image":[{"width":3356,"height":2259,"url":"https:\/\/fkzalgiris.lt\/wp-content\/uploads\/2024\/02\/social-horiz_Zalgiris_logo_2024.png","type":"image\/png"}],"author":"J","twitter_card":"summary_large_image","twitter_creator":"@fkzalgiris","twitter_site":"@fkzalgiris","twitter_misc":{"Written by":"J","Est. reading time":"3 minut\u0117s"},"schema":{"@context":"https:\/\/schema.org","@graph":[{"@type":"Article","@id":"https:\/\/fkzalgiris.lt\/v-ceburinas-po-pertraukos-pradeti-is-naujo-ne-visada-lengva\/#article","isPartOf":{"@id":"https:\/\/fkzalgiris.lt\/v-ceburinas-po-pertraukos-pradeti-is-naujo-ne-visada-lengva\/"},"author":{"name":"J","@id":"https:\/\/fkzalgiris.lt\/#\/schema\/person\/8604babbba794a7d8767be324a3eaac8"},"headline":"V. \u010ceburinas: \u201ePo pertraukos prad\u0117ti i\u0161 naujo ne visada lengva\u201c","datePublished":"2022-09-28T08:41:17+00:00","dateModified":"2022-09-28T08:42:37+00:00","mainEntityOfPage":{"@id":"https:\/\/fkzalgiris.lt\/v-ceburinas-po-pertraukos-pradeti-is-naujo-ne-visada-lengva\/"},"wordCount":514,"publisher":{"@id":"https:\/\/fkzalgiris.lt\/#organization"},"articleSection":["\u017dalgiris"],"inLanguage":"lt-LT"},{"@type":"WebPage","@id":"https:\/\/fkzalgiris.lt\/v-ceburinas-po-pertraukos-pradeti-is-naujo-ne-visada-lengva\/","url":"https:\/\/fkzalgiris.lt\/v-ceburinas-po-pertraukos-pradeti-is-naujo-ne-visada-lengva\/","name":"V. \u010ceburinas: \u201ePo pertraukos prad\u0117ti i\u0161 naujo ne visada lengva\u201c - FK \u017dalgiris","isPartOf":{"@id":"https:\/\/fkzalgiris.lt\/#website"},"datePublished":"2022-09-28T08:41:17+00:00","dateModified":"2022-09-28T08:42:37+00:00","breadcrumb":{"@id":"https:\/\/fkzalgiris.lt\/v-ceburinas-po-pertraukos-pradeti-is-naujo-ne-visada-lengva\/#breadcrumb"},"inLanguage":"lt-LT","potentialAction":[{"@type":"ReadAction","target":["https:\/\/fkzalgiris.lt\/v-ceburinas-po-pertraukos-pradeti-is-naujo-ne-visada-lengva\/"]}]},{"@type":"BreadcrumbList","@id":"https:\/\/fkzalgiris.lt\/v-ceburinas-po-pertraukos-pradeti-is-naujo-ne-visada-lengva\/#breadcrumb","itemListElement":[{"@type":"ListItem","position":1,"name":"Home","item":"https:\/\/fkzalgiris.lt\/"},{"@type":"ListItem","position":2,"name":"V. \u010ceburinas: \u201ePo pertraukos prad\u0117ti i\u0161 naujo ne visada lengva\u201c"}]},{"@type":"WebSite","@id":"https:\/\/fkzalgiris.lt\/#website","url":"https:\/\/fkzalgiris.lt\/","name":"FK \u017dalgiris","description":"oficiali Vilniaus \u201e\u017dalgirio\u201c futbolo klubo svetain\u0117","publisher":{"@id":"https:\/\/fkzalgiris.lt\/#organization"},"potentialAction":[{"@type":"SearchAction","target":{"@type":"EntryPoint","urlTemplate":"https:\/\/fkzalgiris.lt\/?s={search_term_string}"},"query-input":{"@type":"PropertyValueSpecification","valueRequired":true,"valueName":"search_term_string"}}],"inLanguage":"lt-LT"},{"@type":"Organization","@id":"https:\/\/fkzalgiris.lt\/#organization","name":"FK \u017dalgiris","url":"https:\/\/fkzalgiris.lt\/","logo":{"@type":"ImageObject","inLanguage":"lt-LT","@id":"https:\/\/fkzalgiris.lt\/#\/schema\/logo\/image\/","url":"https:\/\/fkzalgiris.lt\/wp-content\/uploads\/2024\/01\/horiz-FK-Zalgiris-logo-2015.png","contentUrl":"https:\/\/fkzalgiris.lt\/wp-content\/uploads\/2024\/01\/horiz-FK-Zalgiris-logo-2015.png","width":3073,"height":2048,"caption":"FK \u017dalgiris"},"image":{"@id":"https:\/\/fkzalgiris.lt\/#\/schema\/logo\/image\/"},"sameAs":["https:\/\/www.facebook.com\/fkzalgiris\/","https:\/\/x.com\/fkzalgiris","https:\/\/www.instagram.com\/fkzalgiris\/","https:\/\/www.youtube.com\/channel\/UC1ag8JLxGirltMUoLlzfZLA"]},{"@type":"Person","@id":"https:\/\/fkzalgiris.lt\/#\/schema\/person\/8604babbba794a7d8767be324a3eaac8","name":"J"}]}},"_links":{"self":[{"href":"https:\/\/fkzalgiris.lt\/api\/wp\/v2\/posts\/10401","targetHints":{"allow":["GET"]}}],"collection":[{"href":"https:\/\/fkzalgiris.lt\/api\/wp\/v2\/posts"}],"about":[{"href":"https:\/\/fkzalgiris.lt\/api\/wp\/v2\/types\/post"}],"author":[{"embeddable":true,"href":"https:\/\/fkzalgiris.lt\/api\/wp\/v2\/users\/4"}],"replies":[{"embeddable":true,"href":"https:\/\/fkzalgiris.lt\/api\/wp\/v2\/comments?post=10401"}],"version-history":[{"count":5,"href":"https:\/\/fkzalgiris.lt\/api\/wp\/v2\/posts\/10401\/revisions"}],"predecessor-version":[{"id":10407,"href":"https:\/\/fkzalgiris.lt\/api\/wp\/v2\/posts\/10401\/revisions\/10407"}],"wp:attachment":[{"href":"https:\/\/fkzalgiris.lt\/api\/wp\/v2\/media?parent=10401"}],"wp:term":[{"taxonomy":"category","embeddable":true,"href":"https:\/\/fkzalgiris.lt\/api\/wp\/v2\/categories?post=10401"}],"curies":[{"name":"wp","href":"https:\/\/api.w.org\/{rel}","templated":true}]}}