{"id":10351,"date":"2022-09-19T12:27:29","date_gmt":"2022-09-19T09:27:29","guid":{"rendered":"https:\/\/fkzalgiris.lt\/?p=10351"},"modified":"2022-09-19T12:27:29","modified_gmt":"2022-09-19T09:27:29","slug":"v-ceburinas-i-pertrauka-iseiname-su-gera-nuotaika","status":"publish","type":"post","link":"https:\/\/fkzalgiris.lt\/v-ceburinas-i-pertrauka-iseiname-su-gera-nuotaika\/","title":{"rendered":"V. \u010ceburinas: \u201e\u012e pertrauk\u0105 i\u0161einame su gera nuotaika\u201c"},"content":{"rendered":"<p>\u201e\u017dalgirio\u201c treneris Vladimiras \u010ceburinas po pergal\u0117s prie\u0161 \u201eRiterius\u201c d\u0117kojo aistruoliams u\u017e palaikym\u0105 sunkesniu periodu, o Donatas Kazlauskas pripa\u017eino, kad antrasis k\u0117linys buvo \u012ftemptas.<\/p>\n<p>\u201e\u017dalgiris\u201c po pirmojo k\u0117linio tur\u0117jo dviej\u0173 \u012fvar\u010di\u0173 persvar\u0105, ta\u010diau antrajame \u201eRiteriai\u2018 atsilikim\u0105 su\u0161velnino ir grasino i\u0161lyginti. Visgi ta\u0161k\u0105 (3:1) rungtyni\u0173 pabaigoje pad\u0117jo Renanas.<\/p>\n<p>\u201eBravo aistruoliams, eilin\u012f kart\u0105 mums suk\u016br\u0117 ger\u0105 palaikym\u0105. Kalbant apie tuos ma\u017eus epizodus kai komanda atakuoja, praleid\u017eia kontratakas, suklysta &#8211; tuomet tas palaikymas labai reikalingas. \u0160iandien rungtyn\u0117se daug kontroliavome kamuol\u012f. Var\u017eovas rinkosi \u017eaidim\u0105 antru numeriu, kontratakose. Pirm\u0105 k\u0117lin\u012f prakti\u0161kai nedav\u0117me jiems \u0161ans\u0173. Antrajame k\u0117linyje tiek d\u0117l spaudimo, tiek d\u0117l to kaip i\u0161\u0117jome patys klydome, dav\u0117me progas kontratakuoti. Praleidome baudin\u012f &#8211; tai jau teis\u0117jo sprendimas. Pabaigoje \u012fmu\u0161\u0117me tre\u010di\u0105 \u012fvart\u012f, jis brendo. Tur\u0117jome daug prog\u0173\u201c, &#8211; kalb\u0117jo V. \u010ceburinas.<\/p>\n<div class=\"embed-responsive embed-responsive-16by9 mb-4\"><iframe title=\"Trenerio komentaras | \u010ceburin | \u017dalgiris - Riteriai | Coach interview post-match [CC]\" src=\"https:\/\/www.youtube.com\/embed\/Zk202m-UFyQ?feature=oembed\" frameborder=\"0\" allow=\"accelerometer; autoplay; clipboard-write; encrypted-media; gyroscope; picture-in-picture; web-share\" referrerpolicy=\"strict-origin-when-cross-origin\" allowfullscreen><\/iframe> <\/div>\n<p>\u201eNebuvo lengvos rungtyn\u0117s, pirmas k\u0117linys neblogas &#8211; 2:0, tur\u0117jome persvar\u0105. Bet antrajame k\u0117linyje galb\u016bt i\u0161\u0117jome per daug atsipalaidav\u0119, baudinys visk\u0105 sumai\u0161\u0117 ir po to jau buvo\u00a0 \u012ftempta iki paskutin\u0117s minut\u0117s. Gerai, kad Renano \u012fvartis i\u0161sprend\u0117\u201c, &#8211; teig\u0117 D. Kazlauskas.<\/p>\n<div class=\"embed-responsive embed-responsive-16by9 mb-4\"><iframe title=\"\u017daid\u0117jo komentaras | \u017dalgiris - Riteriai | Kazlauskas | Player interview post-match\" src=\"https:\/\/www.youtube.com\/embed\/9DioP44NKAY?feature=oembed\" frameborder=\"0\" allow=\"accelerometer; autoplay; clipboard-write; encrypted-media; gyroscope; picture-in-picture; web-share\" referrerpolicy=\"strict-origin-when-cross-origin\" allowfullscreen><\/iframe> <\/div>\n<p>Jis ketvirt\u0105 kart\u0105 \u0161\u012f sezon\u0105 pasirod\u0117 startin\u0117je sud\u0117tyje ir pasi\u017eym\u0117jo \u012fvar\u010diu \u2013 nors u\u017e j\u012f visus nuopelnus paskyr\u0117 komandos draugui.<\/p>\n<p>\u201eStengiausi kiek gal\u0117jau, neda\u017enai tenka \u017eaisti startin\u0117je sud\u0117tyje. D\u017eiugu, kad laim\u0117jome. D\u0117l \u012fvar\u010dio tiesiog pasisek\u0117, nes Francis sm\u016bgiavo ir kamuolys pataik\u0117 \u012f mane. Bet svarbiausia, kad trys ta\u0161kai, nesvarbu kas \u012fmu\u0161\u0117, kas praleido\u201c, &#8211; kalb\u0117jo futbolininkas.<\/p>\n<p>\u0160\u012f sezon\u0105 \u017ealgirie\u010diai visus penkis kartus \u012fveik\u0117 \u201eRiteri\u0173\u201c komand\u0105. \u201eU\u017e kiekvienas rungtynes duodami trys ta\u0161kai, nesvarbu prie\u0161 k\u0105 \u017eaid\u017eiame. Bet dvikova su \u201eRiteriais\u201c principin\u0117. \u0160iemet tikrai \u012frod\u0117me kad esame stipresni\u201c, &#8211; kalb\u0117jo \u017ealgirietis.<\/p>\n<p>Po ilgesn\u0117s pertraukos \u010dempionato rungtyni\u0173 protokole buvo ir Ovidijaus Verbicko pavard\u0117. Pasak V. \u010ceburino, saugas dar n\u0117ra pasiruo\u0161\u0119s \u0161imtu procent\u0173, bet arti to.<\/p>\n<p>\u201eNesiskubiname, jis treniruojasi su visa grupe. Jis atlieka veiksmus su visa komanda. Tai labai d\u017eiugina. Jis ir pra\u0117jusiose rungtyn\u0117se jau buvo parai\u0161koje. Ta\u010diau neskubiname jo leisti \u012f aik\u0161t\u0119\u201c, &#8211; sak\u0117 treneris.<\/p>\n<p>Po gana intensyvaus periodo \u017ealgirie\u010diai tur\u0117s tris dienas poilsio.<\/p>\n<p>\u201eGerai, kad dabar bus pertrauka. I\u0161einame \u012f j\u0105 su gera nuotaika. Dabar reikia pails\u0117ti, persikrauti. Padaryti i\u0161vadas. Apie b\u016bsimus var\u017eovus ir savo \u017eaidim\u0105. Po to ties tuo padirb\u0117ti. Komanda kelias dienas pails\u0117s, po to renkam\u0117s ir ruo\u0161im\u0117s toliau. Laukia labai sunkus grafikas\u201c, &#8211; pa\u017eym\u0117jo V. \u010ceburinas.<\/p>\n<p>\u201eNuovargis tikrai buvo jau\u010diamas. Treneris steng\u0117si rotuoti, bet susikaup\u0117 daug rungtyni\u0173. Kas daugiausiai \u017eaid\u0117 tikrai labiausiai lauk\u0117 \u0161i\u0173 poilsio dien\u0173\u201c, &#8211; atskleid\u0117 D. Kazlauskas.<\/p>\n<p>\u0160i\u0105 savait\u0119 rungtyniaus nacionalin\u0117s rinktin\u0117s, o \u201e\u017dalgiris\u201c kitas rungtynes \u017eais kiek daugiau nei u\u017e savait\u0117s, rugs\u0117jo 27 d. prie\u0161 \u201eS\u016bduv\u0105\u201c.<\/p>\n","protected":false},"excerpt":{"rendered":"<p>\u201e\u017dalgirio\u201c treneris Vladimiras \u010ceburinas po pergal\u0117s prie\u0161 \u201eRiterius\u201c d\u0117kojo aistruoliams u\u017e palaikym\u0105 sunkesniu periodu, o Donatas Kazlauskas pripa\u017eino, kad antrasis k\u0117linys buvo \u012ftemptas. \u201e\u017dalgiris\u201c po\u2026<\/p>\n","protected":false},"author":4,"featured_media":0,"comment_status":"closed","ping_status":"closed","sticky":false,"template":"","format":"standard","meta":{"_acf_changed":false,"footnotes":""},"categories":[87],"class_list":["post-10351","post","type-post","status-publish","format-standard","hentry","category-zalgiris"],"acf":[],"yoast_head":"<!-- This site is optimized with the Yoast SEO plugin v26.8 - https:\/\/yoast.com\/product\/yoast-seo-wordpress\/ -->\n<title>V. \u010ceburinas: \u201e\u012e pertrauk\u0105 i\u0161einame su gera nuotaika\u201c - FK \u017dalgiris<\/title>\n<meta name=\"robots\" content=\"index, follow, max-snippet:-1, max-image-preview:large, max-video-preview:-1\" \/>\n<link rel=\"canonical\" href=\"https:\/\/fkzalgiris.lt\/v-ceburinas-i-pertrauka-iseiname-su-gera-nuotaika\/\" \/>\n<meta property=\"og:locale\" content=\"lt_LT\" \/>\n<meta property=\"og:type\" content=\"article\" \/>\n<meta property=\"og:title\" content=\"V. \u010ceburinas: \u201e\u012e pertrauk\u0105 i\u0161einame su gera nuotaika\u201c - FK \u017dalgiris\" \/>\n<meta property=\"og:description\" content=\"\u201e\u017dalgirio\u201c treneris Vladimiras \u010ceburinas po pergal\u0117s prie\u0161 \u201eRiterius\u201c d\u0117kojo aistruoliams u\u017e palaikym\u0105 sunkesniu periodu, o Donatas Kazlauskas pripa\u017eino, kad antrasis k\u0117linys buvo \u012ftemptas. \u201e\u017dalgiris\u201c po\u2026\" \/>\n<meta property=\"og:url\" content=\"https:\/\/fkzalgiris.lt\/v-ceburinas-i-pertrauka-iseiname-su-gera-nuotaika\/\" \/>\n<meta property=\"og:site_name\" content=\"FK \u017dalgiris\" \/>\n<meta property=\"article:publisher\" content=\"https:\/\/www.facebook.com\/fkzalgiris\/\" \/>\n<meta property=\"article:published_time\" content=\"2022-09-19T09:27:29+00:00\" \/>\n<meta property=\"og:image\" content=\"https:\/\/fkzalgiris.lt\/wp-content\/uploads\/2024\/02\/social-horiz_Zalgiris_logo_2024.png\" \/>\n\t<meta property=\"og:image:width\" content=\"3356\" \/>\n\t<meta property=\"og:image:height\" content=\"2259\" \/>\n\t<meta property=\"og:image:type\" content=\"image\/png\" \/>\n<meta name=\"author\" content=\"J\" \/>\n<meta name=\"twitter:card\" content=\"summary_large_image\" \/>\n<meta name=\"twitter:creator\" content=\"@fkzalgiris\" \/>\n<meta name=\"twitter:site\" content=\"@fkzalgiris\" \/>\n<meta name=\"twitter:label1\" content=\"Written by\" \/>\n\t<meta name=\"twitter:data1\" content=\"J\" \/>\n\t<meta name=\"twitter:label2\" content=\"Est. reading time\" \/>\n\t<meta name=\"twitter:data2\" content=\"3 minut\u0117s\" \/>\n<script type=\"application\/ld+json\" class=\"yoast-schema-graph\">{\"@context\":\"https:\/\/schema.org\",\"@graph\":[{\"@type\":\"Article\",\"@id\":\"https:\/\/fkzalgiris.lt\/v-ceburinas-i-pertrauka-iseiname-su-gera-nuotaika\/#article\",\"isPartOf\":{\"@id\":\"https:\/\/fkzalgiris.lt\/v-ceburinas-i-pertrauka-iseiname-su-gera-nuotaika\/\"},\"author\":{\"name\":\"J\",\"@id\":\"https:\/\/fkzalgiris.lt\/#\/schema\/person\/8604babbba794a7d8767be324a3eaac8\"},\"headline\":\"V. \u010ceburinas: \u201e\u012e pertrauk\u0105 i\u0161einame su gera nuotaika\u201c\",\"datePublished\":\"2022-09-19T09:27:29+00:00\",\"mainEntityOfPage\":{\"@id\":\"https:\/\/fkzalgiris.lt\/v-ceburinas-i-pertrauka-iseiname-su-gera-nuotaika\/\"},\"wordCount\":507,\"publisher\":{\"@id\":\"https:\/\/fkzalgiris.lt\/#organization\"},\"articleSection\":[\"\u017dalgiris\"],\"inLanguage\":\"lt-LT\"},{\"@type\":\"WebPage\",\"@id\":\"https:\/\/fkzalgiris.lt\/v-ceburinas-i-pertrauka-iseiname-su-gera-nuotaika\/\",\"url\":\"https:\/\/fkzalgiris.lt\/v-ceburinas-i-pertrauka-iseiname-su-gera-nuotaika\/\",\"name\":\"V. \u010ceburinas: \u201e\u012e pertrauk\u0105 i\u0161einame su gera nuotaika\u201c - FK \u017dalgiris\",\"isPartOf\":{\"@id\":\"https:\/\/fkzalgiris.lt\/#website\"},\"datePublished\":\"2022-09-19T09:27:29+00:00\",\"breadcrumb\":{\"@id\":\"https:\/\/fkzalgiris.lt\/v-ceburinas-i-pertrauka-iseiname-su-gera-nuotaika\/#breadcrumb\"},\"inLanguage\":\"lt-LT\",\"potentialAction\":[{\"@type\":\"ReadAction\",\"target\":[\"https:\/\/fkzalgiris.lt\/v-ceburinas-i-pertrauka-iseiname-su-gera-nuotaika\/\"]}]},{\"@type\":\"BreadcrumbList\",\"@id\":\"https:\/\/fkzalgiris.lt\/v-ceburinas-i-pertrauka-iseiname-su-gera-nuotaika\/#breadcrumb\",\"itemListElement\":[{\"@type\":\"ListItem\",\"position\":1,\"name\":\"Home\",\"item\":\"https:\/\/fkzalgiris.lt\/\"},{\"@type\":\"ListItem\",\"position\":2,\"name\":\"V. \u010ceburinas: \u201e\u012e pertrauk\u0105 i\u0161einame su gera nuotaika\u201c\"}]},{\"@type\":\"WebSite\",\"@id\":\"https:\/\/fkzalgiris.lt\/#website\",\"url\":\"https:\/\/fkzalgiris.lt\/\",\"name\":\"FK \u017dalgiris\",\"description\":\"oficiali Vilniaus \u201e\u017dalgirio\u201c futbolo klubo svetain\u0117\",\"publisher\":{\"@id\":\"https:\/\/fkzalgiris.lt\/#organization\"},\"potentialAction\":[{\"@type\":\"SearchAction\",\"target\":{\"@type\":\"EntryPoint\",\"urlTemplate\":\"https:\/\/fkzalgiris.lt\/?s={search_term_string}\"},\"query-input\":{\"@type\":\"PropertyValueSpecification\",\"valueRequired\":true,\"valueName\":\"search_term_string\"}}],\"inLanguage\":\"lt-LT\"},{\"@type\":\"Organization\",\"@id\":\"https:\/\/fkzalgiris.lt\/#organization\",\"name\":\"FK \u017dalgiris\",\"url\":\"https:\/\/fkzalgiris.lt\/\",\"logo\":{\"@type\":\"ImageObject\",\"inLanguage\":\"lt-LT\",\"@id\":\"https:\/\/fkzalgiris.lt\/#\/schema\/logo\/image\/\",\"url\":\"https:\/\/fkzalgiris.lt\/wp-content\/uploads\/2024\/01\/horiz-FK-Zalgiris-logo-2015.png\",\"contentUrl\":\"https:\/\/fkzalgiris.lt\/wp-content\/uploads\/2024\/01\/horiz-FK-Zalgiris-logo-2015.png\",\"width\":3073,\"height\":2048,\"caption\":\"FK \u017dalgiris\"},\"image\":{\"@id\":\"https:\/\/fkzalgiris.lt\/#\/schema\/logo\/image\/\"},\"sameAs\":[\"https:\/\/www.facebook.com\/fkzalgiris\/\",\"https:\/\/x.com\/fkzalgiris\",\"https:\/\/www.instagram.com\/fkzalgiris\/\",\"https:\/\/www.youtube.com\/channel\/UC1ag8JLxGirltMUoLlzfZLA\"]},{\"@type\":\"Person\",\"@id\":\"https:\/\/fkzalgiris.lt\/#\/schema\/person\/8604babbba794a7d8767be324a3eaac8\",\"name\":\"J\"}]}<\/script>\n<!-- \/ Yoast SEO plugin. -->","yoast_head_json":{"title":"V. \u010ceburinas: \u201e\u012e pertrauk\u0105 i\u0161einame su gera nuotaika\u201c - FK \u017dalgiris","robots":{"index":"index","follow":"follow","max-snippet":"max-snippet:-1","max-image-preview":"max-image-preview:large","max-video-preview":"max-video-preview:-1"},"canonical":"https:\/\/fkzalgiris.lt\/v-ceburinas-i-pertrauka-iseiname-su-gera-nuotaika\/","og_locale":"lt_LT","og_type":"article","og_title":"V. \u010ceburinas: \u201e\u012e pertrauk\u0105 i\u0161einame su gera nuotaika\u201c - FK \u017dalgiris","og_description":"\u201e\u017dalgirio\u201c treneris Vladimiras \u010ceburinas po pergal\u0117s prie\u0161 \u201eRiterius\u201c d\u0117kojo aistruoliams u\u017e palaikym\u0105 sunkesniu periodu, o Donatas Kazlauskas pripa\u017eino, kad antrasis k\u0117linys buvo \u012ftemptas. \u201e\u017dalgiris\u201c po\u2026","og_url":"https:\/\/fkzalgiris.lt\/v-ceburinas-i-pertrauka-iseiname-su-gera-nuotaika\/","og_site_name":"FK \u017dalgiris","article_publisher":"https:\/\/www.facebook.com\/fkzalgiris\/","article_published_time":"2022-09-19T09:27:29+00:00","og_image":[{"width":3356,"height":2259,"url":"https:\/\/fkzalgiris.lt\/wp-content\/uploads\/2024\/02\/social-horiz_Zalgiris_logo_2024.png","type":"image\/png"}],"author":"J","twitter_card":"summary_large_image","twitter_creator":"@fkzalgiris","twitter_site":"@fkzalgiris","twitter_misc":{"Written by":"J","Est. reading time":"3 minut\u0117s"},"schema":{"@context":"https:\/\/schema.org","@graph":[{"@type":"Article","@id":"https:\/\/fkzalgiris.lt\/v-ceburinas-i-pertrauka-iseiname-su-gera-nuotaika\/#article","isPartOf":{"@id":"https:\/\/fkzalgiris.lt\/v-ceburinas-i-pertrauka-iseiname-su-gera-nuotaika\/"},"author":{"name":"J","@id":"https:\/\/fkzalgiris.lt\/#\/schema\/person\/8604babbba794a7d8767be324a3eaac8"},"headline":"V. \u010ceburinas: \u201e\u012e pertrauk\u0105 i\u0161einame su gera nuotaika\u201c","datePublished":"2022-09-19T09:27:29+00:00","mainEntityOfPage":{"@id":"https:\/\/fkzalgiris.lt\/v-ceburinas-i-pertrauka-iseiname-su-gera-nuotaika\/"},"wordCount":507,"publisher":{"@id":"https:\/\/fkzalgiris.lt\/#organization"},"articleSection":["\u017dalgiris"],"inLanguage":"lt-LT"},{"@type":"WebPage","@id":"https:\/\/fkzalgiris.lt\/v-ceburinas-i-pertrauka-iseiname-su-gera-nuotaika\/","url":"https:\/\/fkzalgiris.lt\/v-ceburinas-i-pertrauka-iseiname-su-gera-nuotaika\/","name":"V. \u010ceburinas: \u201e\u012e pertrauk\u0105 i\u0161einame su gera nuotaika\u201c - FK \u017dalgiris","isPartOf":{"@id":"https:\/\/fkzalgiris.lt\/#website"},"datePublished":"2022-09-19T09:27:29+00:00","breadcrumb":{"@id":"https:\/\/fkzalgiris.lt\/v-ceburinas-i-pertrauka-iseiname-su-gera-nuotaika\/#breadcrumb"},"inLanguage":"lt-LT","potentialAction":[{"@type":"ReadAction","target":["https:\/\/fkzalgiris.lt\/v-ceburinas-i-pertrauka-iseiname-su-gera-nuotaika\/"]}]},{"@type":"BreadcrumbList","@id":"https:\/\/fkzalgiris.lt\/v-ceburinas-i-pertrauka-iseiname-su-gera-nuotaika\/#breadcrumb","itemListElement":[{"@type":"ListItem","position":1,"name":"Home","item":"https:\/\/fkzalgiris.lt\/"},{"@type":"ListItem","position":2,"name":"V. \u010ceburinas: \u201e\u012e pertrauk\u0105 i\u0161einame su gera nuotaika\u201c"}]},{"@type":"WebSite","@id":"https:\/\/fkzalgiris.lt\/#website","url":"https:\/\/fkzalgiris.lt\/","name":"FK \u017dalgiris","description":"oficiali Vilniaus \u201e\u017dalgirio\u201c futbolo klubo svetain\u0117","publisher":{"@id":"https:\/\/fkzalgiris.lt\/#organization"},"potentialAction":[{"@type":"SearchAction","target":{"@type":"EntryPoint","urlTemplate":"https:\/\/fkzalgiris.lt\/?s={search_term_string}"},"query-input":{"@type":"PropertyValueSpecification","valueRequired":true,"valueName":"search_term_string"}}],"inLanguage":"lt-LT"},{"@type":"Organization","@id":"https:\/\/fkzalgiris.lt\/#organization","name":"FK \u017dalgiris","url":"https:\/\/fkzalgiris.lt\/","logo":{"@type":"ImageObject","inLanguage":"lt-LT","@id":"https:\/\/fkzalgiris.lt\/#\/schema\/logo\/image\/","url":"https:\/\/fkzalgiris.lt\/wp-content\/uploads\/2024\/01\/horiz-FK-Zalgiris-logo-2015.png","contentUrl":"https:\/\/fkzalgiris.lt\/wp-content\/uploads\/2024\/01\/horiz-FK-Zalgiris-logo-2015.png","width":3073,"height":2048,"caption":"FK \u017dalgiris"},"image":{"@id":"https:\/\/fkzalgiris.lt\/#\/schema\/logo\/image\/"},"sameAs":["https:\/\/www.facebook.com\/fkzalgiris\/","https:\/\/x.com\/fkzalgiris","https:\/\/www.instagram.com\/fkzalgiris\/","https:\/\/www.youtube.com\/channel\/UC1ag8JLxGirltMUoLlzfZLA"]},{"@type":"Person","@id":"https:\/\/fkzalgiris.lt\/#\/schema\/person\/8604babbba794a7d8767be324a3eaac8","name":"J"}]}},"_links":{"self":[{"href":"https:\/\/fkzalgiris.lt\/api\/wp\/v2\/posts\/10351","targetHints":{"allow":["GET"]}}],"collection":[{"href":"https:\/\/fkzalgiris.lt\/api\/wp\/v2\/posts"}],"about":[{"href":"https:\/\/fkzalgiris.lt\/api\/wp\/v2\/types\/post"}],"author":[{"embeddable":true,"href":"https:\/\/fkzalgiris.lt\/api\/wp\/v2\/users\/4"}],"replies":[{"embeddable":true,"href":"https:\/\/fkzalgiris.lt\/api\/wp\/v2\/comments?post=10351"}],"version-history":[{"count":4,"href":"https:\/\/fkzalgiris.lt\/api\/wp\/v2\/posts\/10351\/revisions"}],"predecessor-version":[{"id":10356,"href":"https:\/\/fkzalgiris.lt\/api\/wp\/v2\/posts\/10351\/revisions\/10356"}],"wp:attachment":[{"href":"https:\/\/fkzalgiris.lt\/api\/wp\/v2\/media?parent=10351"}],"wp:term":[{"taxonomy":"category","embeddable":true,"href":"https:\/\/fkzalgiris.lt\/api\/wp\/v2\/categories?post=10351"}],"curies":[{"name":"wp","href":"https:\/\/api.w.org\/{rel}","templated":true}]}}