{"id":10312,"date":"2022-09-15T00:21:13","date_gmt":"2022-09-14T21:21:13","guid":{"rendered":"https:\/\/fkzalgiris.lt\/?p=10312"},"modified":"2022-09-15T00:22:22","modified_gmt":"2022-09-14T21:22:22","slug":"uefa-jaunimo-lygoje-pirmoji-istorijoje-lietuviu-pergale","status":"publish","type":"post","link":"https:\/\/fkzalgiris.lt\/uefa-jaunimo-lygoje-pirmoji-istorijoje-lietuviu-pergale\/","title":{"rendered":"UEFA Jaunimo lygoje \u017ealgirie\u010diai i\u0161kovojo pirm\u0105j\u0105 lietuvi\u0173 pergal\u0119"},"content":{"rendered":"<p>\u201e\u017dalgirio\u201c jaunimo (U-19) komanda i\u0161kovojo pirm\u0105j\u012f savo ir Lietuvos laim\u0117jim\u0105 UEFA Jaunimo lygoje. Pirmojo etapo pirmose rungtyn\u0117se rungtyn\u0117se Alytuje 2:1 \u012fveikta Slovakijos jaunimo \u010dempion\u0117 \u201eTren\u010din\u201c ekipa. \u017dalgirie\u010diams pergal\u0119 nul\u0117m\u0117 Kajaus Bi\u010dkos ir Romualdo Jansono tiksl\u016bs sm\u016bgiai.<\/p>\n<p>UEFA Jaunimo lygoje rungtyniauja U-19 am\u017eiaus grup\u0117s \u017eaid\u0117jai i\u0161 klub\u0173 akademij\u0173. \u0160alies jaunimo \u010dempionas \u201e\u017dalgiris\u201c turnyre dalyvauja antr\u0105 kart\u0105.<\/p>\n<p>Dvikovos prad\u017eioje komandos rungtyniavo apylygiai, ta\u010diau 10 min. po perdavimo i\u0161 kra\u0161to kamuolys baudos aik\u0161tel\u0117je pataik\u0117 \u012f gyn\u0117jo rank\u0105 ir buvo skirtas baudinys \u012f m\u016bsi\u0161ki\u0173 vartus. J\u012f var\u017eov\u0173 kapitonas realizavo \u0161altakrauji\u0161kai<\/p>\n<p>V\u0117liau lietuviai \u012fsidrasino. Arti tikslo buvo Dariu\u0161as Stankevi\u010diaus, ta\u010diau po baudos sm\u016bgio jo mu\u0161tas kamuolys liet\u0117 virpst\u0105.<\/p>\n<p>18 min. pavyko rezultat\u0105 i\u0161lyginti. Po Romualdo Jansono prasiver\u017eimo \u00a0kairiuoju kra\u0161tu ir perdavimo \u012f vidur\u012f i\u0161 13 metr\u0173 gra\u017eiu sm\u016bgiu \u012f vir\u0161utin\u012f kamp\u0105 pasi\u017eym\u0117jo Kajus Bi\u010dka.<\/p>\n<p>Pirmojo k\u0117linio pabaigoje \u017ealgirie\u010diai tur\u0117jo i\u0161siver\u017eti \u012f priek\u012f, bet gav\u0119s kamuol\u012f 10 metr\u0173 prie\u0161 vartus Faustas Mendelis sm\u016bgiavo vir\u0161 skersinio.<\/p>\n<p>Visgi antr\u0105 \u012fvart\u012f pavyko \u012fmu\u0161ti antro k\u0117linio prad\u017eioje. 52 min. Martynas \u0160etkus u\u017edirbo baudos sm\u016bg\u012f de\u0161iniajame kra\u0161te ir po Kajaus Bi\u010dkos perdavimo galva tiksliai sm\u016bgiavo R. Jansonas.<\/p>\n<p>Netrukus var\u017eovai gal\u0117jo i\u0161lyginti rezultat\u0105, laimei po var\u017eov\u0173 sm\u016bgio \u00a0i\u0161 baudos aik\u0161tel\u0117s kamuolys pataik\u0117 \u012f virpst\u0105. Kart\u0105 \u201eTren\u010din\u201c pavojingai atakavo po kampinio.<\/p>\n<p>Arti savo antrojo \u012fvar\u010dio buvo ir K. Bi\u010dka. 72 min jo sm\u016bg\u012f i\u0161 16 metr\u0173 atr\u0117m\u0117 vartininkas, o 74 min. po stipraus sm\u016bgio i\u0161 kairio kra\u0161to kamuolys sudrebino vart\u0173 konstrukcij\u0105.<\/p>\n<p>Rungtyni\u0173 pabaigoje \u017ealgirie\u010diai su\u017eaid\u0117 gynyboje u\u017etikrintai ir i\u0161kovojo pergal\u0119.<\/p>\n<p>\u201e\u017dinoma smagu, pergal\u0117 tarptautin\u0117je arenoje gerai nuteikia. Steb\u0117j\u0119 rungtynes pa\u017eym\u0117jo m\u016bsi\u0161ki\u0173 kovingum\u0105. Tarptautini\u0173 rungtyni\u0173 impulsas buvo didelis, visi buvo u\u017esived\u0119, r\u016bbin\u0117je u\u017ek\u0117leme emocij\u0105 iki maksimumo. Ta\u010diau parod\u0117me, kad mokame ne tik kovoti, bet ir \u017eaisti. \u012evar\u010diai gra\u017e\u016bs, tur\u0117jome prog\u0173 \u012fmu\u0161ti ir dar. Apmaudu d\u0117l t\u0173 nerealizuot\u0173 prog\u0173, &#8211; komentavo \u201e\u017dalgirio\u201c treneris \u017dydr\u016bnas Grudzinskas \u2013 Buvo \u017eaid\u0117j\u0173, parod\u017eiusi\u0173 vali\u0105 ir \u017eaidusi\u0173 po ligos. Buvo ir drausm\u0117, ir disciplina \u2013 tai, k\u0105 suplanavome nepaisant rezultato. Pergal\u0117 svarbi visais aspektais, bet dar laukia sunkios atsakomosios rungtyn\u0117s.\u201c<\/p>\n<p>Atsakomosios rungtyn\u0117s numatytos spalio 5 d. Slovakijoje. Poros nugal\u0117tojas kitame etape grei\u010diausiai \u017eais prie\u0161 At\u0117n\u0173 \u201ePanathinaikos\u201c jaunim\u0105, kuris namuose net 8:0 sutriu\u0161kino Sofijos \u201eSlavia\u201c ekip\u0105.<\/p>\n","protected":false},"excerpt":{"rendered":"<p>\u201e\u017dalgirio\u201c jaunimo (U-19) komanda i\u0161kovojo pirm\u0105j\u012f savo ir Lietuvos laim\u0117jim\u0105 UEFA Jaunimo lygoje. Pirmojo etapo pirmose rungtyn\u0117se rungtyn\u0117se Alytuje 2:1 \u012fveikta Slovakijos jaunimo \u010dempion\u0117 \u201eTren\u010din\u201c\u2026<\/p>\n","protected":false},"author":4,"featured_media":0,"comment_status":"closed","ping_status":"closed","sticky":false,"template":"","format":"standard","meta":{"_acf_changed":false,"footnotes":""},"categories":[87],"class_list":["post-10312","post","type-post","status-publish","format-standard","hentry","category-zalgiris"],"acf":[],"yoast_head":"<!-- This site is optimized with the Yoast SEO plugin v26.8 - https:\/\/yoast.com\/product\/yoast-seo-wordpress\/ -->\n<title>UEFA Jaunimo lygoje \u017ealgirie\u010diai i\u0161kovojo pirm\u0105j\u0105 lietuvi\u0173 pergal\u0119 - FK \u017dalgiris<\/title>\n<meta name=\"robots\" content=\"index, follow, max-snippet:-1, max-image-preview:large, max-video-preview:-1\" \/>\n<link rel=\"canonical\" href=\"https:\/\/fkzalgiris.lt\/uefa-jaunimo-lygoje-pirmoji-istorijoje-lietuviu-pergale\/\" \/>\n<meta property=\"og:locale\" content=\"lt_LT\" \/>\n<meta property=\"og:type\" content=\"article\" \/>\n<meta property=\"og:title\" content=\"UEFA Jaunimo lygoje \u017ealgirie\u010diai i\u0161kovojo pirm\u0105j\u0105 lietuvi\u0173 pergal\u0119 - FK \u017dalgiris\" \/>\n<meta property=\"og:description\" content=\"\u201e\u017dalgirio\u201c jaunimo (U-19) komanda i\u0161kovojo pirm\u0105j\u012f savo ir Lietuvos laim\u0117jim\u0105 UEFA Jaunimo lygoje. Pirmojo etapo pirmose rungtyn\u0117se rungtyn\u0117se Alytuje 2:1 \u012fveikta Slovakijos jaunimo \u010dempion\u0117 \u201eTren\u010din\u201c\u2026\" \/>\n<meta property=\"og:url\" content=\"https:\/\/fkzalgiris.lt\/uefa-jaunimo-lygoje-pirmoji-istorijoje-lietuviu-pergale\/\" \/>\n<meta property=\"og:site_name\" content=\"FK \u017dalgiris\" \/>\n<meta property=\"article:publisher\" content=\"https:\/\/www.facebook.com\/fkzalgiris\/\" \/>\n<meta property=\"article:published_time\" content=\"2022-09-14T21:21:13+00:00\" \/>\n<meta property=\"article:modified_time\" content=\"2022-09-14T21:22:22+00:00\" \/>\n<meta property=\"og:image\" content=\"https:\/\/fkzalgiris.lt\/wp-content\/uploads\/2024\/02\/social-horiz_Zalgiris_logo_2024.png\" \/>\n\t<meta property=\"og:image:width\" content=\"3356\" \/>\n\t<meta property=\"og:image:height\" content=\"2259\" \/>\n\t<meta property=\"og:image:type\" content=\"image\/png\" \/>\n<meta name=\"author\" content=\"J\" \/>\n<meta name=\"twitter:card\" content=\"summary_large_image\" \/>\n<meta name=\"twitter:creator\" content=\"@fkzalgiris\" \/>\n<meta name=\"twitter:site\" content=\"@fkzalgiris\" \/>\n<meta name=\"twitter:label1\" content=\"Written by\" \/>\n\t<meta name=\"twitter:data1\" content=\"J\" \/>\n\t<meta name=\"twitter:label2\" content=\"Est. reading time\" \/>\n\t<meta name=\"twitter:data2\" content=\"2 minut\u0117s\" \/>\n<script type=\"application\/ld+json\" class=\"yoast-schema-graph\">{\"@context\":\"https:\/\/schema.org\",\"@graph\":[{\"@type\":\"Article\",\"@id\":\"https:\/\/fkzalgiris.lt\/uefa-jaunimo-lygoje-pirmoji-istorijoje-lietuviu-pergale\/#article\",\"isPartOf\":{\"@id\":\"https:\/\/fkzalgiris.lt\/uefa-jaunimo-lygoje-pirmoji-istorijoje-lietuviu-pergale\/\"},\"author\":{\"name\":\"J\",\"@id\":\"https:\/\/fkzalgiris.lt\/#\/schema\/person\/8604babbba794a7d8767be324a3eaac8\"},\"headline\":\"UEFA Jaunimo lygoje \u017ealgirie\u010diai i\u0161kovojo pirm\u0105j\u0105 lietuvi\u0173 pergal\u0119\",\"datePublished\":\"2022-09-14T21:21:13+00:00\",\"dateModified\":\"2022-09-14T21:22:22+00:00\",\"mainEntityOfPage\":{\"@id\":\"https:\/\/fkzalgiris.lt\/uefa-jaunimo-lygoje-pirmoji-istorijoje-lietuviu-pergale\/\"},\"wordCount\":437,\"publisher\":{\"@id\":\"https:\/\/fkzalgiris.lt\/#organization\"},\"articleSection\":[\"\u017dalgiris\"],\"inLanguage\":\"lt-LT\"},{\"@type\":\"WebPage\",\"@id\":\"https:\/\/fkzalgiris.lt\/uefa-jaunimo-lygoje-pirmoji-istorijoje-lietuviu-pergale\/\",\"url\":\"https:\/\/fkzalgiris.lt\/uefa-jaunimo-lygoje-pirmoji-istorijoje-lietuviu-pergale\/\",\"name\":\"UEFA Jaunimo lygoje \u017ealgirie\u010diai i\u0161kovojo pirm\u0105j\u0105 lietuvi\u0173 pergal\u0119 - FK \u017dalgiris\",\"isPartOf\":{\"@id\":\"https:\/\/fkzalgiris.lt\/#website\"},\"datePublished\":\"2022-09-14T21:21:13+00:00\",\"dateModified\":\"2022-09-14T21:22:22+00:00\",\"breadcrumb\":{\"@id\":\"https:\/\/fkzalgiris.lt\/uefa-jaunimo-lygoje-pirmoji-istorijoje-lietuviu-pergale\/#breadcrumb\"},\"inLanguage\":\"lt-LT\",\"potentialAction\":[{\"@type\":\"ReadAction\",\"target\":[\"https:\/\/fkzalgiris.lt\/uefa-jaunimo-lygoje-pirmoji-istorijoje-lietuviu-pergale\/\"]}]},{\"@type\":\"BreadcrumbList\",\"@id\":\"https:\/\/fkzalgiris.lt\/uefa-jaunimo-lygoje-pirmoji-istorijoje-lietuviu-pergale\/#breadcrumb\",\"itemListElement\":[{\"@type\":\"ListItem\",\"position\":1,\"name\":\"Home\",\"item\":\"https:\/\/fkzalgiris.lt\/\"},{\"@type\":\"ListItem\",\"position\":2,\"name\":\"UEFA Jaunimo lygoje \u017ealgirie\u010diai i\u0161kovojo pirm\u0105j\u0105 lietuvi\u0173 pergal\u0119\"}]},{\"@type\":\"WebSite\",\"@id\":\"https:\/\/fkzalgiris.lt\/#website\",\"url\":\"https:\/\/fkzalgiris.lt\/\",\"name\":\"FK \u017dalgiris\",\"description\":\"oficiali Vilniaus \u201e\u017dalgirio\u201c futbolo klubo svetain\u0117\",\"publisher\":{\"@id\":\"https:\/\/fkzalgiris.lt\/#organization\"},\"potentialAction\":[{\"@type\":\"SearchAction\",\"target\":{\"@type\":\"EntryPoint\",\"urlTemplate\":\"https:\/\/fkzalgiris.lt\/?s={search_term_string}\"},\"query-input\":{\"@type\":\"PropertyValueSpecification\",\"valueRequired\":true,\"valueName\":\"search_term_string\"}}],\"inLanguage\":\"lt-LT\"},{\"@type\":\"Organization\",\"@id\":\"https:\/\/fkzalgiris.lt\/#organization\",\"name\":\"FK \u017dalgiris\",\"url\":\"https:\/\/fkzalgiris.lt\/\",\"logo\":{\"@type\":\"ImageObject\",\"inLanguage\":\"lt-LT\",\"@id\":\"https:\/\/fkzalgiris.lt\/#\/schema\/logo\/image\/\",\"url\":\"https:\/\/fkzalgiris.lt\/wp-content\/uploads\/2024\/01\/horiz-FK-Zalgiris-logo-2015.png\",\"contentUrl\":\"https:\/\/fkzalgiris.lt\/wp-content\/uploads\/2024\/01\/horiz-FK-Zalgiris-logo-2015.png\",\"width\":3073,\"height\":2048,\"caption\":\"FK \u017dalgiris\"},\"image\":{\"@id\":\"https:\/\/fkzalgiris.lt\/#\/schema\/logo\/image\/\"},\"sameAs\":[\"https:\/\/www.facebook.com\/fkzalgiris\/\",\"https:\/\/x.com\/fkzalgiris\",\"https:\/\/www.instagram.com\/fkzalgiris\/\",\"https:\/\/www.youtube.com\/channel\/UC1ag8JLxGirltMUoLlzfZLA\"]},{\"@type\":\"Person\",\"@id\":\"https:\/\/fkzalgiris.lt\/#\/schema\/person\/8604babbba794a7d8767be324a3eaac8\",\"name\":\"J\"}]}<\/script>\n<!-- \/ Yoast SEO plugin. -->","yoast_head_json":{"title":"UEFA Jaunimo lygoje \u017ealgirie\u010diai i\u0161kovojo pirm\u0105j\u0105 lietuvi\u0173 pergal\u0119 - FK \u017dalgiris","robots":{"index":"index","follow":"follow","max-snippet":"max-snippet:-1","max-image-preview":"max-image-preview:large","max-video-preview":"max-video-preview:-1"},"canonical":"https:\/\/fkzalgiris.lt\/uefa-jaunimo-lygoje-pirmoji-istorijoje-lietuviu-pergale\/","og_locale":"lt_LT","og_type":"article","og_title":"UEFA Jaunimo lygoje \u017ealgirie\u010diai i\u0161kovojo pirm\u0105j\u0105 lietuvi\u0173 pergal\u0119 - FK \u017dalgiris","og_description":"\u201e\u017dalgirio\u201c jaunimo (U-19) komanda i\u0161kovojo pirm\u0105j\u012f savo ir Lietuvos laim\u0117jim\u0105 UEFA Jaunimo lygoje. Pirmojo etapo pirmose rungtyn\u0117se rungtyn\u0117se Alytuje 2:1 \u012fveikta Slovakijos jaunimo \u010dempion\u0117 \u201eTren\u010din\u201c\u2026","og_url":"https:\/\/fkzalgiris.lt\/uefa-jaunimo-lygoje-pirmoji-istorijoje-lietuviu-pergale\/","og_site_name":"FK \u017dalgiris","article_publisher":"https:\/\/www.facebook.com\/fkzalgiris\/","article_published_time":"2022-09-14T21:21:13+00:00","article_modified_time":"2022-09-14T21:22:22+00:00","og_image":[{"width":3356,"height":2259,"url":"https:\/\/fkzalgiris.lt\/wp-content\/uploads\/2024\/02\/social-horiz_Zalgiris_logo_2024.png","type":"image\/png"}],"author":"J","twitter_card":"summary_large_image","twitter_creator":"@fkzalgiris","twitter_site":"@fkzalgiris","twitter_misc":{"Written by":"J","Est. reading time":"2 minut\u0117s"},"schema":{"@context":"https:\/\/schema.org","@graph":[{"@type":"Article","@id":"https:\/\/fkzalgiris.lt\/uefa-jaunimo-lygoje-pirmoji-istorijoje-lietuviu-pergale\/#article","isPartOf":{"@id":"https:\/\/fkzalgiris.lt\/uefa-jaunimo-lygoje-pirmoji-istorijoje-lietuviu-pergale\/"},"author":{"name":"J","@id":"https:\/\/fkzalgiris.lt\/#\/schema\/person\/8604babbba794a7d8767be324a3eaac8"},"headline":"UEFA Jaunimo lygoje \u017ealgirie\u010diai i\u0161kovojo pirm\u0105j\u0105 lietuvi\u0173 pergal\u0119","datePublished":"2022-09-14T21:21:13+00:00","dateModified":"2022-09-14T21:22:22+00:00","mainEntityOfPage":{"@id":"https:\/\/fkzalgiris.lt\/uefa-jaunimo-lygoje-pirmoji-istorijoje-lietuviu-pergale\/"},"wordCount":437,"publisher":{"@id":"https:\/\/fkzalgiris.lt\/#organization"},"articleSection":["\u017dalgiris"],"inLanguage":"lt-LT"},{"@type":"WebPage","@id":"https:\/\/fkzalgiris.lt\/uefa-jaunimo-lygoje-pirmoji-istorijoje-lietuviu-pergale\/","url":"https:\/\/fkzalgiris.lt\/uefa-jaunimo-lygoje-pirmoji-istorijoje-lietuviu-pergale\/","name":"UEFA Jaunimo lygoje \u017ealgirie\u010diai i\u0161kovojo pirm\u0105j\u0105 lietuvi\u0173 pergal\u0119 - FK \u017dalgiris","isPartOf":{"@id":"https:\/\/fkzalgiris.lt\/#website"},"datePublished":"2022-09-14T21:21:13+00:00","dateModified":"2022-09-14T21:22:22+00:00","breadcrumb":{"@id":"https:\/\/fkzalgiris.lt\/uefa-jaunimo-lygoje-pirmoji-istorijoje-lietuviu-pergale\/#breadcrumb"},"inLanguage":"lt-LT","potentialAction":[{"@type":"ReadAction","target":["https:\/\/fkzalgiris.lt\/uefa-jaunimo-lygoje-pirmoji-istorijoje-lietuviu-pergale\/"]}]},{"@type":"BreadcrumbList","@id":"https:\/\/fkzalgiris.lt\/uefa-jaunimo-lygoje-pirmoji-istorijoje-lietuviu-pergale\/#breadcrumb","itemListElement":[{"@type":"ListItem","position":1,"name":"Home","item":"https:\/\/fkzalgiris.lt\/"},{"@type":"ListItem","position":2,"name":"UEFA Jaunimo lygoje \u017ealgirie\u010diai i\u0161kovojo pirm\u0105j\u0105 lietuvi\u0173 pergal\u0119"}]},{"@type":"WebSite","@id":"https:\/\/fkzalgiris.lt\/#website","url":"https:\/\/fkzalgiris.lt\/","name":"FK \u017dalgiris","description":"oficiali Vilniaus \u201e\u017dalgirio\u201c futbolo klubo svetain\u0117","publisher":{"@id":"https:\/\/fkzalgiris.lt\/#organization"},"potentialAction":[{"@type":"SearchAction","target":{"@type":"EntryPoint","urlTemplate":"https:\/\/fkzalgiris.lt\/?s={search_term_string}"},"query-input":{"@type":"PropertyValueSpecification","valueRequired":true,"valueName":"search_term_string"}}],"inLanguage":"lt-LT"},{"@type":"Organization","@id":"https:\/\/fkzalgiris.lt\/#organization","name":"FK \u017dalgiris","url":"https:\/\/fkzalgiris.lt\/","logo":{"@type":"ImageObject","inLanguage":"lt-LT","@id":"https:\/\/fkzalgiris.lt\/#\/schema\/logo\/image\/","url":"https:\/\/fkzalgiris.lt\/wp-content\/uploads\/2024\/01\/horiz-FK-Zalgiris-logo-2015.png","contentUrl":"https:\/\/fkzalgiris.lt\/wp-content\/uploads\/2024\/01\/horiz-FK-Zalgiris-logo-2015.png","width":3073,"height":2048,"caption":"FK \u017dalgiris"},"image":{"@id":"https:\/\/fkzalgiris.lt\/#\/schema\/logo\/image\/"},"sameAs":["https:\/\/www.facebook.com\/fkzalgiris\/","https:\/\/x.com\/fkzalgiris","https:\/\/www.instagram.com\/fkzalgiris\/","https:\/\/www.youtube.com\/channel\/UC1ag8JLxGirltMUoLlzfZLA"]},{"@type":"Person","@id":"https:\/\/fkzalgiris.lt\/#\/schema\/person\/8604babbba794a7d8767be324a3eaac8","name":"J"}]}},"_links":{"self":[{"href":"https:\/\/fkzalgiris.lt\/api\/wp\/v2\/posts\/10312","targetHints":{"allow":["GET"]}}],"collection":[{"href":"https:\/\/fkzalgiris.lt\/api\/wp\/v2\/posts"}],"about":[{"href":"https:\/\/fkzalgiris.lt\/api\/wp\/v2\/types\/post"}],"author":[{"embeddable":true,"href":"https:\/\/fkzalgiris.lt\/api\/wp\/v2\/users\/4"}],"replies":[{"embeddable":true,"href":"https:\/\/fkzalgiris.lt\/api\/wp\/v2\/comments?post=10312"}],"version-history":[{"count":3,"href":"https:\/\/fkzalgiris.lt\/api\/wp\/v2\/posts\/10312\/revisions"}],"predecessor-version":[{"id":10316,"href":"https:\/\/fkzalgiris.lt\/api\/wp\/v2\/posts\/10312\/revisions\/10316"}],"wp:attachment":[{"href":"https:\/\/fkzalgiris.lt\/api\/wp\/v2\/media?parent=10312"}],"wp:term":[{"taxonomy":"category","embeddable":true,"href":"https:\/\/fkzalgiris.lt\/api\/wp\/v2\/categories?post=10312"}],"curies":[{"name":"wp","href":"https:\/\/api.w.org\/{rel}","templated":true}]}}