{"id":10277,"date":"2022-09-11T17:23:11","date_gmt":"2022-09-11T14:23:11","guid":{"rendered":"https:\/\/fkzalgiris.lt\/?p=10277"},"modified":"2022-09-11T23:27:04","modified_gmt":"2022-09-11T20:27:04","slug":"kaune-per-lietu-du-velyvi-ivarciai-ir-dramatiska-pergale","status":"publish","type":"post","link":"https:\/\/fkzalgiris.lt\/kaune-per-lietu-du-velyvi-ivarciai-ir-dramatiska-pergale\/","title":{"rendered":"Kaune per liet\u0173 &#8211; du v\u0117lyvi \u012fvar\u010diai ir dramati\u0161ka pergal\u0117"},"content":{"rendered":"<p>Po sunkios kovos per liet\u0173 \u201e\u017dalgiris\u201c \u012fmu\u0161\u0117 du \u012fvar\u010dius rungtyni\u0173 pabaigoje ir 2:0 palau\u017e\u0117 \u201eKauno \u017dalgirio\u201c komand\u0105.<\/p>\n<p>Pergal\u0119 Lietuvos \u010dempionams nul\u0117m\u0117 Kipro Ka\u017eukolovo \u012fvartis 85 min. ir Renano Oliveiros tikslus sm\u016bgis per prid\u0117tin\u012f laik\u0105.<\/p>\n<p>\u201e\u017dalgirio\u201c sud\u0117tyje po rungtyni\u0173 Slovakijoje \u012fvyko \u0161e\u0161i pasikeitimai. Nuo prad\u017ei\u0173 rungtynes prad\u0117jo T. Duka, S. Mikoli\u016bnas, K. Ka\u017eukolovas, I. Tatomirovi\u010dius, G. Jarusevi\u010dius ir O. Buffas.<\/p>\n<p>Rungtynes \u017ealgirie\u010diai prad\u0117jo aktyviai. Var\u017eovai blokavo G. Jarusevi\u010diaus sm\u016bg\u012f baudos aik\u0161tel\u0117je, vartams grasino F. Kyeremeh, i\u0161 arti \u0161alia vart\u0173 mu\u0161\u0117 I. Tatomirovi\u010dius. V\u0117liau vartininkas atr\u0117m\u0117 P. Mami\u010diaus baudos sm\u016bg\u012f.<\/p>\n<p>Antroje k\u0117linio pus\u0117je atakoje rim\u010diau prad\u0117jo grasinti ir \u0161eimininkai. I\u0161 toli \u0161alia vart\u0173 sm\u016bgiavo M. Anaba. \u201e\u017dalgiris\u201c atsak\u0117 M. Mili\u010dkovi\u010diaus tolimu sm\u016bgiu.<\/p>\n<p>Geriausi\u0105 \u0161ans\u0105 var\u017eovai tur\u0117jo k\u0117linio pabaigoje kai po J. Noslino sm\u016bgio kamuolys pataik\u0117 \u012f skersin\u012f.<\/p>\n<p>47 min. i\u0161 toli \u0161alia vart\u0173 mu\u0161\u0117 F. Kyeremeh. Po minut\u0117s jau atakavo \u0161eimininkai ir \u0161\u012f kart\u0105 po D. Naah bandymo kamuolys sudrebino skersin\u012f.<\/p>\n<p>Antrajame k\u0117linyje var\u017eovai reng\u0117 pavojingas kontratakas, kurios pora kart\u0173 buvo itin pavojingas, bet pavykdavo paskutin\u0119 akimirk\u0105 i\u0161puolius nutraukti baudos aik\u0161tel\u0117je.<\/p>\n<p>Komand\u0173 puolimui po pertraukos tr\u016bko kokyb\u0117s, atsiliep\u0117 ir permirkusi aik\u0161t\u0117, nes Kaune prie\u0161 rungtynes ir j\u0173 metu ilg\u0105 laik\u0105 lijo.<\/p>\n<p>80 min. kaunie\u010diai sureng\u0117 pavojing\u0105 i\u0161puol\u012f. Po M. Thuique sm\u016bgio i\u0161 baudos aik\u0161tel\u0117s prieig\u0173 kamuol\u012f atmu\u0161\u0117 T. Duka.<\/p>\n<p>Rungtyni\u0173 pabaigoje \u201e\u017dalgiriui\u201c pavyko i\u0161siver\u017eti \u012f priek\u012f. Po N. Gorobsovo baudos sm\u016bgio I. Tatomirovi\u010dius sm\u016bgiavo kamuol\u012f, \u0161\u012f atmu\u0161\u0117 vartininkas, ta\u010diau pirmasis suskub\u0119s K. Ka\u017eukolovas i\u0161 arti pasiunt\u0117 kamuol\u012f \u012f tinkl\u0105.<\/p>\n<p>Per prid\u0117tin\u012f laik\u0105 tiksli ataka kairiuoju kra\u0161tu baig\u0117si dar vienu \u012fvar\u010diu \u2013 tiksliai sm\u016bgiavo Renanas. \u201e\u017dalgiris\u201c nugal\u0117jo 2:0 ir padidino atotr\u016bk\u012f nuo persekiotoj\u0173 turnyro lentel\u0117je.<\/p>\n<p>Kitas rungtynes \u201e\u017dalgiris\u201c \u017eais ketvirtadien\u012f Vilniuje UEFA Europos Konferencij\u0173 lygoje prie\u0161 \u201eBasel\u201c.<\/p>\n","protected":false},"excerpt":{"rendered":"<p>Po sunkios kovos per liet\u0173 \u201e\u017dalgiris\u201c \u012fmu\u0161\u0117 du \u012fvar\u010dius rungtyni\u0173 pabaigoje ir 2:0 palau\u017e\u0117 \u201eKauno \u017dalgirio\u201c komand\u0105. Pergal\u0119 Lietuvos \u010dempionams nul\u0117m\u0117 Kipro Ka\u017eukolovo \u012fvartis 85\u2026<\/p>\n","protected":false},"author":4,"featured_media":0,"comment_status":"closed","ping_status":"closed","sticky":false,"template":"","format":"standard","meta":{"_acf_changed":false,"footnotes":""},"categories":[100],"class_list":["post-10277","post","type-post","status-publish","format-standard","hentry","category-zalgiris-b"],"acf":[],"yoast_head":"<!-- This site is optimized with the Yoast SEO plugin v26.8 - https:\/\/yoast.com\/product\/yoast-seo-wordpress\/ -->\n<title>Kaune per liet\u0173 - du v\u0117lyvi \u012fvar\u010diai ir dramati\u0161ka pergal\u0117 - FK \u017dalgiris<\/title>\n<meta name=\"robots\" content=\"index, follow, max-snippet:-1, max-image-preview:large, max-video-preview:-1\" \/>\n<link rel=\"canonical\" href=\"https:\/\/fkzalgiris.lt\/kaune-per-lietu-du-velyvi-ivarciai-ir-dramatiska-pergale\/\" \/>\n<meta property=\"og:locale\" content=\"lt_LT\" \/>\n<meta property=\"og:type\" content=\"article\" \/>\n<meta property=\"og:title\" content=\"Kaune per liet\u0173 - du v\u0117lyvi \u012fvar\u010diai ir dramati\u0161ka pergal\u0117 - FK \u017dalgiris\" \/>\n<meta property=\"og:description\" content=\"Po sunkios kovos per liet\u0173 \u201e\u017dalgiris\u201c \u012fmu\u0161\u0117 du \u012fvar\u010dius rungtyni\u0173 pabaigoje ir 2:0 palau\u017e\u0117 \u201eKauno \u017dalgirio\u201c komand\u0105. Pergal\u0119 Lietuvos \u010dempionams nul\u0117m\u0117 Kipro Ka\u017eukolovo \u012fvartis 85\u2026\" \/>\n<meta property=\"og:url\" content=\"https:\/\/fkzalgiris.lt\/kaune-per-lietu-du-velyvi-ivarciai-ir-dramatiska-pergale\/\" \/>\n<meta property=\"og:site_name\" content=\"FK \u017dalgiris\" \/>\n<meta property=\"article:publisher\" content=\"https:\/\/www.facebook.com\/fkzalgiris\/\" \/>\n<meta property=\"article:published_time\" content=\"2022-09-11T14:23:11+00:00\" \/>\n<meta property=\"article:modified_time\" content=\"2022-09-11T20:27:04+00:00\" \/>\n<meta property=\"og:image\" content=\"https:\/\/fkzalgiris.lt\/wp-content\/uploads\/2024\/02\/social-horiz_Zalgiris_logo_2024.png\" \/>\n\t<meta property=\"og:image:width\" content=\"3356\" \/>\n\t<meta property=\"og:image:height\" content=\"2259\" \/>\n\t<meta property=\"og:image:type\" content=\"image\/png\" \/>\n<meta name=\"author\" content=\"J\" \/>\n<meta name=\"twitter:card\" content=\"summary_large_image\" \/>\n<meta name=\"twitter:creator\" content=\"@fkzalgiris\" \/>\n<meta name=\"twitter:site\" content=\"@fkzalgiris\" \/>\n<meta name=\"twitter:label1\" content=\"Written by\" \/>\n\t<meta name=\"twitter:data1\" content=\"J\" \/>\n\t<meta name=\"twitter:label2\" content=\"Est. reading time\" \/>\n\t<meta name=\"twitter:data2\" content=\"2 minut\u0117s\" \/>\n<script type=\"application\/ld+json\" class=\"yoast-schema-graph\">{\"@context\":\"https:\/\/schema.org\",\"@graph\":[{\"@type\":\"Article\",\"@id\":\"https:\/\/fkzalgiris.lt\/kaune-per-lietu-du-velyvi-ivarciai-ir-dramatiska-pergale\/#article\",\"isPartOf\":{\"@id\":\"https:\/\/fkzalgiris.lt\/kaune-per-lietu-du-velyvi-ivarciai-ir-dramatiska-pergale\/\"},\"author\":{\"name\":\"J\",\"@id\":\"https:\/\/fkzalgiris.lt\/#\/schema\/person\/8604babbba794a7d8767be324a3eaac8\"},\"headline\":\"Kaune per liet\u0173 &#8211; du v\u0117lyvi \u012fvar\u010diai ir dramati\u0161ka pergal\u0117\",\"datePublished\":\"2022-09-11T14:23:11+00:00\",\"dateModified\":\"2022-09-11T20:27:04+00:00\",\"mainEntityOfPage\":{\"@id\":\"https:\/\/fkzalgiris.lt\/kaune-per-lietu-du-velyvi-ivarciai-ir-dramatiska-pergale\/\"},\"wordCount\":343,\"publisher\":{\"@id\":\"https:\/\/fkzalgiris.lt\/#organization\"},\"articleSection\":[\"\u017dalgiris B\"],\"inLanguage\":\"lt-LT\"},{\"@type\":\"WebPage\",\"@id\":\"https:\/\/fkzalgiris.lt\/kaune-per-lietu-du-velyvi-ivarciai-ir-dramatiska-pergale\/\",\"url\":\"https:\/\/fkzalgiris.lt\/kaune-per-lietu-du-velyvi-ivarciai-ir-dramatiska-pergale\/\",\"name\":\"Kaune per liet\u0173 - du v\u0117lyvi \u012fvar\u010diai ir dramati\u0161ka pergal\u0117 - FK \u017dalgiris\",\"isPartOf\":{\"@id\":\"https:\/\/fkzalgiris.lt\/#website\"},\"datePublished\":\"2022-09-11T14:23:11+00:00\",\"dateModified\":\"2022-09-11T20:27:04+00:00\",\"breadcrumb\":{\"@id\":\"https:\/\/fkzalgiris.lt\/kaune-per-lietu-du-velyvi-ivarciai-ir-dramatiska-pergale\/#breadcrumb\"},\"inLanguage\":\"lt-LT\",\"potentialAction\":[{\"@type\":\"ReadAction\",\"target\":[\"https:\/\/fkzalgiris.lt\/kaune-per-lietu-du-velyvi-ivarciai-ir-dramatiska-pergale\/\"]}]},{\"@type\":\"BreadcrumbList\",\"@id\":\"https:\/\/fkzalgiris.lt\/kaune-per-lietu-du-velyvi-ivarciai-ir-dramatiska-pergale\/#breadcrumb\",\"itemListElement\":[{\"@type\":\"ListItem\",\"position\":1,\"name\":\"Home\",\"item\":\"https:\/\/fkzalgiris.lt\/\"},{\"@type\":\"ListItem\",\"position\":2,\"name\":\"Kaune per liet\u0173 &#8211; du v\u0117lyvi \u012fvar\u010diai ir dramati\u0161ka pergal\u0117\"}]},{\"@type\":\"WebSite\",\"@id\":\"https:\/\/fkzalgiris.lt\/#website\",\"url\":\"https:\/\/fkzalgiris.lt\/\",\"name\":\"FK \u017dalgiris\",\"description\":\"oficiali Vilniaus \u201e\u017dalgirio\u201c futbolo klubo svetain\u0117\",\"publisher\":{\"@id\":\"https:\/\/fkzalgiris.lt\/#organization\"},\"potentialAction\":[{\"@type\":\"SearchAction\",\"target\":{\"@type\":\"EntryPoint\",\"urlTemplate\":\"https:\/\/fkzalgiris.lt\/?s={search_term_string}\"},\"query-input\":{\"@type\":\"PropertyValueSpecification\",\"valueRequired\":true,\"valueName\":\"search_term_string\"}}],\"inLanguage\":\"lt-LT\"},{\"@type\":\"Organization\",\"@id\":\"https:\/\/fkzalgiris.lt\/#organization\",\"name\":\"FK \u017dalgiris\",\"url\":\"https:\/\/fkzalgiris.lt\/\",\"logo\":{\"@type\":\"ImageObject\",\"inLanguage\":\"lt-LT\",\"@id\":\"https:\/\/fkzalgiris.lt\/#\/schema\/logo\/image\/\",\"url\":\"https:\/\/fkzalgiris.lt\/wp-content\/uploads\/2024\/01\/horiz-FK-Zalgiris-logo-2015.png\",\"contentUrl\":\"https:\/\/fkzalgiris.lt\/wp-content\/uploads\/2024\/01\/horiz-FK-Zalgiris-logo-2015.png\",\"width\":3073,\"height\":2048,\"caption\":\"FK \u017dalgiris\"},\"image\":{\"@id\":\"https:\/\/fkzalgiris.lt\/#\/schema\/logo\/image\/\"},\"sameAs\":[\"https:\/\/www.facebook.com\/fkzalgiris\/\",\"https:\/\/x.com\/fkzalgiris\",\"https:\/\/www.instagram.com\/fkzalgiris\/\",\"https:\/\/www.youtube.com\/channel\/UC1ag8JLxGirltMUoLlzfZLA\"]},{\"@type\":\"Person\",\"@id\":\"https:\/\/fkzalgiris.lt\/#\/schema\/person\/8604babbba794a7d8767be324a3eaac8\",\"name\":\"J\"}]}<\/script>\n<!-- \/ Yoast SEO plugin. -->","yoast_head_json":{"title":"Kaune per liet\u0173 - du v\u0117lyvi \u012fvar\u010diai ir dramati\u0161ka pergal\u0117 - FK \u017dalgiris","robots":{"index":"index","follow":"follow","max-snippet":"max-snippet:-1","max-image-preview":"max-image-preview:large","max-video-preview":"max-video-preview:-1"},"canonical":"https:\/\/fkzalgiris.lt\/kaune-per-lietu-du-velyvi-ivarciai-ir-dramatiska-pergale\/","og_locale":"lt_LT","og_type":"article","og_title":"Kaune per liet\u0173 - du v\u0117lyvi \u012fvar\u010diai ir dramati\u0161ka pergal\u0117 - FK \u017dalgiris","og_description":"Po sunkios kovos per liet\u0173 \u201e\u017dalgiris\u201c \u012fmu\u0161\u0117 du \u012fvar\u010dius rungtyni\u0173 pabaigoje ir 2:0 palau\u017e\u0117 \u201eKauno \u017dalgirio\u201c komand\u0105. Pergal\u0119 Lietuvos \u010dempionams nul\u0117m\u0117 Kipro Ka\u017eukolovo \u012fvartis 85\u2026","og_url":"https:\/\/fkzalgiris.lt\/kaune-per-lietu-du-velyvi-ivarciai-ir-dramatiska-pergale\/","og_site_name":"FK \u017dalgiris","article_publisher":"https:\/\/www.facebook.com\/fkzalgiris\/","article_published_time":"2022-09-11T14:23:11+00:00","article_modified_time":"2022-09-11T20:27:04+00:00","og_image":[{"width":3356,"height":2259,"url":"https:\/\/fkzalgiris.lt\/wp-content\/uploads\/2024\/02\/social-horiz_Zalgiris_logo_2024.png","type":"image\/png"}],"author":"J","twitter_card":"summary_large_image","twitter_creator":"@fkzalgiris","twitter_site":"@fkzalgiris","twitter_misc":{"Written by":"J","Est. reading time":"2 minut\u0117s"},"schema":{"@context":"https:\/\/schema.org","@graph":[{"@type":"Article","@id":"https:\/\/fkzalgiris.lt\/kaune-per-lietu-du-velyvi-ivarciai-ir-dramatiska-pergale\/#article","isPartOf":{"@id":"https:\/\/fkzalgiris.lt\/kaune-per-lietu-du-velyvi-ivarciai-ir-dramatiska-pergale\/"},"author":{"name":"J","@id":"https:\/\/fkzalgiris.lt\/#\/schema\/person\/8604babbba794a7d8767be324a3eaac8"},"headline":"Kaune per liet\u0173 &#8211; du v\u0117lyvi \u012fvar\u010diai ir dramati\u0161ka pergal\u0117","datePublished":"2022-09-11T14:23:11+00:00","dateModified":"2022-09-11T20:27:04+00:00","mainEntityOfPage":{"@id":"https:\/\/fkzalgiris.lt\/kaune-per-lietu-du-velyvi-ivarciai-ir-dramatiska-pergale\/"},"wordCount":343,"publisher":{"@id":"https:\/\/fkzalgiris.lt\/#organization"},"articleSection":["\u017dalgiris B"],"inLanguage":"lt-LT"},{"@type":"WebPage","@id":"https:\/\/fkzalgiris.lt\/kaune-per-lietu-du-velyvi-ivarciai-ir-dramatiska-pergale\/","url":"https:\/\/fkzalgiris.lt\/kaune-per-lietu-du-velyvi-ivarciai-ir-dramatiska-pergale\/","name":"Kaune per liet\u0173 - du v\u0117lyvi \u012fvar\u010diai ir dramati\u0161ka pergal\u0117 - FK \u017dalgiris","isPartOf":{"@id":"https:\/\/fkzalgiris.lt\/#website"},"datePublished":"2022-09-11T14:23:11+00:00","dateModified":"2022-09-11T20:27:04+00:00","breadcrumb":{"@id":"https:\/\/fkzalgiris.lt\/kaune-per-lietu-du-velyvi-ivarciai-ir-dramatiska-pergale\/#breadcrumb"},"inLanguage":"lt-LT","potentialAction":[{"@type":"ReadAction","target":["https:\/\/fkzalgiris.lt\/kaune-per-lietu-du-velyvi-ivarciai-ir-dramatiska-pergale\/"]}]},{"@type":"BreadcrumbList","@id":"https:\/\/fkzalgiris.lt\/kaune-per-lietu-du-velyvi-ivarciai-ir-dramatiska-pergale\/#breadcrumb","itemListElement":[{"@type":"ListItem","position":1,"name":"Home","item":"https:\/\/fkzalgiris.lt\/"},{"@type":"ListItem","position":2,"name":"Kaune per liet\u0173 &#8211; du v\u0117lyvi \u012fvar\u010diai ir dramati\u0161ka pergal\u0117"}]},{"@type":"WebSite","@id":"https:\/\/fkzalgiris.lt\/#website","url":"https:\/\/fkzalgiris.lt\/","name":"FK \u017dalgiris","description":"oficiali Vilniaus \u201e\u017dalgirio\u201c futbolo klubo svetain\u0117","publisher":{"@id":"https:\/\/fkzalgiris.lt\/#organization"},"potentialAction":[{"@type":"SearchAction","target":{"@type":"EntryPoint","urlTemplate":"https:\/\/fkzalgiris.lt\/?s={search_term_string}"},"query-input":{"@type":"PropertyValueSpecification","valueRequired":true,"valueName":"search_term_string"}}],"inLanguage":"lt-LT"},{"@type":"Organization","@id":"https:\/\/fkzalgiris.lt\/#organization","name":"FK \u017dalgiris","url":"https:\/\/fkzalgiris.lt\/","logo":{"@type":"ImageObject","inLanguage":"lt-LT","@id":"https:\/\/fkzalgiris.lt\/#\/schema\/logo\/image\/","url":"https:\/\/fkzalgiris.lt\/wp-content\/uploads\/2024\/01\/horiz-FK-Zalgiris-logo-2015.png","contentUrl":"https:\/\/fkzalgiris.lt\/wp-content\/uploads\/2024\/01\/horiz-FK-Zalgiris-logo-2015.png","width":3073,"height":2048,"caption":"FK \u017dalgiris"},"image":{"@id":"https:\/\/fkzalgiris.lt\/#\/schema\/logo\/image\/"},"sameAs":["https:\/\/www.facebook.com\/fkzalgiris\/","https:\/\/x.com\/fkzalgiris","https:\/\/www.instagram.com\/fkzalgiris\/","https:\/\/www.youtube.com\/channel\/UC1ag8JLxGirltMUoLlzfZLA"]},{"@type":"Person","@id":"https:\/\/fkzalgiris.lt\/#\/schema\/person\/8604babbba794a7d8767be324a3eaac8","name":"J"}]}},"_links":{"self":[{"href":"https:\/\/fkzalgiris.lt\/api\/wp\/v2\/posts\/10277","targetHints":{"allow":["GET"]}}],"collection":[{"href":"https:\/\/fkzalgiris.lt\/api\/wp\/v2\/posts"}],"about":[{"href":"https:\/\/fkzalgiris.lt\/api\/wp\/v2\/types\/post"}],"author":[{"embeddable":true,"href":"https:\/\/fkzalgiris.lt\/api\/wp\/v2\/users\/4"}],"replies":[{"embeddable":true,"href":"https:\/\/fkzalgiris.lt\/api\/wp\/v2\/comments?post=10277"}],"version-history":[{"count":5,"href":"https:\/\/fkzalgiris.lt\/api\/wp\/v2\/posts\/10277\/revisions"}],"predecessor-version":[{"id":10289,"href":"https:\/\/fkzalgiris.lt\/api\/wp\/v2\/posts\/10277\/revisions\/10289"}],"wp:attachment":[{"href":"https:\/\/fkzalgiris.lt\/api\/wp\/v2\/media?parent=10277"}],"wp:term":[{"taxonomy":"category","embeddable":true,"href":"https:\/\/fkzalgiris.lt\/api\/wp\/v2\/categories?post=10277"}],"curies":[{"name":"wp","href":"https:\/\/api.w.org\/{rel}","templated":true}]}}