{"id":10256,"date":"2022-09-09T08:58:38","date_gmt":"2022-09-09T05:58:38","guid":{"rendered":"https:\/\/fkzalgiris.lt\/?p=10256"},"modified":"2022-09-10T12:11:26","modified_gmt":"2022-09-10T09:11:26","slug":"e-gertmonas-viskas-vyko-daugmaz-pagal-musu-plana","status":"publish","type":"post","link":"https:\/\/fkzalgiris.lt\/e-gertmonas-viskas-vyko-daugmaz-pagal-musu-plana\/","title":{"rendered":"E. Gertmonas: \u201eViskas vyko daugma\u017e pagal m\u016bs\u0173 plan\u0105\u201c"},"content":{"rendered":"<p>Po UEFA Europos Konferencij\u0173 lygos rungtyni\u0173 Slovakijoje \u201e\u017dalgirio\u201c \u017eaid\u0117jai d\u017eiaug\u0117si i\u0161kovotu ta\u0161ku ir i\u0161saugotais \u201esausais\u201c vartais.<\/p>\n<p>Kar\u0161tuose \u201eViaplay\u201c interviu po rungtyni\u0173 mintimis pasidalino kapitono rai\u0161t\u012f ry\u0161\u0117j\u0119s vartininkas Edvinas Gertmonas, kapitono rai\u0161t\u012f ry\u0161\u0117j\u0119s saugas Nicolas Gorobsovas ir gyn\u0117jas Mario Paveli\u010dius.<\/p>\n<p><img loading=\"lazy\" decoding=\"async\" class=\"alignnone wp-image-10261\" src=\"https:\/\/fkzalgiris.lt\/wp-content\/uploads\/2022\/09\/Slovan-Zalgiris-foto-Elvis-Zaldaris-23-scaled.jpg\" alt=\"\" width=\"650\" height=\"433\" srcset=\"https:\/\/fkzalgiris.lt\/wp-content\/uploads\/2022\/09\/Slovan-Zalgiris-foto-Elvis-Zaldaris-23-scaled.jpg 2560w, https:\/\/fkzalgiris.lt\/wp-content\/uploads\/2022\/09\/Slovan-Zalgiris-foto-Elvis-Zaldaris-23-300x200.jpg 300w, https:\/\/fkzalgiris.lt\/wp-content\/uploads\/2022\/09\/Slovan-Zalgiris-foto-Elvis-Zaldaris-23-1024x683.jpg 1024w, https:\/\/fkzalgiris.lt\/wp-content\/uploads\/2022\/09\/Slovan-Zalgiris-foto-Elvis-Zaldaris-23-768x512.jpg 768w, https:\/\/fkzalgiris.lt\/wp-content\/uploads\/2022\/09\/Slovan-Zalgiris-foto-Elvis-Zaldaris-23-1536x1024.jpg 1536w, https:\/\/fkzalgiris.lt\/wp-content\/uploads\/2022\/09\/Slovan-Zalgiris-foto-Elvis-Zaldaris-23-2048x1365.jpg 2048w, https:\/\/fkzalgiris.lt\/wp-content\/uploads\/2022\/09\/Slovan-Zalgiris-foto-Elvis-Zaldaris-23-150x100.jpg 150w, https:\/\/fkzalgiris.lt\/wp-content\/uploads\/2022\/09\/Slovan-Zalgiris-foto-Elvis-Zaldaris-23-840x560.jpg 840w, https:\/\/fkzalgiris.lt\/wp-content\/uploads\/2022\/09\/Slovan-Zalgiris-foto-Elvis-Zaldaris-23-570x380.jpg 570w, https:\/\/fkzalgiris.lt\/wp-content\/uploads\/2022\/09\/Slovan-Zalgiris-foto-Elvis-Zaldaris-23-30x20.jpg 30w\" sizes=\"auto, (max-width: 650px) 100vw, 650px\" \/><\/p>\n<p>\u201eGeros emocijos. Tik\u0117jom\u0117s i\u0161 var\u017eov\u0173 gal net daugiau jei atvirai. Kiek analizavome atrod\u0117 gr\u0117smingesni, greitesni. Bet tikrai galime \u017eaisti su jais. Daugiau ma\u017eiau viskas buvo pagal plan\u0105. Treneris buvo daug i\u0161analizav\u0119s. \u017dinojome, kad mu\u0161 i\u0161 toli. T\u0105 ir band\u0117 daryti, bet nepataik\u0117, gal jiems nepavyko. Didesn\u0117s staigmenos nepadar\u0117. \u00a0Smagu, kad daug fan\u0173 atva\u017eiavo, gird\u0117josi rungtyn\u0117se. Labai smagu tikrai\u201c, &#8211; kalb\u0117jo E. Gertmonas.<\/p>\n<p><img loading=\"lazy\" decoding=\"async\" class=\"alignnone wp-image-10263\" src=\"https:\/\/fkzalgiris.lt\/wp-content\/uploads\/2022\/09\/Slovan-Zalgiris-foto-Elvis-Zaldaris-49-scaled.jpg\" alt=\"\" width=\"650\" height=\"433\" srcset=\"https:\/\/fkzalgiris.lt\/wp-content\/uploads\/2022\/09\/Slovan-Zalgiris-foto-Elvis-Zaldaris-49-scaled.jpg 2560w, https:\/\/fkzalgiris.lt\/wp-content\/uploads\/2022\/09\/Slovan-Zalgiris-foto-Elvis-Zaldaris-49-300x200.jpg 300w, https:\/\/fkzalgiris.lt\/wp-content\/uploads\/2022\/09\/Slovan-Zalgiris-foto-Elvis-Zaldaris-49-1024x683.jpg 1024w, https:\/\/fkzalgiris.lt\/wp-content\/uploads\/2022\/09\/Slovan-Zalgiris-foto-Elvis-Zaldaris-49-768x512.jpg 768w, https:\/\/fkzalgiris.lt\/wp-content\/uploads\/2022\/09\/Slovan-Zalgiris-foto-Elvis-Zaldaris-49-1536x1024.jpg 1536w, https:\/\/fkzalgiris.lt\/wp-content\/uploads\/2022\/09\/Slovan-Zalgiris-foto-Elvis-Zaldaris-49-2048x1365.jpg 2048w, https:\/\/fkzalgiris.lt\/wp-content\/uploads\/2022\/09\/Slovan-Zalgiris-foto-Elvis-Zaldaris-49-150x100.jpg 150w, https:\/\/fkzalgiris.lt\/wp-content\/uploads\/2022\/09\/Slovan-Zalgiris-foto-Elvis-Zaldaris-49-840x560.jpg 840w, https:\/\/fkzalgiris.lt\/wp-content\/uploads\/2022\/09\/Slovan-Zalgiris-foto-Elvis-Zaldaris-49-570x380.jpg 570w, https:\/\/fkzalgiris.lt\/wp-content\/uploads\/2022\/09\/Slovan-Zalgiris-foto-Elvis-Zaldaris-49-30x20.jpg 30w\" sizes=\"auto, (max-width: 650px) 100vw, 650px\" \/><\/p>\n<p>\u201eSvarbu prad\u0117ti su ta\u0161ku. Buvo labai sunkios rungtyn\u0117s prie\u0161 stipri\u0105 komand\u0105. \u201eSlovan\u201c turi ger\u0173, patyrusi\u0173 \u017eaid\u0117j\u0173. Esu labai laimingas, nes komanda nudirbo daug ir i\u0161kovojome ta\u0161k\u0105. Tur\u0117jome daug prog\u0173 puolime, gal\u0117jome \u012fmu\u0161ti, jie irgi. Rungtyn\u0117s buvo atviros, nema\u017eai prog\u0173. Buvo svarbu i\u0161laikyti sausus vartus. Reikia dirbti ties geresniais sprendimais puolime, agresyvesniu \u017eaidimu. Kitos rungtyn\u0117s bus dar sunkesn\u0117s, turime pails\u0117ti ir ruo\u0161tis joms. Kitas var\u017eovas labai stiprus, bet \u017eaisime namuose. Bet iki tol svarbiausia sekmadienio rungtyn\u0117s \u010dempionate\u201c, &#8211; teig\u0117 N. Gorobsovas.<\/p>\n<p><img loading=\"lazy\" decoding=\"async\" class=\"alignnone wp-image-10262\" src=\"https:\/\/fkzalgiris.lt\/wp-content\/uploads\/2022\/09\/Slovan-Zalgiris-foto-Elvis-Zaldaris-68-scaled.jpg\" alt=\"\" width=\"650\" height=\"433\" srcset=\"https:\/\/fkzalgiris.lt\/wp-content\/uploads\/2022\/09\/Slovan-Zalgiris-foto-Elvis-Zaldaris-68-scaled.jpg 2560w, https:\/\/fkzalgiris.lt\/wp-content\/uploads\/2022\/09\/Slovan-Zalgiris-foto-Elvis-Zaldaris-68-300x200.jpg 300w, https:\/\/fkzalgiris.lt\/wp-content\/uploads\/2022\/09\/Slovan-Zalgiris-foto-Elvis-Zaldaris-68-1024x683.jpg 1024w, https:\/\/fkzalgiris.lt\/wp-content\/uploads\/2022\/09\/Slovan-Zalgiris-foto-Elvis-Zaldaris-68-768x512.jpg 768w, https:\/\/fkzalgiris.lt\/wp-content\/uploads\/2022\/09\/Slovan-Zalgiris-foto-Elvis-Zaldaris-68-1536x1024.jpg 1536w, https:\/\/fkzalgiris.lt\/wp-content\/uploads\/2022\/09\/Slovan-Zalgiris-foto-Elvis-Zaldaris-68-2048x1365.jpg 2048w, https:\/\/fkzalgiris.lt\/wp-content\/uploads\/2022\/09\/Slovan-Zalgiris-foto-Elvis-Zaldaris-68-150x100.jpg 150w, https:\/\/fkzalgiris.lt\/wp-content\/uploads\/2022\/09\/Slovan-Zalgiris-foto-Elvis-Zaldaris-68-840x560.jpg 840w, https:\/\/fkzalgiris.lt\/wp-content\/uploads\/2022\/09\/Slovan-Zalgiris-foto-Elvis-Zaldaris-68-570x380.jpg 570w, https:\/\/fkzalgiris.lt\/wp-content\/uploads\/2022\/09\/Slovan-Zalgiris-foto-Elvis-Zaldaris-68-30x20.jpg 30w\" sizes=\"auto, (max-width: 650px) 100vw, 650px\" \/><\/p>\n<p>\u201eD\u0117koju visiems aistruoliams, kurie atvyko \u012f Bratislav\u0105. \u017daid\u0117me ger\u0105 futbol\u0105. Abi komandos tur\u0117jo prog\u0173. Mums svarbus pirmasis ta\u0161kas. Lauksime kit\u0173 rungtyni\u0173. Kaip gyn\u0117jui nepraleistas \u012fvartis \u2013 gerai atliktas darbas. Bet b\u016bt\u0173 malonu buv\u0119 vien\u0105 \u012fmu\u0161ti. Bet kartais futbole taip b\u016bna. Esame laimingi, kad i\u0161saugojome \u201esausus\u201c vartus ir parsive\u017eame ta\u0161k\u0105. Pirm\u0105sias rungtynes visada svarbu su\u017eaisti gerai. Atrankoje i\u0161vykoje ne visuomet su\u017eaisdavome gerai, \u0161iandien parod\u0117me, kad galime. Atlikome ger\u0105 darb\u0105. Laukiame kit\u0173 rungtyni\u0173. Atrankoje namuose m\u016bs\u0173 ne\u012fveik\u0117, tikiuosi \u201eBasel\u201c komandai bus irgi sunku. Atiduosime visk\u0105 ir sieksime gero rezultato\u201c, &#8211; teig\u0117 M. Paveli\u010dius.<\/p>\n<p>\u201e\u017dalgirio\u201c ir \u201eBasel\u201c rungtyn\u0117s vyks rugs\u0117jo 15 d. nuo 19:45 LFF stadione. Bilietus \u012f rungtynes platina \u201e<a href=\"https:\/\/www.bilietai.lt\/lit\/renginiai\/sportas\/futbolas\/uefa-europos-konferenciju-lyga-zalgiris-basel-366948\/\">Bilietai.lt<\/a>\u201c.<\/p>\n<p>&nbsp;<\/p>\n","protected":false},"excerpt":{"rendered":"<p>Po UEFA Europos Konferencij\u0173 lygos rungtyni\u0173 Slovakijoje \u201e\u017dalgirio\u201c \u017eaid\u0117jai d\u017eiaug\u0117si i\u0161kovotu ta\u0161ku ir i\u0161saugotais \u201esausais\u201c vartais. Kar\u0161tuose \u201eViaplay\u201c interviu po rungtyni\u0173 mintimis pasidalino kapitono rai\u0161t\u012f\u2026<\/p>\n","protected":false},"author":4,"featured_media":0,"comment_status":"closed","ping_status":"closed","sticky":false,"template":"","format":"standard","meta":{"_acf_changed":false,"footnotes":""},"categories":[87],"class_list":["post-10256","post","type-post","status-publish","format-standard","hentry","category-zalgiris"],"acf":[],"yoast_head":"<!-- This site is optimized with the Yoast SEO plugin v26.8 - https:\/\/yoast.com\/product\/yoast-seo-wordpress\/ -->\n<title>E. Gertmonas: \u201eViskas vyko daugma\u017e pagal m\u016bs\u0173 plan\u0105\u201c - FK \u017dalgiris<\/title>\n<meta name=\"robots\" content=\"index, follow, max-snippet:-1, max-image-preview:large, max-video-preview:-1\" \/>\n<link rel=\"canonical\" href=\"https:\/\/fkzalgiris.lt\/e-gertmonas-viskas-vyko-daugmaz-pagal-musu-plana\/\" \/>\n<meta property=\"og:locale\" content=\"lt_LT\" \/>\n<meta property=\"og:type\" content=\"article\" \/>\n<meta property=\"og:title\" content=\"E. Gertmonas: \u201eViskas vyko daugma\u017e pagal m\u016bs\u0173 plan\u0105\u201c - FK \u017dalgiris\" \/>\n<meta property=\"og:description\" content=\"Po UEFA Europos Konferencij\u0173 lygos rungtyni\u0173 Slovakijoje \u201e\u017dalgirio\u201c \u017eaid\u0117jai d\u017eiaug\u0117si i\u0161kovotu ta\u0161ku ir i\u0161saugotais \u201esausais\u201c vartais. Kar\u0161tuose \u201eViaplay\u201c interviu po rungtyni\u0173 mintimis pasidalino kapitono rai\u0161t\u012f\u2026\" \/>\n<meta property=\"og:url\" content=\"https:\/\/fkzalgiris.lt\/e-gertmonas-viskas-vyko-daugmaz-pagal-musu-plana\/\" \/>\n<meta property=\"og:site_name\" content=\"FK \u017dalgiris\" \/>\n<meta property=\"article:publisher\" content=\"https:\/\/www.facebook.com\/fkzalgiris\/\" \/>\n<meta property=\"article:published_time\" content=\"2022-09-09T05:58:38+00:00\" \/>\n<meta property=\"article:modified_time\" content=\"2022-09-10T09:11:26+00:00\" \/>\n<meta property=\"og:image\" content=\"https:\/\/fkzalgiris.lt\/wp-content\/uploads\/2022\/09\/Slovan-Zalgiris-foto-Elvis-Zaldaris-23-scaled.jpg\" \/>\n<meta name=\"author\" content=\"J\" \/>\n<meta name=\"twitter:card\" content=\"summary_large_image\" \/>\n<meta name=\"twitter:creator\" content=\"@fkzalgiris\" \/>\n<meta name=\"twitter:site\" content=\"@fkzalgiris\" \/>\n<meta name=\"twitter:label1\" content=\"Written by\" \/>\n\t<meta name=\"twitter:data1\" content=\"J\" \/>\n\t<meta name=\"twitter:label2\" content=\"Est. reading time\" \/>\n\t<meta name=\"twitter:data2\" content=\"2 minut\u0117s\" \/>\n<script type=\"application\/ld+json\" class=\"yoast-schema-graph\">{\"@context\":\"https:\/\/schema.org\",\"@graph\":[{\"@type\":\"Article\",\"@id\":\"https:\/\/fkzalgiris.lt\/e-gertmonas-viskas-vyko-daugmaz-pagal-musu-plana\/#article\",\"isPartOf\":{\"@id\":\"https:\/\/fkzalgiris.lt\/e-gertmonas-viskas-vyko-daugmaz-pagal-musu-plana\/\"},\"author\":{\"name\":\"J\",\"@id\":\"https:\/\/fkzalgiris.lt\/#\/schema\/person\/8604babbba794a7d8767be324a3eaac8\"},\"headline\":\"E. Gertmonas: \u201eViskas vyko daugma\u017e pagal m\u016bs\u0173 plan\u0105\u201c\",\"datePublished\":\"2022-09-09T05:58:38+00:00\",\"dateModified\":\"2022-09-10T09:11:26+00:00\",\"mainEntityOfPage\":{\"@id\":\"https:\/\/fkzalgiris.lt\/e-gertmonas-viskas-vyko-daugmaz-pagal-musu-plana\/\"},\"wordCount\":361,\"publisher\":{\"@id\":\"https:\/\/fkzalgiris.lt\/#organization\"},\"image\":{\"@id\":\"https:\/\/fkzalgiris.lt\/e-gertmonas-viskas-vyko-daugmaz-pagal-musu-plana\/#primaryimage\"},\"thumbnailUrl\":\"https:\/\/fkzalgiris.lt\/wp-content\/uploads\/2022\/09\/Slovan-Zalgiris-foto-Elvis-Zaldaris-23-scaled.jpg\",\"articleSection\":[\"\u017dalgiris\"],\"inLanguage\":\"lt-LT\"},{\"@type\":\"WebPage\",\"@id\":\"https:\/\/fkzalgiris.lt\/e-gertmonas-viskas-vyko-daugmaz-pagal-musu-plana\/\",\"url\":\"https:\/\/fkzalgiris.lt\/e-gertmonas-viskas-vyko-daugmaz-pagal-musu-plana\/\",\"name\":\"E. Gertmonas: \u201eViskas vyko daugma\u017e pagal m\u016bs\u0173 plan\u0105\u201c - FK \u017dalgiris\",\"isPartOf\":{\"@id\":\"https:\/\/fkzalgiris.lt\/#website\"},\"primaryImageOfPage\":{\"@id\":\"https:\/\/fkzalgiris.lt\/e-gertmonas-viskas-vyko-daugmaz-pagal-musu-plana\/#primaryimage\"},\"image\":{\"@id\":\"https:\/\/fkzalgiris.lt\/e-gertmonas-viskas-vyko-daugmaz-pagal-musu-plana\/#primaryimage\"},\"thumbnailUrl\":\"https:\/\/fkzalgiris.lt\/wp-content\/uploads\/2022\/09\/Slovan-Zalgiris-foto-Elvis-Zaldaris-23-scaled.jpg\",\"datePublished\":\"2022-09-09T05:58:38+00:00\",\"dateModified\":\"2022-09-10T09:11:26+00:00\",\"breadcrumb\":{\"@id\":\"https:\/\/fkzalgiris.lt\/e-gertmonas-viskas-vyko-daugmaz-pagal-musu-plana\/#breadcrumb\"},\"inLanguage\":\"lt-LT\",\"potentialAction\":[{\"@type\":\"ReadAction\",\"target\":[\"https:\/\/fkzalgiris.lt\/e-gertmonas-viskas-vyko-daugmaz-pagal-musu-plana\/\"]}]},{\"@type\":\"ImageObject\",\"inLanguage\":\"lt-LT\",\"@id\":\"https:\/\/fkzalgiris.lt\/e-gertmonas-viskas-vyko-daugmaz-pagal-musu-plana\/#primaryimage\",\"url\":\"https:\/\/fkzalgiris.lt\/wp-content\/uploads\/2022\/09\/Slovan-Zalgiris-foto-Elvis-Zaldaris-23-scaled.jpg\",\"contentUrl\":\"https:\/\/fkzalgiris.lt\/wp-content\/uploads\/2022\/09\/Slovan-Zalgiris-foto-Elvis-Zaldaris-23-scaled.jpg\",\"width\":2560,\"height\":1707},{\"@type\":\"BreadcrumbList\",\"@id\":\"https:\/\/fkzalgiris.lt\/e-gertmonas-viskas-vyko-daugmaz-pagal-musu-plana\/#breadcrumb\",\"itemListElement\":[{\"@type\":\"ListItem\",\"position\":1,\"name\":\"Home\",\"item\":\"https:\/\/fkzalgiris.lt\/\"},{\"@type\":\"ListItem\",\"position\":2,\"name\":\"E. Gertmonas: \u201eViskas vyko daugma\u017e pagal m\u016bs\u0173 plan\u0105\u201c\"}]},{\"@type\":\"WebSite\",\"@id\":\"https:\/\/fkzalgiris.lt\/#website\",\"url\":\"https:\/\/fkzalgiris.lt\/\",\"name\":\"FK \u017dalgiris\",\"description\":\"oficiali Vilniaus \u201e\u017dalgirio\u201c futbolo klubo svetain\u0117\",\"publisher\":{\"@id\":\"https:\/\/fkzalgiris.lt\/#organization\"},\"potentialAction\":[{\"@type\":\"SearchAction\",\"target\":{\"@type\":\"EntryPoint\",\"urlTemplate\":\"https:\/\/fkzalgiris.lt\/?s={search_term_string}\"},\"query-input\":{\"@type\":\"PropertyValueSpecification\",\"valueRequired\":true,\"valueName\":\"search_term_string\"}}],\"inLanguage\":\"lt-LT\"},{\"@type\":\"Organization\",\"@id\":\"https:\/\/fkzalgiris.lt\/#organization\",\"name\":\"FK \u017dalgiris\",\"url\":\"https:\/\/fkzalgiris.lt\/\",\"logo\":{\"@type\":\"ImageObject\",\"inLanguage\":\"lt-LT\",\"@id\":\"https:\/\/fkzalgiris.lt\/#\/schema\/logo\/image\/\",\"url\":\"https:\/\/fkzalgiris.lt\/wp-content\/uploads\/2024\/01\/horiz-FK-Zalgiris-logo-2015.png\",\"contentUrl\":\"https:\/\/fkzalgiris.lt\/wp-content\/uploads\/2024\/01\/horiz-FK-Zalgiris-logo-2015.png\",\"width\":3073,\"height\":2048,\"caption\":\"FK \u017dalgiris\"},\"image\":{\"@id\":\"https:\/\/fkzalgiris.lt\/#\/schema\/logo\/image\/\"},\"sameAs\":[\"https:\/\/www.facebook.com\/fkzalgiris\/\",\"https:\/\/x.com\/fkzalgiris\",\"https:\/\/www.instagram.com\/fkzalgiris\/\",\"https:\/\/www.youtube.com\/channel\/UC1ag8JLxGirltMUoLlzfZLA\"]},{\"@type\":\"Person\",\"@id\":\"https:\/\/fkzalgiris.lt\/#\/schema\/person\/8604babbba794a7d8767be324a3eaac8\",\"name\":\"J\"}]}<\/script>\n<!-- \/ Yoast SEO plugin. -->","yoast_head_json":{"title":"E. Gertmonas: \u201eViskas vyko daugma\u017e pagal m\u016bs\u0173 plan\u0105\u201c - FK \u017dalgiris","robots":{"index":"index","follow":"follow","max-snippet":"max-snippet:-1","max-image-preview":"max-image-preview:large","max-video-preview":"max-video-preview:-1"},"canonical":"https:\/\/fkzalgiris.lt\/e-gertmonas-viskas-vyko-daugmaz-pagal-musu-plana\/","og_locale":"lt_LT","og_type":"article","og_title":"E. Gertmonas: \u201eViskas vyko daugma\u017e pagal m\u016bs\u0173 plan\u0105\u201c - FK \u017dalgiris","og_description":"Po UEFA Europos Konferencij\u0173 lygos rungtyni\u0173 Slovakijoje \u201e\u017dalgirio\u201c \u017eaid\u0117jai d\u017eiaug\u0117si i\u0161kovotu ta\u0161ku ir i\u0161saugotais \u201esausais\u201c vartais. Kar\u0161tuose \u201eViaplay\u201c interviu po rungtyni\u0173 mintimis pasidalino kapitono rai\u0161t\u012f\u2026","og_url":"https:\/\/fkzalgiris.lt\/e-gertmonas-viskas-vyko-daugmaz-pagal-musu-plana\/","og_site_name":"FK \u017dalgiris","article_publisher":"https:\/\/www.facebook.com\/fkzalgiris\/","article_published_time":"2022-09-09T05:58:38+00:00","article_modified_time":"2022-09-10T09:11:26+00:00","og_image":[{"url":"https:\/\/fkzalgiris.lt\/wp-content\/uploads\/2022\/09\/Slovan-Zalgiris-foto-Elvis-Zaldaris-23-scaled.jpg","type":"","width":"","height":""}],"author":"J","twitter_card":"summary_large_image","twitter_creator":"@fkzalgiris","twitter_site":"@fkzalgiris","twitter_misc":{"Written by":"J","Est. reading time":"2 minut\u0117s"},"schema":{"@context":"https:\/\/schema.org","@graph":[{"@type":"Article","@id":"https:\/\/fkzalgiris.lt\/e-gertmonas-viskas-vyko-daugmaz-pagal-musu-plana\/#article","isPartOf":{"@id":"https:\/\/fkzalgiris.lt\/e-gertmonas-viskas-vyko-daugmaz-pagal-musu-plana\/"},"author":{"name":"J","@id":"https:\/\/fkzalgiris.lt\/#\/schema\/person\/8604babbba794a7d8767be324a3eaac8"},"headline":"E. Gertmonas: \u201eViskas vyko daugma\u017e pagal m\u016bs\u0173 plan\u0105\u201c","datePublished":"2022-09-09T05:58:38+00:00","dateModified":"2022-09-10T09:11:26+00:00","mainEntityOfPage":{"@id":"https:\/\/fkzalgiris.lt\/e-gertmonas-viskas-vyko-daugmaz-pagal-musu-plana\/"},"wordCount":361,"publisher":{"@id":"https:\/\/fkzalgiris.lt\/#organization"},"image":{"@id":"https:\/\/fkzalgiris.lt\/e-gertmonas-viskas-vyko-daugmaz-pagal-musu-plana\/#primaryimage"},"thumbnailUrl":"https:\/\/fkzalgiris.lt\/wp-content\/uploads\/2022\/09\/Slovan-Zalgiris-foto-Elvis-Zaldaris-23-scaled.jpg","articleSection":["\u017dalgiris"],"inLanguage":"lt-LT"},{"@type":"WebPage","@id":"https:\/\/fkzalgiris.lt\/e-gertmonas-viskas-vyko-daugmaz-pagal-musu-plana\/","url":"https:\/\/fkzalgiris.lt\/e-gertmonas-viskas-vyko-daugmaz-pagal-musu-plana\/","name":"E. Gertmonas: \u201eViskas vyko daugma\u017e pagal m\u016bs\u0173 plan\u0105\u201c - FK \u017dalgiris","isPartOf":{"@id":"https:\/\/fkzalgiris.lt\/#website"},"primaryImageOfPage":{"@id":"https:\/\/fkzalgiris.lt\/e-gertmonas-viskas-vyko-daugmaz-pagal-musu-plana\/#primaryimage"},"image":{"@id":"https:\/\/fkzalgiris.lt\/e-gertmonas-viskas-vyko-daugmaz-pagal-musu-plana\/#primaryimage"},"thumbnailUrl":"https:\/\/fkzalgiris.lt\/wp-content\/uploads\/2022\/09\/Slovan-Zalgiris-foto-Elvis-Zaldaris-23-scaled.jpg","datePublished":"2022-09-09T05:58:38+00:00","dateModified":"2022-09-10T09:11:26+00:00","breadcrumb":{"@id":"https:\/\/fkzalgiris.lt\/e-gertmonas-viskas-vyko-daugmaz-pagal-musu-plana\/#breadcrumb"},"inLanguage":"lt-LT","potentialAction":[{"@type":"ReadAction","target":["https:\/\/fkzalgiris.lt\/e-gertmonas-viskas-vyko-daugmaz-pagal-musu-plana\/"]}]},{"@type":"ImageObject","inLanguage":"lt-LT","@id":"https:\/\/fkzalgiris.lt\/e-gertmonas-viskas-vyko-daugmaz-pagal-musu-plana\/#primaryimage","url":"https:\/\/fkzalgiris.lt\/wp-content\/uploads\/2022\/09\/Slovan-Zalgiris-foto-Elvis-Zaldaris-23-scaled.jpg","contentUrl":"https:\/\/fkzalgiris.lt\/wp-content\/uploads\/2022\/09\/Slovan-Zalgiris-foto-Elvis-Zaldaris-23-scaled.jpg","width":2560,"height":1707},{"@type":"BreadcrumbList","@id":"https:\/\/fkzalgiris.lt\/e-gertmonas-viskas-vyko-daugmaz-pagal-musu-plana\/#breadcrumb","itemListElement":[{"@type":"ListItem","position":1,"name":"Home","item":"https:\/\/fkzalgiris.lt\/"},{"@type":"ListItem","position":2,"name":"E. Gertmonas: \u201eViskas vyko daugma\u017e pagal m\u016bs\u0173 plan\u0105\u201c"}]},{"@type":"WebSite","@id":"https:\/\/fkzalgiris.lt\/#website","url":"https:\/\/fkzalgiris.lt\/","name":"FK \u017dalgiris","description":"oficiali Vilniaus \u201e\u017dalgirio\u201c futbolo klubo svetain\u0117","publisher":{"@id":"https:\/\/fkzalgiris.lt\/#organization"},"potentialAction":[{"@type":"SearchAction","target":{"@type":"EntryPoint","urlTemplate":"https:\/\/fkzalgiris.lt\/?s={search_term_string}"},"query-input":{"@type":"PropertyValueSpecification","valueRequired":true,"valueName":"search_term_string"}}],"inLanguage":"lt-LT"},{"@type":"Organization","@id":"https:\/\/fkzalgiris.lt\/#organization","name":"FK \u017dalgiris","url":"https:\/\/fkzalgiris.lt\/","logo":{"@type":"ImageObject","inLanguage":"lt-LT","@id":"https:\/\/fkzalgiris.lt\/#\/schema\/logo\/image\/","url":"https:\/\/fkzalgiris.lt\/wp-content\/uploads\/2024\/01\/horiz-FK-Zalgiris-logo-2015.png","contentUrl":"https:\/\/fkzalgiris.lt\/wp-content\/uploads\/2024\/01\/horiz-FK-Zalgiris-logo-2015.png","width":3073,"height":2048,"caption":"FK \u017dalgiris"},"image":{"@id":"https:\/\/fkzalgiris.lt\/#\/schema\/logo\/image\/"},"sameAs":["https:\/\/www.facebook.com\/fkzalgiris\/","https:\/\/x.com\/fkzalgiris","https:\/\/www.instagram.com\/fkzalgiris\/","https:\/\/www.youtube.com\/channel\/UC1ag8JLxGirltMUoLlzfZLA"]},{"@type":"Person","@id":"https:\/\/fkzalgiris.lt\/#\/schema\/person\/8604babbba794a7d8767be324a3eaac8","name":"J"}]}},"_links":{"self":[{"href":"https:\/\/fkzalgiris.lt\/api\/wp\/v2\/posts\/10256","targetHints":{"allow":["GET"]}}],"collection":[{"href":"https:\/\/fkzalgiris.lt\/api\/wp\/v2\/posts"}],"about":[{"href":"https:\/\/fkzalgiris.lt\/api\/wp\/v2\/types\/post"}],"author":[{"embeddable":true,"href":"https:\/\/fkzalgiris.lt\/api\/wp\/v2\/users\/4"}],"replies":[{"embeddable":true,"href":"https:\/\/fkzalgiris.lt\/api\/wp\/v2\/comments?post=10256"}],"version-history":[{"count":5,"href":"https:\/\/fkzalgiris.lt\/api\/wp\/v2\/posts\/10256\/revisions"}],"predecessor-version":[{"id":10265,"href":"https:\/\/fkzalgiris.lt\/api\/wp\/v2\/posts\/10256\/revisions\/10265"}],"wp:attachment":[{"href":"https:\/\/fkzalgiris.lt\/api\/wp\/v2\/media?parent=10256"}],"wp:term":[{"taxonomy":"category","embeddable":true,"href":"https:\/\/fkzalgiris.lt\/api\/wp\/v2\/categories?post=10256"}],"curies":[{"name":"wp","href":"https:\/\/api.w.org\/{rel}","templated":true}]}}