{"id":10059,"date":"2022-08-28T20:56:33","date_gmt":"2022-08-28T17:56:33","guid":{"rendered":"https:\/\/fkzalgiris.lt\/?p=10059"},"modified":"2022-08-28T20:56:33","modified_gmt":"2022-08-28T17:56:33","slug":"kaune-itikinama-pergale-pries-hegelmann","status":"publish","type":"post","link":"https:\/\/fkzalgiris.lt\/kaune-itikinama-pergale-pries-hegelmann\/","title":{"rendered":"Kaune &#8211; \u012ftikinama pergal\u0117 prie\u0161 \u201eHegelmann\u201c"},"content":{"rendered":"<p>Trimis \u012fvar\u010diais pirmo k\u0117linio pabaigoje sublizg\u0117j\u0119s \u201e\u017dalgiris\u201c \u012ftikinamai laim\u0117jo lyderi\u0173 dvikov\u0105 prie\u0161 Kauno rajono \u201eHegelmann\u201c, i\u0161kovojo a\u0161tunt\u0105 pergal\u0119 i\u0161 eil\u0117s \u010dempionate ir \u012fsitvirtino pirmoje turnyro lentel\u0117s vietoje.<\/p>\n<p>Kaunie\u010diai pirmieji \u012fmu\u0161\u0117 \u012fvart\u012f \u2013 pasi\u017eym\u0117jo Lazaras Saj\u010di\u010dius, ta\u010diau per paskutines de\u0161imt pirmo k\u0117linio minu\u010di\u0173 Ivano Tatomirovi\u010diaus, Mathias Oyewusi ir Marko Mili\u010dkovi\u010diaus \u012fvar\u010diai perlau\u017e\u0117 rungtynes vilnie\u010di\u0173 naudai. Antrajame k\u0117linyje \u012fvart\u012f prid\u0117jo Fabienas Ourega.<\/p>\n<p>&#8211;<\/p>\n<p>Po paskutini\u0173 rungtyni\u0173 \u012fvyko penki pasikeitimai \u201e\u017dalgirio\u201c starto sud\u0117tyje. \u012e vienuoliktuk\u0105 gr\u012f\u017eo F. Kyeremeh, I. Tatomirovi\u010dius, P. Mami\u010dius, D. Ka\u0161kenas ir S. Mikoli\u016bnas. D\u0117l traumos komandai negal\u0117jo pad\u0117ti M. Kuklys.<\/p>\n<p>7 min. po Oliverio Buffo sm\u016bgio kamuolys praskriejo \u0161alia vart\u0173.<\/p>\n<p>19 min. i\u0161 baudos aik\u0161tel\u0117s prieig\u0173 pavojingai sm\u016bgiavo F. Ourega.<\/p>\n<p>20 min. \u0161eimininkai i\u0161siver\u017e\u0117 \u012f priek\u012f. Po. K. Upsto perdavimo i\u0161 de\u0161inio kra\u0161to L. Saj\u010di\u010dius nestipriu sm\u016bgiu nukreip\u0117 kamuol\u012f \u012f vart\u0173 kamp\u0105.<\/p>\n<p>Visgi per paskutines de\u0161imt k\u0117linio minu\u010di\u0173 \u201e\u017dalgiriui\u201c pavyko persverti rezultat\u0105.<\/p>\n<p>35 min. u\u017esit\u0119susi ataka baig\u0117si \u012fvar\u010diu. I\u0161 prad\u017ei\u0173 M. Oyewusi sm\u016bg\u012f atr\u0117m\u0117 vartininkas, pakartotiniu bandymu puol\u0117jas pataik\u0117 \u012f virpst\u0105. Atakai t\u0119siantis po S. Mikoli\u016bno perdavimo galva \u012fmu\u0161\u0117 I. Tatomirovi\u010dius.<\/p>\n<p>Po trij\u0173 minu\u010di\u0173 S. Mikoli\u016bnas per\u0117m\u0117 kamuol\u012f aik\u0161t\u0117s viduryje ir po F. Kyeremeh perdavimo spurtav\u0119s M. Oyewusi sm\u016bgiavo tiksliai.<\/p>\n<p>Prie\u0161 pat pertrauk\u0105 po atakos kairiu kra\u0161tu O. Buffas kulnu atmet\u0117 kamuol\u012f M. Mili\u010dkovi\u010dius ir \u0161is i\u0161 25 metr\u0173 pasiunt\u0117 kamuol\u012f \u012f vart\u0173 kamp\u0105.<\/p>\n<p>65 min. vir\u0161 vart\u0173 sm\u016bgiavo O. Buffas.<\/p>\n<p>72 min. \u201e\u017dalgiris\u201c \u012ftvirtino pergal\u0119. Po greitos atakos Renano sm\u016bg\u012f atr\u0117m\u0117 vartininkas, o at\u0161okus\u012f kamuol\u012f \u012f vartus galva nukreip\u0117 F. Ourega.<\/p>\n<p>Tai buvo pirmoji \u201e\u017dalgirio\u201c pergal\u0117 prie\u0161 \u201eHegelmann\u201c sve\u010diuose \u2013 iki tol dvejos rungtyn\u0117s buvo pasibaigusios lygiosiomis, kart\u0105 laim\u0117jo var\u017eovai.<\/p>\n<p>Kitas rungtynes \u201e\u017dalgiris\u201c \u017eais rugpj\u016b\u010dio 31 d. \u2013 \u201eHegelmann LFF taur\u0117s\u201c ketvirtfinalyje prie\u0161 \u201eRiterius\u201c.<\/p>\n","protected":false},"excerpt":{"rendered":"<p>Trimis \u012fvar\u010diais pirmo k\u0117linio pabaigoje sublizg\u0117j\u0119s \u201e\u017dalgiris\u201c \u012ftikinamai laim\u0117jo lyderi\u0173 dvikov\u0105 prie\u0161 Kauno rajono \u201eHegelmann\u201c, i\u0161kovojo a\u0161tunt\u0105 pergal\u0119 i\u0161 eil\u0117s \u010dempionate ir \u012fsitvirtino pirmoje turnyro\u2026<\/p>\n","protected":false},"author":4,"featured_media":0,"comment_status":"closed","ping_status":"closed","sticky":false,"template":"","format":"standard","meta":{"_acf_changed":false,"footnotes":""},"categories":[87],"class_list":["post-10059","post","type-post","status-publish","format-standard","hentry","category-zalgiris"],"acf":[],"yoast_head":"<!-- This site is optimized with the Yoast SEO plugin v26.8 - https:\/\/yoast.com\/product\/yoast-seo-wordpress\/ -->\n<title>Kaune - \u012ftikinama pergal\u0117 prie\u0161 \u201eHegelmann\u201c - FK \u017dalgiris<\/title>\n<meta name=\"robots\" content=\"index, follow, max-snippet:-1, max-image-preview:large, max-video-preview:-1\" \/>\n<link rel=\"canonical\" href=\"https:\/\/fkzalgiris.lt\/kaune-itikinama-pergale-pries-hegelmann\/\" \/>\n<meta property=\"og:locale\" content=\"lt_LT\" \/>\n<meta property=\"og:type\" content=\"article\" \/>\n<meta property=\"og:title\" content=\"Kaune - \u012ftikinama pergal\u0117 prie\u0161 \u201eHegelmann\u201c - FK \u017dalgiris\" \/>\n<meta property=\"og:description\" content=\"Trimis \u012fvar\u010diais pirmo k\u0117linio pabaigoje sublizg\u0117j\u0119s \u201e\u017dalgiris\u201c \u012ftikinamai laim\u0117jo lyderi\u0173 dvikov\u0105 prie\u0161 Kauno rajono \u201eHegelmann\u201c, i\u0161kovojo a\u0161tunt\u0105 pergal\u0119 i\u0161 eil\u0117s \u010dempionate ir \u012fsitvirtino pirmoje turnyro\u2026\" \/>\n<meta property=\"og:url\" content=\"https:\/\/fkzalgiris.lt\/kaune-itikinama-pergale-pries-hegelmann\/\" \/>\n<meta property=\"og:site_name\" content=\"FK \u017dalgiris\" \/>\n<meta property=\"article:publisher\" content=\"https:\/\/www.facebook.com\/fkzalgiris\/\" \/>\n<meta property=\"article:published_time\" content=\"2022-08-28T17:56:33+00:00\" \/>\n<meta property=\"og:image\" content=\"https:\/\/fkzalgiris.lt\/wp-content\/uploads\/2024\/02\/social-horiz_Zalgiris_logo_2024.png\" \/>\n\t<meta property=\"og:image:width\" content=\"3356\" \/>\n\t<meta property=\"og:image:height\" content=\"2259\" \/>\n\t<meta property=\"og:image:type\" content=\"image\/png\" \/>\n<meta name=\"author\" content=\"J\" \/>\n<meta name=\"twitter:card\" content=\"summary_large_image\" \/>\n<meta name=\"twitter:creator\" content=\"@fkzalgiris\" \/>\n<meta name=\"twitter:site\" content=\"@fkzalgiris\" \/>\n<meta name=\"twitter:label1\" content=\"Written by\" \/>\n\t<meta name=\"twitter:data1\" content=\"J\" \/>\n\t<meta name=\"twitter:label2\" content=\"Est. reading time\" \/>\n\t<meta name=\"twitter:data2\" content=\"2 minut\u0117s\" \/>\n<script type=\"application\/ld+json\" class=\"yoast-schema-graph\">{\"@context\":\"https:\/\/schema.org\",\"@graph\":[{\"@type\":\"Article\",\"@id\":\"https:\/\/fkzalgiris.lt\/kaune-itikinama-pergale-pries-hegelmann\/#article\",\"isPartOf\":{\"@id\":\"https:\/\/fkzalgiris.lt\/kaune-itikinama-pergale-pries-hegelmann\/\"},\"author\":{\"name\":\"J\",\"@id\":\"https:\/\/fkzalgiris.lt\/#\/schema\/person\/8604babbba794a7d8767be324a3eaac8\"},\"headline\":\"Kaune &#8211; \u012ftikinama pergal\u0117 prie\u0161 \u201eHegelmann\u201c\",\"datePublished\":\"2022-08-28T17:56:33+00:00\",\"mainEntityOfPage\":{\"@id\":\"https:\/\/fkzalgiris.lt\/kaune-itikinama-pergale-pries-hegelmann\/\"},\"wordCount\":343,\"publisher\":{\"@id\":\"https:\/\/fkzalgiris.lt\/#organization\"},\"articleSection\":[\"\u017dalgiris\"],\"inLanguage\":\"lt-LT\"},{\"@type\":\"WebPage\",\"@id\":\"https:\/\/fkzalgiris.lt\/kaune-itikinama-pergale-pries-hegelmann\/\",\"url\":\"https:\/\/fkzalgiris.lt\/kaune-itikinama-pergale-pries-hegelmann\/\",\"name\":\"Kaune - \u012ftikinama pergal\u0117 prie\u0161 \u201eHegelmann\u201c - FK \u017dalgiris\",\"isPartOf\":{\"@id\":\"https:\/\/fkzalgiris.lt\/#website\"},\"datePublished\":\"2022-08-28T17:56:33+00:00\",\"breadcrumb\":{\"@id\":\"https:\/\/fkzalgiris.lt\/kaune-itikinama-pergale-pries-hegelmann\/#breadcrumb\"},\"inLanguage\":\"lt-LT\",\"potentialAction\":[{\"@type\":\"ReadAction\",\"target\":[\"https:\/\/fkzalgiris.lt\/kaune-itikinama-pergale-pries-hegelmann\/\"]}]},{\"@type\":\"BreadcrumbList\",\"@id\":\"https:\/\/fkzalgiris.lt\/kaune-itikinama-pergale-pries-hegelmann\/#breadcrumb\",\"itemListElement\":[{\"@type\":\"ListItem\",\"position\":1,\"name\":\"Home\",\"item\":\"https:\/\/fkzalgiris.lt\/\"},{\"@type\":\"ListItem\",\"position\":2,\"name\":\"Kaune &#8211; \u012ftikinama pergal\u0117 prie\u0161 \u201eHegelmann\u201c\"}]},{\"@type\":\"WebSite\",\"@id\":\"https:\/\/fkzalgiris.lt\/#website\",\"url\":\"https:\/\/fkzalgiris.lt\/\",\"name\":\"FK \u017dalgiris\",\"description\":\"oficiali Vilniaus \u201e\u017dalgirio\u201c futbolo klubo svetain\u0117\",\"publisher\":{\"@id\":\"https:\/\/fkzalgiris.lt\/#organization\"},\"potentialAction\":[{\"@type\":\"SearchAction\",\"target\":{\"@type\":\"EntryPoint\",\"urlTemplate\":\"https:\/\/fkzalgiris.lt\/?s={search_term_string}\"},\"query-input\":{\"@type\":\"PropertyValueSpecification\",\"valueRequired\":true,\"valueName\":\"search_term_string\"}}],\"inLanguage\":\"lt-LT\"},{\"@type\":\"Organization\",\"@id\":\"https:\/\/fkzalgiris.lt\/#organization\",\"name\":\"FK \u017dalgiris\",\"url\":\"https:\/\/fkzalgiris.lt\/\",\"logo\":{\"@type\":\"ImageObject\",\"inLanguage\":\"lt-LT\",\"@id\":\"https:\/\/fkzalgiris.lt\/#\/schema\/logo\/image\/\",\"url\":\"https:\/\/fkzalgiris.lt\/wp-content\/uploads\/2024\/01\/horiz-FK-Zalgiris-logo-2015.png\",\"contentUrl\":\"https:\/\/fkzalgiris.lt\/wp-content\/uploads\/2024\/01\/horiz-FK-Zalgiris-logo-2015.png\",\"width\":3073,\"height\":2048,\"caption\":\"FK \u017dalgiris\"},\"image\":{\"@id\":\"https:\/\/fkzalgiris.lt\/#\/schema\/logo\/image\/\"},\"sameAs\":[\"https:\/\/www.facebook.com\/fkzalgiris\/\",\"https:\/\/x.com\/fkzalgiris\",\"https:\/\/www.instagram.com\/fkzalgiris\/\",\"https:\/\/www.youtube.com\/channel\/UC1ag8JLxGirltMUoLlzfZLA\"]},{\"@type\":\"Person\",\"@id\":\"https:\/\/fkzalgiris.lt\/#\/schema\/person\/8604babbba794a7d8767be324a3eaac8\",\"name\":\"J\"}]}<\/script>\n<!-- \/ Yoast SEO plugin. -->","yoast_head_json":{"title":"Kaune - \u012ftikinama pergal\u0117 prie\u0161 \u201eHegelmann\u201c - FK \u017dalgiris","robots":{"index":"index","follow":"follow","max-snippet":"max-snippet:-1","max-image-preview":"max-image-preview:large","max-video-preview":"max-video-preview:-1"},"canonical":"https:\/\/fkzalgiris.lt\/kaune-itikinama-pergale-pries-hegelmann\/","og_locale":"lt_LT","og_type":"article","og_title":"Kaune - \u012ftikinama pergal\u0117 prie\u0161 \u201eHegelmann\u201c - FK \u017dalgiris","og_description":"Trimis \u012fvar\u010diais pirmo k\u0117linio pabaigoje sublizg\u0117j\u0119s \u201e\u017dalgiris\u201c \u012ftikinamai laim\u0117jo lyderi\u0173 dvikov\u0105 prie\u0161 Kauno rajono \u201eHegelmann\u201c, i\u0161kovojo a\u0161tunt\u0105 pergal\u0119 i\u0161 eil\u0117s \u010dempionate ir \u012fsitvirtino pirmoje turnyro\u2026","og_url":"https:\/\/fkzalgiris.lt\/kaune-itikinama-pergale-pries-hegelmann\/","og_site_name":"FK \u017dalgiris","article_publisher":"https:\/\/www.facebook.com\/fkzalgiris\/","article_published_time":"2022-08-28T17:56:33+00:00","og_image":[{"width":3356,"height":2259,"url":"https:\/\/fkzalgiris.lt\/wp-content\/uploads\/2024\/02\/social-horiz_Zalgiris_logo_2024.png","type":"image\/png"}],"author":"J","twitter_card":"summary_large_image","twitter_creator":"@fkzalgiris","twitter_site":"@fkzalgiris","twitter_misc":{"Written by":"J","Est. reading time":"2 minut\u0117s"},"schema":{"@context":"https:\/\/schema.org","@graph":[{"@type":"Article","@id":"https:\/\/fkzalgiris.lt\/kaune-itikinama-pergale-pries-hegelmann\/#article","isPartOf":{"@id":"https:\/\/fkzalgiris.lt\/kaune-itikinama-pergale-pries-hegelmann\/"},"author":{"name":"J","@id":"https:\/\/fkzalgiris.lt\/#\/schema\/person\/8604babbba794a7d8767be324a3eaac8"},"headline":"Kaune &#8211; \u012ftikinama pergal\u0117 prie\u0161 \u201eHegelmann\u201c","datePublished":"2022-08-28T17:56:33+00:00","mainEntityOfPage":{"@id":"https:\/\/fkzalgiris.lt\/kaune-itikinama-pergale-pries-hegelmann\/"},"wordCount":343,"publisher":{"@id":"https:\/\/fkzalgiris.lt\/#organization"},"articleSection":["\u017dalgiris"],"inLanguage":"lt-LT"},{"@type":"WebPage","@id":"https:\/\/fkzalgiris.lt\/kaune-itikinama-pergale-pries-hegelmann\/","url":"https:\/\/fkzalgiris.lt\/kaune-itikinama-pergale-pries-hegelmann\/","name":"Kaune - \u012ftikinama pergal\u0117 prie\u0161 \u201eHegelmann\u201c - FK \u017dalgiris","isPartOf":{"@id":"https:\/\/fkzalgiris.lt\/#website"},"datePublished":"2022-08-28T17:56:33+00:00","breadcrumb":{"@id":"https:\/\/fkzalgiris.lt\/kaune-itikinama-pergale-pries-hegelmann\/#breadcrumb"},"inLanguage":"lt-LT","potentialAction":[{"@type":"ReadAction","target":["https:\/\/fkzalgiris.lt\/kaune-itikinama-pergale-pries-hegelmann\/"]}]},{"@type":"BreadcrumbList","@id":"https:\/\/fkzalgiris.lt\/kaune-itikinama-pergale-pries-hegelmann\/#breadcrumb","itemListElement":[{"@type":"ListItem","position":1,"name":"Home","item":"https:\/\/fkzalgiris.lt\/"},{"@type":"ListItem","position":2,"name":"Kaune &#8211; \u012ftikinama pergal\u0117 prie\u0161 \u201eHegelmann\u201c"}]},{"@type":"WebSite","@id":"https:\/\/fkzalgiris.lt\/#website","url":"https:\/\/fkzalgiris.lt\/","name":"FK \u017dalgiris","description":"oficiali Vilniaus \u201e\u017dalgirio\u201c futbolo klubo svetain\u0117","publisher":{"@id":"https:\/\/fkzalgiris.lt\/#organization"},"potentialAction":[{"@type":"SearchAction","target":{"@type":"EntryPoint","urlTemplate":"https:\/\/fkzalgiris.lt\/?s={search_term_string}"},"query-input":{"@type":"PropertyValueSpecification","valueRequired":true,"valueName":"search_term_string"}}],"inLanguage":"lt-LT"},{"@type":"Organization","@id":"https:\/\/fkzalgiris.lt\/#organization","name":"FK \u017dalgiris","url":"https:\/\/fkzalgiris.lt\/","logo":{"@type":"ImageObject","inLanguage":"lt-LT","@id":"https:\/\/fkzalgiris.lt\/#\/schema\/logo\/image\/","url":"https:\/\/fkzalgiris.lt\/wp-content\/uploads\/2024\/01\/horiz-FK-Zalgiris-logo-2015.png","contentUrl":"https:\/\/fkzalgiris.lt\/wp-content\/uploads\/2024\/01\/horiz-FK-Zalgiris-logo-2015.png","width":3073,"height":2048,"caption":"FK \u017dalgiris"},"image":{"@id":"https:\/\/fkzalgiris.lt\/#\/schema\/logo\/image\/"},"sameAs":["https:\/\/www.facebook.com\/fkzalgiris\/","https:\/\/x.com\/fkzalgiris","https:\/\/www.instagram.com\/fkzalgiris\/","https:\/\/www.youtube.com\/channel\/UC1ag8JLxGirltMUoLlzfZLA"]},{"@type":"Person","@id":"https:\/\/fkzalgiris.lt\/#\/schema\/person\/8604babbba794a7d8767be324a3eaac8","name":"J"}]}},"_links":{"self":[{"href":"https:\/\/fkzalgiris.lt\/api\/wp\/v2\/posts\/10059","targetHints":{"allow":["GET"]}}],"collection":[{"href":"https:\/\/fkzalgiris.lt\/api\/wp\/v2\/posts"}],"about":[{"href":"https:\/\/fkzalgiris.lt\/api\/wp\/v2\/types\/post"}],"author":[{"embeddable":true,"href":"https:\/\/fkzalgiris.lt\/api\/wp\/v2\/users\/4"}],"replies":[{"embeddable":true,"href":"https:\/\/fkzalgiris.lt\/api\/wp\/v2\/comments?post=10059"}],"version-history":[{"count":2,"href":"https:\/\/fkzalgiris.lt\/api\/wp\/v2\/posts\/10059\/revisions"}],"predecessor-version":[{"id":10062,"href":"https:\/\/fkzalgiris.lt\/api\/wp\/v2\/posts\/10059\/revisions\/10062"}],"wp:attachment":[{"href":"https:\/\/fkzalgiris.lt\/api\/wp\/v2\/media?parent=10059"}],"wp:term":[{"taxonomy":"category","embeddable":true,"href":"https:\/\/fkzalgiris.lt\/api\/wp\/v2\/categories?post=10059"}],"curies":[{"name":"wp","href":"https:\/\/api.w.org\/{rel}","templated":true}]}}