{"id":10037,"date":"2022-08-27T09:33:37","date_gmt":"2022-08-27T06:33:37","guid":{"rendered":"https:\/\/fkzalgiris.lt\/?p=10037"},"modified":"2022-09-05T16:11:09","modified_gmt":"2022-09-05T13:11:09","slug":"konferenciju-lygos-debiutas-slovakijoje-pirmas-vilniuje-vieses-basel","status":"publish","type":"post","link":"https:\/\/fkzalgiris.lt\/konferenciju-lygos-debiutas-slovakijoje-pirmas-vilniuje-vieses-basel\/","title":{"rendered":"Konferencij\u0173 lygos debiutas &#8211; Slovakijoje, pirmas Vilniuje vie\u0161\u0117s \u201eBasel\u201c."},"content":{"rendered":"<p>UEFA Europa Konferencij\u0173 lygoje \u201e\u017dalgiris\u201c debiutuos i\u0161vykoje prie\u0161 Slovakijos \u010dempionus, o pirm\u0105sias rungtynes namuose \u017eais rugs\u0117jo 15 dien\u0105 prie\u0161 \u201eBasel\u201c.<\/p>\n<p>Konferencij\u0173 lygos rungtyn\u0117s bus \u017eaid\u017eiamos ketvirtadieniais.<\/p>\n<p>\u017dalgirie\u010diai rugs\u0117jo 8 dien\u0105 rungtyniaus Slovakijoje, o po savait\u0117s namuose priims \u0160veicarijos vice\u010dempion\u0105 \u201eBasel\u201c.<\/p>\n<p>Spal\u012f laukia dvikovos su Jerevano \u201ePyunik\u201c ir kelion\u0117 \u012f \u0160veicarij\u0105, o grupi\u0173 etapo var\u017eybos bus baigtos lapkri\u010dio 3 dien\u0105 namuose prie\u0161 \u201eSlovan\u201c.<\/p>\n<p>Nam\u0173 rungtynes \u201e\u017dalgiris\u201c \u017eais Vilniuje, LFF stadione.<\/p>\n<p>Vis\u0173 rungtyni\u0173 datas ir laikus nustat\u0117 Europos futbolo asociacij\u0173 s\u0105junga (UEFA).<\/p>\n<p><strong>Rungtyni\u0173 tvarkara\u0161tis:<\/strong><\/p>\n<p>Rugs\u0117jo 8 d. 22:00 (Nacionalinis stadionas, Bratislava)<\/p>\n<p>Bratislavos \u201eSlovan\u201c \u2013 \u201e\u017dalgiris\u201c<\/p>\n<p>Rugs\u0117jo 15 d. 19:45 (LFF stadionas, Vilnius)<\/p>\n<p>\u201e\u017dalgiris\u201c \u2013 \u201eBasel\u201c<\/p>\n<p>Spalio 6 d. 19:45 (Respublikinis V. Sargsyano stadionas, Jerevanas)<\/p>\n<p>Jerevano \u201ePyunik\u201c \u2013 \u201e\u017dalgiris\u201c<\/p>\n<p>Spalio 13 d. 22:00 (LFF stadionas, Vilnius)<\/p>\n<p>\u201e\u017dalgiris\u201c \u2013 \u201ePyunik\u201c<\/p>\n<p>Spalio 27 d. 22:00 (St. Jakob-Park, Bazelis)<\/p>\n<p>\u201eBasel\u201c \u2013 \u201e\u017dalgiris\u201c<\/p>\n<p>Lapkri\u010dio 3 d. 19:45 (LFF stadionas, Vilnius)<\/p>\n<p>\u201e\u017dalgiris\u201c \u2013 \u201eSlovan\u201c<\/p>\n","protected":false},"excerpt":{"rendered":"<p>UEFA Europa Konferencij\u0173 lygoje \u201e\u017dalgiris\u201c debiutuos i\u0161vykoje prie\u0161 Slovakijos \u010dempionus, o pirm\u0105sias rungtynes namuose \u017eais rugs\u0117jo 15 dien\u0105 prie\u0161 \u201eBasel\u201c. Konferencij\u0173 lygos rungtyn\u0117s bus \u017eaid\u017eiamos\u2026<\/p>\n","protected":false},"author":4,"featured_media":0,"comment_status":"closed","ping_status":"closed","sticky":false,"template":"","format":"standard","meta":{"_acf_changed":false,"footnotes":""},"categories":[87],"class_list":["post-10037","post","type-post","status-publish","format-standard","hentry","category-zalgiris"],"acf":[],"yoast_head":"<!-- This site is optimized with the Yoast SEO plugin v26.8 - https:\/\/yoast.com\/product\/yoast-seo-wordpress\/ -->\n<title>Konferencij\u0173 lygos debiutas - Slovakijoje, pirmas Vilniuje vie\u0161\u0117s \u201eBasel\u201c. - FK \u017dalgiris<\/title>\n<meta name=\"robots\" content=\"index, follow, max-snippet:-1, max-image-preview:large, max-video-preview:-1\" \/>\n<link rel=\"canonical\" href=\"https:\/\/fkzalgiris.lt\/konferenciju-lygos-debiutas-slovakijoje-pirmas-vilniuje-vieses-basel\/\" \/>\n<meta property=\"og:locale\" content=\"lt_LT\" \/>\n<meta property=\"og:type\" content=\"article\" \/>\n<meta property=\"og:title\" content=\"Konferencij\u0173 lygos debiutas - Slovakijoje, pirmas Vilniuje vie\u0161\u0117s \u201eBasel\u201c. - FK \u017dalgiris\" \/>\n<meta property=\"og:description\" content=\"UEFA Europa Konferencij\u0173 lygoje \u201e\u017dalgiris\u201c debiutuos i\u0161vykoje prie\u0161 Slovakijos \u010dempionus, o pirm\u0105sias rungtynes namuose \u017eais rugs\u0117jo 15 dien\u0105 prie\u0161 \u201eBasel\u201c. Konferencij\u0173 lygos rungtyn\u0117s bus \u017eaid\u017eiamos\u2026\" \/>\n<meta property=\"og:url\" content=\"https:\/\/fkzalgiris.lt\/konferenciju-lygos-debiutas-slovakijoje-pirmas-vilniuje-vieses-basel\/\" \/>\n<meta property=\"og:site_name\" content=\"FK \u017dalgiris\" \/>\n<meta property=\"article:publisher\" content=\"https:\/\/www.facebook.com\/fkzalgiris\/\" \/>\n<meta property=\"article:published_time\" content=\"2022-08-27T06:33:37+00:00\" \/>\n<meta property=\"article:modified_time\" content=\"2022-09-05T13:11:09+00:00\" \/>\n<meta property=\"og:image\" content=\"https:\/\/fkzalgiris.lt\/wp-content\/uploads\/2024\/02\/social-horiz_Zalgiris_logo_2024.png\" \/>\n\t<meta property=\"og:image:width\" content=\"3356\" \/>\n\t<meta property=\"og:image:height\" content=\"2259\" \/>\n\t<meta property=\"og:image:type\" content=\"image\/png\" \/>\n<meta name=\"author\" content=\"J\" \/>\n<meta name=\"twitter:card\" content=\"summary_large_image\" \/>\n<meta name=\"twitter:creator\" content=\"@fkzalgiris\" \/>\n<meta name=\"twitter:site\" content=\"@fkzalgiris\" \/>\n<meta name=\"twitter:label1\" content=\"Written by\" \/>\n\t<meta name=\"twitter:data1\" content=\"J\" \/>\n\t<meta name=\"twitter:label2\" content=\"Est. reading time\" \/>\n\t<meta name=\"twitter:data2\" content=\"1 minut\u0117\" \/>\n<script type=\"application\/ld+json\" class=\"yoast-schema-graph\">{\"@context\":\"https:\/\/schema.org\",\"@graph\":[{\"@type\":\"Article\",\"@id\":\"https:\/\/fkzalgiris.lt\/konferenciju-lygos-debiutas-slovakijoje-pirmas-vilniuje-vieses-basel\/#article\",\"isPartOf\":{\"@id\":\"https:\/\/fkzalgiris.lt\/konferenciju-lygos-debiutas-slovakijoje-pirmas-vilniuje-vieses-basel\/\"},\"author\":{\"name\":\"J\",\"@id\":\"https:\/\/fkzalgiris.lt\/#\/schema\/person\/8604babbba794a7d8767be324a3eaac8\"},\"headline\":\"Konferencij\u0173 lygos debiutas &#8211; Slovakijoje, pirmas Vilniuje vie\u0161\u0117s \u201eBasel\u201c.\",\"datePublished\":\"2022-08-27T06:33:37+00:00\",\"dateModified\":\"2022-09-05T13:11:09+00:00\",\"mainEntityOfPage\":{\"@id\":\"https:\/\/fkzalgiris.lt\/konferenciju-lygos-debiutas-slovakijoje-pirmas-vilniuje-vieses-basel\/\"},\"wordCount\":150,\"publisher\":{\"@id\":\"https:\/\/fkzalgiris.lt\/#organization\"},\"articleSection\":[\"\u017dalgiris\"],\"inLanguage\":\"lt-LT\"},{\"@type\":\"WebPage\",\"@id\":\"https:\/\/fkzalgiris.lt\/konferenciju-lygos-debiutas-slovakijoje-pirmas-vilniuje-vieses-basel\/\",\"url\":\"https:\/\/fkzalgiris.lt\/konferenciju-lygos-debiutas-slovakijoje-pirmas-vilniuje-vieses-basel\/\",\"name\":\"Konferencij\u0173 lygos debiutas - Slovakijoje, pirmas Vilniuje vie\u0161\u0117s \u201eBasel\u201c. - FK \u017dalgiris\",\"isPartOf\":{\"@id\":\"https:\/\/fkzalgiris.lt\/#website\"},\"datePublished\":\"2022-08-27T06:33:37+00:00\",\"dateModified\":\"2022-09-05T13:11:09+00:00\",\"breadcrumb\":{\"@id\":\"https:\/\/fkzalgiris.lt\/konferenciju-lygos-debiutas-slovakijoje-pirmas-vilniuje-vieses-basel\/#breadcrumb\"},\"inLanguage\":\"lt-LT\",\"potentialAction\":[{\"@type\":\"ReadAction\",\"target\":[\"https:\/\/fkzalgiris.lt\/konferenciju-lygos-debiutas-slovakijoje-pirmas-vilniuje-vieses-basel\/\"]}]},{\"@type\":\"BreadcrumbList\",\"@id\":\"https:\/\/fkzalgiris.lt\/konferenciju-lygos-debiutas-slovakijoje-pirmas-vilniuje-vieses-basel\/#breadcrumb\",\"itemListElement\":[{\"@type\":\"ListItem\",\"position\":1,\"name\":\"Home\",\"item\":\"https:\/\/fkzalgiris.lt\/\"},{\"@type\":\"ListItem\",\"position\":2,\"name\":\"Konferencij\u0173 lygos debiutas &#8211; Slovakijoje, pirmas Vilniuje vie\u0161\u0117s \u201eBasel\u201c.\"}]},{\"@type\":\"WebSite\",\"@id\":\"https:\/\/fkzalgiris.lt\/#website\",\"url\":\"https:\/\/fkzalgiris.lt\/\",\"name\":\"FK \u017dalgiris\",\"description\":\"oficiali Vilniaus \u201e\u017dalgirio\u201c futbolo klubo svetain\u0117\",\"publisher\":{\"@id\":\"https:\/\/fkzalgiris.lt\/#organization\"},\"potentialAction\":[{\"@type\":\"SearchAction\",\"target\":{\"@type\":\"EntryPoint\",\"urlTemplate\":\"https:\/\/fkzalgiris.lt\/?s={search_term_string}\"},\"query-input\":{\"@type\":\"PropertyValueSpecification\",\"valueRequired\":true,\"valueName\":\"search_term_string\"}}],\"inLanguage\":\"lt-LT\"},{\"@type\":\"Organization\",\"@id\":\"https:\/\/fkzalgiris.lt\/#organization\",\"name\":\"FK \u017dalgiris\",\"url\":\"https:\/\/fkzalgiris.lt\/\",\"logo\":{\"@type\":\"ImageObject\",\"inLanguage\":\"lt-LT\",\"@id\":\"https:\/\/fkzalgiris.lt\/#\/schema\/logo\/image\/\",\"url\":\"https:\/\/fkzalgiris.lt\/wp-content\/uploads\/2024\/01\/horiz-FK-Zalgiris-logo-2015.png\",\"contentUrl\":\"https:\/\/fkzalgiris.lt\/wp-content\/uploads\/2024\/01\/horiz-FK-Zalgiris-logo-2015.png\",\"width\":3073,\"height\":2048,\"caption\":\"FK \u017dalgiris\"},\"image\":{\"@id\":\"https:\/\/fkzalgiris.lt\/#\/schema\/logo\/image\/\"},\"sameAs\":[\"https:\/\/www.facebook.com\/fkzalgiris\/\",\"https:\/\/x.com\/fkzalgiris\",\"https:\/\/www.instagram.com\/fkzalgiris\/\",\"https:\/\/www.youtube.com\/channel\/UC1ag8JLxGirltMUoLlzfZLA\"]},{\"@type\":\"Person\",\"@id\":\"https:\/\/fkzalgiris.lt\/#\/schema\/person\/8604babbba794a7d8767be324a3eaac8\",\"name\":\"J\"}]}<\/script>\n<!-- \/ Yoast SEO plugin. -->","yoast_head_json":{"title":"Konferencij\u0173 lygos debiutas - Slovakijoje, pirmas Vilniuje vie\u0161\u0117s \u201eBasel\u201c. - FK \u017dalgiris","robots":{"index":"index","follow":"follow","max-snippet":"max-snippet:-1","max-image-preview":"max-image-preview:large","max-video-preview":"max-video-preview:-1"},"canonical":"https:\/\/fkzalgiris.lt\/konferenciju-lygos-debiutas-slovakijoje-pirmas-vilniuje-vieses-basel\/","og_locale":"lt_LT","og_type":"article","og_title":"Konferencij\u0173 lygos debiutas - Slovakijoje, pirmas Vilniuje vie\u0161\u0117s \u201eBasel\u201c. - FK \u017dalgiris","og_description":"UEFA Europa Konferencij\u0173 lygoje \u201e\u017dalgiris\u201c debiutuos i\u0161vykoje prie\u0161 Slovakijos \u010dempionus, o pirm\u0105sias rungtynes namuose \u017eais rugs\u0117jo 15 dien\u0105 prie\u0161 \u201eBasel\u201c. Konferencij\u0173 lygos rungtyn\u0117s bus \u017eaid\u017eiamos\u2026","og_url":"https:\/\/fkzalgiris.lt\/konferenciju-lygos-debiutas-slovakijoje-pirmas-vilniuje-vieses-basel\/","og_site_name":"FK \u017dalgiris","article_publisher":"https:\/\/www.facebook.com\/fkzalgiris\/","article_published_time":"2022-08-27T06:33:37+00:00","article_modified_time":"2022-09-05T13:11:09+00:00","og_image":[{"width":3356,"height":2259,"url":"https:\/\/fkzalgiris.lt\/wp-content\/uploads\/2024\/02\/social-horiz_Zalgiris_logo_2024.png","type":"image\/png"}],"author":"J","twitter_card":"summary_large_image","twitter_creator":"@fkzalgiris","twitter_site":"@fkzalgiris","twitter_misc":{"Written by":"J","Est. reading time":"1 minut\u0117"},"schema":{"@context":"https:\/\/schema.org","@graph":[{"@type":"Article","@id":"https:\/\/fkzalgiris.lt\/konferenciju-lygos-debiutas-slovakijoje-pirmas-vilniuje-vieses-basel\/#article","isPartOf":{"@id":"https:\/\/fkzalgiris.lt\/konferenciju-lygos-debiutas-slovakijoje-pirmas-vilniuje-vieses-basel\/"},"author":{"name":"J","@id":"https:\/\/fkzalgiris.lt\/#\/schema\/person\/8604babbba794a7d8767be324a3eaac8"},"headline":"Konferencij\u0173 lygos debiutas &#8211; Slovakijoje, pirmas Vilniuje vie\u0161\u0117s \u201eBasel\u201c.","datePublished":"2022-08-27T06:33:37+00:00","dateModified":"2022-09-05T13:11:09+00:00","mainEntityOfPage":{"@id":"https:\/\/fkzalgiris.lt\/konferenciju-lygos-debiutas-slovakijoje-pirmas-vilniuje-vieses-basel\/"},"wordCount":150,"publisher":{"@id":"https:\/\/fkzalgiris.lt\/#organization"},"articleSection":["\u017dalgiris"],"inLanguage":"lt-LT"},{"@type":"WebPage","@id":"https:\/\/fkzalgiris.lt\/konferenciju-lygos-debiutas-slovakijoje-pirmas-vilniuje-vieses-basel\/","url":"https:\/\/fkzalgiris.lt\/konferenciju-lygos-debiutas-slovakijoje-pirmas-vilniuje-vieses-basel\/","name":"Konferencij\u0173 lygos debiutas - Slovakijoje, pirmas Vilniuje vie\u0161\u0117s \u201eBasel\u201c. - FK \u017dalgiris","isPartOf":{"@id":"https:\/\/fkzalgiris.lt\/#website"},"datePublished":"2022-08-27T06:33:37+00:00","dateModified":"2022-09-05T13:11:09+00:00","breadcrumb":{"@id":"https:\/\/fkzalgiris.lt\/konferenciju-lygos-debiutas-slovakijoje-pirmas-vilniuje-vieses-basel\/#breadcrumb"},"inLanguage":"lt-LT","potentialAction":[{"@type":"ReadAction","target":["https:\/\/fkzalgiris.lt\/konferenciju-lygos-debiutas-slovakijoje-pirmas-vilniuje-vieses-basel\/"]}]},{"@type":"BreadcrumbList","@id":"https:\/\/fkzalgiris.lt\/konferenciju-lygos-debiutas-slovakijoje-pirmas-vilniuje-vieses-basel\/#breadcrumb","itemListElement":[{"@type":"ListItem","position":1,"name":"Home","item":"https:\/\/fkzalgiris.lt\/"},{"@type":"ListItem","position":2,"name":"Konferencij\u0173 lygos debiutas &#8211; Slovakijoje, pirmas Vilniuje vie\u0161\u0117s \u201eBasel\u201c."}]},{"@type":"WebSite","@id":"https:\/\/fkzalgiris.lt\/#website","url":"https:\/\/fkzalgiris.lt\/","name":"FK \u017dalgiris","description":"oficiali Vilniaus \u201e\u017dalgirio\u201c futbolo klubo svetain\u0117","publisher":{"@id":"https:\/\/fkzalgiris.lt\/#organization"},"potentialAction":[{"@type":"SearchAction","target":{"@type":"EntryPoint","urlTemplate":"https:\/\/fkzalgiris.lt\/?s={search_term_string}"},"query-input":{"@type":"PropertyValueSpecification","valueRequired":true,"valueName":"search_term_string"}}],"inLanguage":"lt-LT"},{"@type":"Organization","@id":"https:\/\/fkzalgiris.lt\/#organization","name":"FK \u017dalgiris","url":"https:\/\/fkzalgiris.lt\/","logo":{"@type":"ImageObject","inLanguage":"lt-LT","@id":"https:\/\/fkzalgiris.lt\/#\/schema\/logo\/image\/","url":"https:\/\/fkzalgiris.lt\/wp-content\/uploads\/2024\/01\/horiz-FK-Zalgiris-logo-2015.png","contentUrl":"https:\/\/fkzalgiris.lt\/wp-content\/uploads\/2024\/01\/horiz-FK-Zalgiris-logo-2015.png","width":3073,"height":2048,"caption":"FK \u017dalgiris"},"image":{"@id":"https:\/\/fkzalgiris.lt\/#\/schema\/logo\/image\/"},"sameAs":["https:\/\/www.facebook.com\/fkzalgiris\/","https:\/\/x.com\/fkzalgiris","https:\/\/www.instagram.com\/fkzalgiris\/","https:\/\/www.youtube.com\/channel\/UC1ag8JLxGirltMUoLlzfZLA"]},{"@type":"Person","@id":"https:\/\/fkzalgiris.lt\/#\/schema\/person\/8604babbba794a7d8767be324a3eaac8","name":"J"}]}},"_links":{"self":[{"href":"https:\/\/fkzalgiris.lt\/api\/wp\/v2\/posts\/10037","targetHints":{"allow":["GET"]}}],"collection":[{"href":"https:\/\/fkzalgiris.lt\/api\/wp\/v2\/posts"}],"about":[{"href":"https:\/\/fkzalgiris.lt\/api\/wp\/v2\/types\/post"}],"author":[{"embeddable":true,"href":"https:\/\/fkzalgiris.lt\/api\/wp\/v2\/users\/4"}],"replies":[{"embeddable":true,"href":"https:\/\/fkzalgiris.lt\/api\/wp\/v2\/comments?post=10037"}],"version-history":[{"count":8,"href":"https:\/\/fkzalgiris.lt\/api\/wp\/v2\/posts\/10037\/revisions"}],"predecessor-version":[{"id":10159,"href":"https:\/\/fkzalgiris.lt\/api\/wp\/v2\/posts\/10037\/revisions\/10159"}],"wp:attachment":[{"href":"https:\/\/fkzalgiris.lt\/api\/wp\/v2\/media?parent=10037"}],"wp:term":[{"taxonomy":"category","embeddable":true,"href":"https:\/\/fkzalgiris.lt\/api\/wp\/v2\/categories?post=10037"}],"curies":[{"name":"wp","href":"https:\/\/api.w.org\/{rel}","templated":true}]}}