{"id":767,"date":"2025-06-30T10:52:08","date_gmt":"2025-06-30T07:52:08","guid":{"rendered":"https:\/\/fkzalgiris.lt\/akademija\/?p=767"},"modified":"2025-06-30T10:52:10","modified_gmt":"2025-06-30T07:52:10","slug":"trenerio-ir-kapitono-mintys-apie-prabegusi-u-16-sezona","status":"publish","type":"post","link":"https:\/\/fkzalgiris.lt\/akademija\/trenerio-ir-kapitono-mintys-apie-prabegusi-u-16-sezona\/","title":{"rendered":"Trenerio ir kapitono mintys apie prab\u0117gus\u012f U-16 sezon\u0105"},"content":{"rendered":"\n<p>Neseniai fini\u0161avo dar vienas emocij\u0173 kupinas jaunimo futbolas sezonas. U-16 \u017ealgirie\u010diams prab\u0117g\u0119s sezonas buvo \u012fsimintinas &#8211; u\u017eimta antroji vieta Elitin\u0117je jauni\u0173 lygoje ir netik\u0117tai pasiektas Baltijos jaunimo lygos finalas.<\/p>\n\n\n\n<p>Apie pastaraj\u012f sezon\u0105 savosiomis mintimis pasidalino komandas treneris Ram\u016bnas Radavi\u010dius ir kapitonas Dovydas Eidukaitis.<\/p>\n\n\n\n<p>\u201eSezonas \u2013 puikus. Turb\u016bt ir pats, ir jaunimas to nesitik\u0117jome. Iki fantastinio truput\u012f tr\u016bko. \u017dinome, ko. Gaila, kad Baltijos jaunimo lygos finalas persikelia jau \u012f kit\u0105 sezon\u0105. Iki \u017eiemos \u0117josi truput\u012f sunkiau, bet v\u0117liau, prasid\u0117jus BJL, \u0117jome gerai. Ypa\u010d po rungtyni\u0173 prie\u0161 \u201eAlberts\u201c, kai atsilikdami 0:3 per trump\u0105 laik\u0105 sugr\u012f\u017eome ir rungtynes laim\u0117jome rezultatu 4:3. Nuo t\u0173 rungtyni\u0173 realiai ir prad\u0117jome va\u017eiuoti\u201c, \u2013 teig\u0117 R. Radavi\u010dius.<\/p>\n\n\n\n<p>R. Radavi\u010dius pamin\u0117jo, jog sunkum\u0173 i\u0161vengta nebuvo, o sezono pabaiga buvo ypa\u010d \u012ftempta.<\/p>\n\n\n\n<p>\u201eBuvo traum\u0173, vienas \u017eaid\u0117jas i\u0161 rotacijos i\u0161krito devyniems m\u0117nesiams. Sezono pabaigoje paskutinius du m\u0117nesius \u017eaid\u0117me su ma\u017edaug 1\u20132 keitimais. Su treneriu Juliumi Kibirk\u0161timi lauk\u0117me, kada jaunimas subyr\u0117s, nebepatemps kr\u016bvio, nes atsiskyrus stipriausioms \u0161e\u0161ioms Elitin\u0117s jaunimo lygos komandoms reik\u0117jo su visais \u017eaisti, visos komandos stiprios. Viduryje savait\u0117s atsirado ir keturios papildomos BJL rungtyn\u0117s. Treniruo\u010di\u0173 jau prakti\u0161kai nebuvo. Jaunimas, pasitelk\u0119s charakter\u012f, i\u0161trauk\u0117. Kiekvienas kovojo u\u017e vien\u0105 ir i\u0161gyvenome\u201c, \u2013 pasakojo R. Radavi\u010dius.<\/p>\n\n\n\n<p>Treneris ap\u017evelg\u0117 ir paskutini\u0105sias sezono rungtynes.<\/p>\n\n\n\n<p>\u201e\u017daid\u0117me su Klaip\u0117dos komanda, tuomet \u2013 kelion\u0117 ir taip pat sunkios rungtyn\u0117s tre\u010diadien\u012f. Jaunimas \u0117jo \u017eaisti per charakter\u012f, nor\u0105. Komandoje gal\u0117jo \u017eaisti dar trys vyresni \u017eaid\u0117jai, tad jie labai stipriai pad\u0117jo. Paskutinius du m\u0117nesius \u017eaid\u0117jai jau \u017eaid\u0117 autopilotu. Nieko nebereik\u0117jo sakyti, nes jie visk\u0105 \u017einojo\u201c, \u2013 tikino treneris.<\/p>\n\n\n\n<p>Nors ir neslepia apmaudo, jog finalas bus \u017eaid\u017eiamas tik rugpj\u016bt\u012f ar rugs\u0117j\u012f, R. Radavi\u010dius \u012fsitikin\u0119s, jog kova d\u0117l U-16 BJL titulo bus gera.<\/p>\n\n\n\n<p>\u201eBus geros rungtyn\u0117s, geras finalas. Gaila, kad sezon\u0105 u\u017ebaigiame ne dabar. Latviams gerai, nes j\u0173 sezonas dabar yra \u012fpus\u0117j\u0119s, tad jie nenuken\u010dia. \u017di\u016br\u0117sime\u201c, \u2013 u\u017ebaig\u0117 treneris.<\/p>\n\n\n\n<figure class=\"wp-block-image size-large\"><img loading=\"lazy\" decoding=\"async\" width=\"1024\" height=\"683\" src=\"https:\/\/fkzalgiris.lt\/akademija\/wp-content\/uploads\/2025\/06\/504029958_1270260868437806_6884801224437546115_n-1024x683.jpg\" alt=\"\" class=\"wp-image-773\" srcset=\"https:\/\/fkzalgiris.lt\/akademija\/wp-content\/uploads\/2025\/06\/504029958_1270260868437806_6884801224437546115_n-1024x683.jpg 1024w, https:\/\/fkzalgiris.lt\/akademija\/wp-content\/uploads\/2025\/06\/504029958_1270260868437806_6884801224437546115_n-300x200.jpg 300w, https:\/\/fkzalgiris.lt\/akademija\/wp-content\/uploads\/2025\/06\/504029958_1270260868437806_6884801224437546115_n-768x512.jpg 768w, https:\/\/fkzalgiris.lt\/akademija\/wp-content\/uploads\/2025\/06\/504029958_1270260868437806_6884801224437546115_n-1536x1024.jpg 1536w, https:\/\/fkzalgiris.lt\/akademija\/wp-content\/uploads\/2025\/06\/504029958_1270260868437806_6884801224437546115_n.jpg 2048w\" sizes=\"auto, (max-width: 1024px) 100vw, 1024px\" \/><\/figure>\n\n\n\n<p><\/p>\n\n\n\n<p>Komandos kapitonas D. Eidukaitis pasidalino savo mintimis ir taip pat pabr\u0117\u017e\u0117 rungtyni\u0173 prie\u0161 \u201eAlberts\u201c svarb\u0105.<\/p>\n\n\n\n<p>\u201eBaltijos jaunimo lyg\u0105 prad\u0117jome su pralaim\u0117jimu, bet v\u0117liau \u012fsiva\u017eiavome ir sek\u0117si neblogai. Lietuvos \u010dempionato pirmajame rate sek\u0117si pras\u010diau, bet antrame \u017eaid\u0117me gerai, be pralaim\u0117jim\u0173, tik prie\u0161paskutin\u0117se rungtyn\u0117se nusileidome Klaip\u0117dos komandai ir u\u017e\u0117m\u0117me antr\u0105 viet\u0105. Po sugr\u012f\u017eimo prie\u0161 \u201eAlberts\u201c komand\u0105 tikrai prad\u0117jome \u017eaisti geriau. Galb\u016bt gavome daugiau pasitik\u0117jimo.<\/p>\n\n\n\n<p>Paskutin\u0117se BJL rungtyn\u0117se prie\u0161 Latvijos komandas buvo kaip ir visada \u2013 i\u0161\u0117jome ir padar\u0117me savo darb\u0105\u201c, \u2013 prid\u0117jo kapitonas.<\/p>\n\n\n\n<figure class=\"wp-block-image size-large\"><img loading=\"lazy\" decoding=\"async\" width=\"1024\" height=\"683\" src=\"https:\/\/fkzalgiris.lt\/akademija\/wp-content\/uploads\/2025\/06\/504775242_1271469324983627_5835815699145476167_n-1024x683.jpg\" alt=\"\" class=\"wp-image-771\" srcset=\"https:\/\/fkzalgiris.lt\/akademija\/wp-content\/uploads\/2025\/06\/504775242_1271469324983627_5835815699145476167_n-1024x683.jpg 1024w, https:\/\/fkzalgiris.lt\/akademija\/wp-content\/uploads\/2025\/06\/504775242_1271469324983627_5835815699145476167_n-300x200.jpg 300w, https:\/\/fkzalgiris.lt\/akademija\/wp-content\/uploads\/2025\/06\/504775242_1271469324983627_5835815699145476167_n-768x512.jpg 768w, https:\/\/fkzalgiris.lt\/akademija\/wp-content\/uploads\/2025\/06\/504775242_1271469324983627_5835815699145476167_n-1536x1025.jpg 1536w, https:\/\/fkzalgiris.lt\/akademija\/wp-content\/uploads\/2025\/06\/504775242_1271469324983627_5835815699145476167_n.jpg 2048w\" sizes=\"auto, (max-width: 1024px) 100vw, 1024px\" \/><\/figure>\n\n\n\n<p><\/p>\n","protected":false},"excerpt":{"rendered":"<p>Neseniai fini\u0161avo dar vienas emocij\u0173 kupinas jaunimo futbolas sezonas. U-16 \u017ealgirie\u010diams prab\u0117g\u0119s sezonas buvo \u012fsimintinas &#8211; u\u017eimta antroji vieta Elitin\u0117je jauni\u0173 lygoje ir netik\u0117tai pasiektas Baltijos jaunimo lygos finalas. Apie pastaraj\u012f sezon\u0105 savosiomis mintimis pasidalino komandas treneris Ram\u016bnas Radavi\u010dius ir kapitonas Dovydas Eidukaitis. \u201eSezonas \u2013 puikus. Turb\u016bt ir pats, ir jaunimas to nesitik\u0117jome. Iki fantastinio [&hellip;]<\/p>\n","protected":false},"author":3,"featured_media":768,"comment_status":"closed","ping_status":"closed","sticky":false,"template":"","format":"standard","meta":{"footnotes":""},"categories":[1],"tags":[],"class_list":["post-767","post","type-post","status-publish","format-standard","has-post-thumbnail","hentry","category-uncategorized-lt"],"_links":{"self":[{"href":"https:\/\/fkzalgiris.lt\/akademija\/wp-json\/wp\/v2\/posts\/767","targetHints":{"allow":["GET"]}}],"collection":[{"href":"https:\/\/fkzalgiris.lt\/akademija\/wp-json\/wp\/v2\/posts"}],"about":[{"href":"https:\/\/fkzalgiris.lt\/akademija\/wp-json\/wp\/v2\/types\/post"}],"author":[{"embeddable":true,"href":"https:\/\/fkzalgiris.lt\/akademija\/wp-json\/wp\/v2\/users\/3"}],"replies":[{"embeddable":true,"href":"https:\/\/fkzalgiris.lt\/akademija\/wp-json\/wp\/v2\/comments?post=767"}],"version-history":[{"count":8,"href":"https:\/\/fkzalgiris.lt\/akademija\/wp-json\/wp\/v2\/posts\/767\/revisions"}],"predecessor-version":[{"id":782,"href":"https:\/\/fkzalgiris.lt\/akademija\/wp-json\/wp\/v2\/posts\/767\/revisions\/782"}],"wp:featuredmedia":[{"embeddable":true,"href":"https:\/\/fkzalgiris.lt\/akademija\/wp-json\/wp\/v2\/media\/768"}],"wp:attachment":[{"href":"https:\/\/fkzalgiris.lt\/akademija\/wp-json\/wp\/v2\/media?parent=767"}],"wp:term":[{"taxonomy":"category","embeddable":true,"href":"https:\/\/fkzalgiris.lt\/akademija\/wp-json\/wp\/v2\/categories?post=767"},{"taxonomy":"post_tag","embeddable":true,"href":"https:\/\/fkzalgiris.lt\/akademija\/wp-json\/wp\/v2\/tags?post=767"}],"curies":[{"name":"wp","href":"https:\/\/api.w.org\/{rel}","templated":true}]}}